{"id":956,"date":"2012-11-07T08:00:32","date_gmt":"2012-11-07T07:00:32","guid":{"rendered":"http:\/\/www.ulcgt69villefranche.fr\/?p=956"},"modified":"2012-12-07T14:49:48","modified_gmt":"2012-12-07T13:49:48","slug":"protection-sociale","status":"publish","type":"post","link":"http:\/\/www.ulcgt69villefranche.fr\/?p=956","title":{"rendered":"Protection sociale"},"content":{"rendered":"<h1 style=\"text-align: center;\"><a title=\"Vid\u00e9o Protection Sociale\" href=\"http:\/\/www.orgasociaux.cgt.fr\/spip.php?article1167\" target=\"_blank\">La protection sociale<\/a><\/h1>\n<h1 style=\"text-align: center;\"><a title=\"Vid\u00e9o Protection Sociale\" href=\"http:\/\/www.orgasociaux.cgt.fr\/spip.php?article1167\" target=\"_blank\">Un droit \u00e0 reconqu\u00e9rir tous ensemble !!!<\/a><\/h1>\n<p><strong><a title=\"Vid\u00e9o Protection sociale\" href=\"http:\/\/www.orgasociaux.cgt.fr\/spip.php?article1167\" target=\"_blank\">Voir la Vid\u00e9o<\/a><\/strong><\/p>\n<p><span style=\"color: #0000ff;\"><strong><span style=\"text-decoration: underline;\">Lire les rep\u00e8res revendicatifs<\/span> :<\/strong><\/span><\/p>\n<ul>\n<li><a title=\"Fiche N\u00b09 : Droit \u00e0 l'indemnisation du ch\u00f4mage\" href=\"http:\/\/www.ulcgt69villefranche.fr\/wp-content\/uploads\/2012\/11\/fiche_9.pdf\" target=\"_blank\">Fiche N\u00b09 : Droit \u00e0 l&rsquo;indemnisation du ch\u00f4mage<\/a><\/li>\n<li><a title=\"Fiche N\u00b021 : Droit \u00e0 la protection sociale\" href=\"http:\/\/www.ulcgt69villefranche.fr\/wp-content\/uploads\/2012\/11\/fiche_21.pdf\" target=\"_blank\">Fiche N\u00b0 21 : Droit \u00e0 la protection sociale<\/a><\/li>\n<li><a title=\"Fiche N\u00b022 : Droit \u00e0 la sant\u00e9\" href=\"http:\/\/www.ulcgt69villefranche.fr\/wp-content\/uploads\/2012\/11\/fiche_22.pdf\" target=\"_blank\">Fiche N\u00b022 : Droit \u00e0 la sant\u00e9<\/a><\/li>\n<li><a title=\"Fiche N\u00b023 : Droit \u00e0 la retraite\" href=\"http:\/\/www.ulcgt69villefranche.fr\/wp-content\/uploads\/2012\/11\/fiche_23.pdf\" target=\"_blank\">Fiche N\u00b023 : Droit \u00e0 la retraite<\/a><\/li>\n<li><a title=\"Fiche N\u00b024 : Droit \u00e0 une politique familiale solidaire\" href=\"http:\/\/www.ulcgt69villefranche.fr\/wp-content\/uploads\/2012\/11\/fiche_24.pdf\" target=\"_blank\">Fiche N\u00b024 : Droit \u00e0 une politique familiale solidaire<\/a><\/li>\n<\/ul>\n","protected":false},"excerpt":{"rendered":"<p>La protection sociale Un droit \u00e0 reconqu\u00e9rir tous ensemble !!! Voir la Vid\u00e9o Lire les rep\u00e8res revendicatifs : Fiche N\u00b09 : Droit \u00e0 l&rsquo;indemnisation du ch\u00f4mage Fiche N\u00b0 21 : Droit \u00e0 la protection sociale Fiche N\u00b022 : Droit \u00e0 la sant\u00e9 Fiche N\u00b023 : Droit \u00e0 la retraite Fiche N\u00b024 : Droit \u00e0 une [&hellip;]<\/p>\n","protected":false},"author":3,"featured_media":0,"comment_status":"closed","ping_status":"closed","sticky":false,"template":"","format":"standard","meta":[],"categories":[22,19],"tags":[28],"_links":{"self":[{"href":"http:\/\/www.ulcgt69villefranche.fr\/index.php?rest_route=\/wp\/v2\/posts\/956"}],"collection":[{"href":"http:\/\/www.ulcgt69villefranche.fr\/index.php?rest_route=\/wp\/v2\/posts"}],"about":[{"href":"http:\/\/www.ulcgt69villefranche.fr\/index.php?rest_route=\/wp\/v2\/types\/post"}],"author":[{"embeddable":true,"href":"http:\/\/www.ulcgt69villefranche.fr\/index.php?rest_route=\/wp\/v2\/users\/3"}],"replies":[{"embeddable":true,"href":"http:\/\/www.ulcgt69villefranche.fr\/index.php?rest_route=%2Fwp%2Fv2%2Fcomments&post=956"}],"version-history":[{"count":22,"href":"http:\/\/www.ulcgt69villefranche.fr\/index.php?rest_route=\/wp\/v2\/posts\/956\/revisions"}],"predecessor-version":[{"id":1071,"href":"http:\/\/www.ulcgt69villefranche.fr\/index.php?rest_route=\/wp\/v2\/posts\/956\/revisions\/1071"}],"wp:attachment":[{"href":"http:\/\/www.ulcgt69villefranche.fr\/index.php?rest_route=%2Fwp%2Fv2%2Fmedia&parent=956"}],"wp:term":[{"taxonomy":"category","embeddable":true,"href":"http:\/\/www.ulcgt69villefranche.fr\/index.php?rest_route=%2Fwp%2Fv2%2Fcategories&post=956"},{"taxonomy":"post_tag","embeddable":true,"href":"http:\/\/www.ulcgt69villefranche.fr\/index.php?rest_route=%2Fwp%2Fv2%2Ftags&post=956"}],"curies":[{"name":"wp","href":"https:\/\/api.w.org\/{rel}","templated":true}]}}