{"id":930,"date":"2012-11-07T10:00:13","date_gmt":"2012-11-07T09:00:13","guid":{"rendered":"http:\/\/www.ulcgt69villefranche.fr\/?p=930"},"modified":"2012-12-07T14:48:56","modified_gmt":"2012-12-07T13:48:56","slug":"le-14-novembre-2012-on-remet-ca","status":"publish","type":"post","link":"http:\/\/www.ulcgt69villefranche.fr\/?p=930","title":{"rendered":"Le 14 Novembre 2012 : On remet \u00e7a !!!"},"content":{"rendered":"<h1 style=\"text-align: center;\">\u00a0Le 14 Novembre 2012 : On remet \u00e7a !!!<\/h1>\n<p style=\"text-align: justify;\"><strong>\u00a0 \u00a0 \u00a0 \u00a0 \u00a0 Chaque jour, dans toute l\u2019Europe, les politiques d\u2019aust\u00e9rit\u00e9 montrent leurs effets n\u00e9fastes pour les salari\u00e9s, les retrait\u00e9s et les priv\u00e9s d\u2019emploi, pour la croissance et le bien vivre ensemble.<\/strong><\/p>\n<h2 style=\"text-align: center;\"><strong><span style=\"color: #0000ff;\">Comme partout en Europe,<\/span><\/strong><br \/>\n<strong><span style=\"color: #0000ff;\"> pour sortir de l\u2019aust\u00e9rit\u00e9,<\/span><\/strong><br \/>\n<strong><span style=\"color: #0000ff;\"> participons aux manifestations unitaires<\/span><\/strong><\/h2>\n<p><strong><a title=\"Tract de l'UL pour le 14 Novembre\" href=\"http:\/\/www.ulcgt69villefranche.fr\/wp-content\/uploads\/2012\/11\/tract-Villefranche-14-novembre.pdf\" target=\"_blank\">Lire le tract de l&rsquo;UL<\/a>\u00a0 \u00a0 \u00a0 \u00a0 \u00a0 \u00a0 \u00a0 \u00a0 \u00a0 \u00a0 \u00a0 \u00a0 \u00a0 \u00a0 <a title=\"Le flyer pour le 14 Novembre\" href=\"http:\/\/www.ulcgt69villefranche.fr\/wp-content\/uploads\/2012\/11\/Tract-UD-euromanif-du-14-11-12.pdf\" target=\"_blank\">Lire le flyer<\/a><\/strong><\/p>\n<p><strong><a title=\"Tract conf\u00e9d\u00e9ral pour le 14 Novembre\" href=\"http:\/\/www.ulcgt69villefranche.fr\/wp-content\/uploads\/2012\/11\/Mobilisation-du-141112.pdf\" target=\"_blank\">Lire le tract\u00a0conf\u00e9d\u00e9ral<\/a><\/strong><\/p>\n","protected":false},"excerpt":{"rendered":"<p>\u00a0Le 14 Novembre 2012 : On remet \u00e7a !!! \u00a0 \u00a0 \u00a0 \u00a0 \u00a0 Chaque jour, dans toute l\u2019Europe, les politiques d\u2019aust\u00e9rit\u00e9 montrent leurs effets n\u00e9fastes pour les salari\u00e9s, les retrait\u00e9s et les priv\u00e9s d\u2019emploi, pour la croissance et le bien vivre ensemble. Comme partout en Europe, pour sortir de l\u2019aust\u00e9rit\u00e9, participons aux manifestations unitaires [&hellip;]<\/p>\n","protected":false},"author":3,"featured_media":0,"comment_status":"closed","ping_status":"closed","sticky":false,"template":"","format":"standard","meta":[],"categories":[22,6],"tags":[40],"_links":{"self":[{"href":"http:\/\/www.ulcgt69villefranche.fr\/index.php?rest_route=\/wp\/v2\/posts\/930"}],"collection":[{"href":"http:\/\/www.ulcgt69villefranche.fr\/index.php?rest_route=\/wp\/v2\/posts"}],"about":[{"href":"http:\/\/www.ulcgt69villefranche.fr\/index.php?rest_route=\/wp\/v2\/types\/post"}],"author":[{"embeddable":true,"href":"http:\/\/www.ulcgt69villefranche.fr\/index.php?rest_route=\/wp\/v2\/users\/3"}],"replies":[{"embeddable":true,"href":"http:\/\/www.ulcgt69villefranche.fr\/index.php?rest_route=%2Fwp%2Fv2%2Fcomments&post=930"}],"version-history":[{"count":14,"href":"http:\/\/www.ulcgt69villefranche.fr\/index.php?rest_route=\/wp\/v2\/posts\/930\/revisions"}],"predecessor-version":[{"id":1069,"href":"http:\/\/www.ulcgt69villefranche.fr\/index.php?rest_route=\/wp\/v2\/posts\/930\/revisions\/1069"}],"wp:attachment":[{"href":"http:\/\/www.ulcgt69villefranche.fr\/index.php?rest_route=%2Fwp%2Fv2%2Fmedia&parent=930"}],"wp:term":[{"taxonomy":"category","embeddable":true,"href":"http:\/\/www.ulcgt69villefranche.fr\/index.php?rest_route=%2Fwp%2Fv2%2Fcategories&post=930"},{"taxonomy":"post_tag","embeddable":true,"href":"http:\/\/www.ulcgt69villefranche.fr\/index.php?rest_route=%2Fwp%2Fv2%2Ftags&post=930"}],"curies":[{"name":"wp","href":"https:\/\/api.w.org\/{rel}","templated":true}]}}