{"id":902,"date":"2012-11-07T09:00:00","date_gmt":"2012-11-07T08:00:00","guid":{"rendered":"http:\/\/www.ulcgt69villefranche.fr\/?p=902"},"modified":"2012-12-07T14:49:29","modified_gmt":"2012-12-07T13:49:29","slug":"encore-2-camarades-traines-devant-la-justice","status":"publish","type":"post","link":"http:\/\/www.ulcgt69villefranche.fr\/?p=902","title":{"rendered":"Encore 2 camarades train\u00e9s devant la justice"},"content":{"rendered":"<h1 style=\"text-align: justify;\"><a title=\"Tract du 20 Novembre 2012\" href=\"http:\/\/www.ulcgt69villefranche.fr\/wp-content\/uploads\/2012\/11\/tract-ud-20-nov.pdf\" target=\"_blank\"><span style=\"text-decoration: underline;\"><span style=\"color: #ff0000; text-decoration: underline;\">Encore 2 camarades train\u00e9s devant la justice<\/span><\/span><\/a><\/h1>\n<p style=\"text-align: justify;\"><strong>\u00a0 \u00a0 \u00a0 \u00a0 \u00a0 \u00a0 \u00a0Michel Catelin, porte-paroles de l&rsquo;UL de Villefranche ainsi que Pierre Coquan, Secr\u00e9taire de l&rsquo;UD du Rh\u00f4ne sont convoqu\u00e9s\u00a0devant le Tribunal Correctionnel de Villefranche le <span style=\"text-decoration: underline; color: #ff0000;\">20 novembre 2012<\/span><span style=\"color: #000000;\">\u00a0<\/span>\u00e0 17H<span style=\"color: #000000;\">\u00a0<\/span>pour avoir organis\u00e9 une manifestation \u00ab\u00a0sauvage\u00a0\u00bb&#8230;&#8230;ou plut\u00f4t pour avoir organis\u00e9 une manifestation sans en avoir demand\u00e9 l&rsquo;autorisation au pr\u00e9alable !!!<\/strong><\/p>\n<p><strong><a title=\"Tract du 20 Novembre 2012\" href=\"http:\/\/www.ulcgt69villefranche.fr\/wp-content\/uploads\/2012\/11\/tract-ud-20-nov.pdf\" target=\"_blank\">Lire le Tract<\/a><\/strong><\/p>\n<h2 style=\"text-align: center;\"><span style=\"color: #0000ff;\"><strong>Manifestation de soutien \u00e0 Villefranche au d\u00e9part de la Place de la lib\u00e9ration (Place du Promenoir) \u00e0 15H30 pour un rassemblement et une prise de parole devant le Tribunal \u00e0 16H30.<\/strong><\/span><\/h2>\n<p style=\"text-align: justify;\"><strong><!--more--><\/strong><\/p>\n<p style=\"text-align: justify;\"><strong>Apr\u00e8s les poursuites \u00e0 l\u2019encontre des 5 militants de Roanne c\u2019est au tour de deux responsables de la CGT du Rh\u00f4ne, d\u2019\u00eatre convoqu\u00e9s au tribunal correctionnel de Villefranche mardi 20 novembre 2012. Comme pour les 5 de Roanne, les faits remontent au mouvement contre la r\u00e9forme des retraites de 2010 du gouvernement Sarkozy ! <\/strong><\/p>\n<p style=\"text-align: justify;\">Nous avons d\u00e9cid\u00e9 d\u2019en faire un \u00a0point fort de la lutte contre la criminalisation de l&rsquo;action syndicale.<\/p>\n<p style=\"text-align: justify;\"><span style=\"text-decoration: underline;\">Modalit\u00e9 d&rsquo;inscription<\/span> : les UL enregistrent les participants et transmettent le nombre \u00e0 L&rsquo;UD \u00e0 Doroth\u00e9e jusqu&rsquo;au 16 novembre \u00a0midi, \u00a0pour un transport en Bus dont le D\u00e9part est pr\u00e9vu \u00e0 14H00 (gare routi\u00e8re c\u00f4t\u00e9 Villette).<\/p>\n<p style=\"text-align: justify;\">PS : les UL qui le souhaitent, peuvent s&rsquo;organiser diff\u00e9remment il suffit juste de nous le faire savoir.<\/p>\n<p style=\"text-align: justify;\">C\u2019est la responsabilit\u00e9 de chaque militant de cr\u00e9er les conditions pour stopper toute forme de criminalisation de l&rsquo;action syndicale.<\/p>\n<p style=\"text-align: justify;\">Nous comptons sur votre engagement pour faire du 20 novembre une grande mobilisation de soutien \u00e0 Pierre et Michel<\/p>\n","protected":false},"excerpt":{"rendered":"<p>Encore 2 camarades train\u00e9s devant la justice \u00a0 \u00a0 \u00a0 \u00a0 \u00a0 \u00a0 \u00a0Michel Catelin, porte-paroles de l&rsquo;UL de Villefranche ainsi que Pierre Coquan, Secr\u00e9taire de l&rsquo;UD du Rh\u00f4ne sont convoqu\u00e9s\u00a0devant le Tribunal Correctionnel de Villefranche le 20 novembre 2012\u00a0\u00e0 17H\u00a0pour avoir organis\u00e9 une manifestation \u00ab\u00a0sauvage\u00a0\u00bb&#8230;&#8230;ou plut\u00f4t pour avoir organis\u00e9 une manifestation sans en avoir [&hellip;]<\/p>\n","protected":false},"author":3,"featured_media":0,"comment_status":"closed","ping_status":"closed","sticky":false,"template":"","format":"standard","meta":[],"categories":[22,21,6],"tags":[43],"_links":{"self":[{"href":"http:\/\/www.ulcgt69villefranche.fr\/index.php?rest_route=\/wp\/v2\/posts\/902"}],"collection":[{"href":"http:\/\/www.ulcgt69villefranche.fr\/index.php?rest_route=\/wp\/v2\/posts"}],"about":[{"href":"http:\/\/www.ulcgt69villefranche.fr\/index.php?rest_route=\/wp\/v2\/types\/post"}],"author":[{"embeddable":true,"href":"http:\/\/www.ulcgt69villefranche.fr\/index.php?rest_route=\/wp\/v2\/users\/3"}],"replies":[{"embeddable":true,"href":"http:\/\/www.ulcgt69villefranche.fr\/index.php?rest_route=%2Fwp%2Fv2%2Fcomments&post=902"}],"version-history":[{"count":40,"href":"http:\/\/www.ulcgt69villefranche.fr\/index.php?rest_route=\/wp\/v2\/posts\/902\/revisions"}],"predecessor-version":[{"id":1070,"href":"http:\/\/www.ulcgt69villefranche.fr\/index.php?rest_route=\/wp\/v2\/posts\/902\/revisions\/1070"}],"wp:attachment":[{"href":"http:\/\/www.ulcgt69villefranche.fr\/index.php?rest_route=%2Fwp%2Fv2%2Fmedia&parent=902"}],"wp:term":[{"taxonomy":"category","embeddable":true,"href":"http:\/\/www.ulcgt69villefranche.fr\/index.php?rest_route=%2Fwp%2Fv2%2Fcategories&post=902"},{"taxonomy":"post_tag","embeddable":true,"href":"http:\/\/www.ulcgt69villefranche.fr\/index.php?rest_route=%2Fwp%2Fv2%2Ftags&post=902"}],"curies":[{"name":"wp","href":"https:\/\/api.w.org\/{rel}","templated":true}]}}