{"id":877,"date":"2012-10-10T10:24:56","date_gmt":"2012-10-10T08:24:56","guid":{"rendered":"http:\/\/www.ulcgt69villefranche.fr\/?p=877"},"modified":"2012-10-12T16:16:35","modified_gmt":"2012-10-12T14:16:35","slug":"rassemblement-des-retraites-du-11-octobre-2012","status":"publish","type":"post","link":"http:\/\/www.ulcgt69villefranche.fr\/?p=877","title":{"rendered":"Rassemblement des Retrait\u00e9s du 11 Octobre 2012"},"content":{"rendered":"<div>\n<h1 align=\"center\"><strong>Retrait\u00e9(e) et citoyen(ne) \u00e0 part enti\u00e8re<\/strong><\/h1>\n<h1 align=\"center\"><strong>RASSEMBLEMENT ce 11 octobre \u00e0 16h<\/strong><\/h1>\n<h1 align=\"center\"><strong>Place des Arts (S\/Pr\u00e9fecture) Villefranche<\/strong><\/h1>\n<p style=\"text-align: justify;\">Comme tout un chacun avant d\u2019\u00eatre retrait\u00e9 nous avons \u00e9t\u00e9 salari\u00e9s et durant toute cette p\u00e9riode nous avons par notre travail cr\u00e9e des richesses qui ont contribu\u00e9 \u00e0 la vie \u00e9conomique de notre pays mais \u00e9galement permis de verser des retraites et pensions \u00e0 nos anciens. Aujourd\u2019hui\u00a0 retrait\u00e9s nous continuons \u00e0 faire fonctionner le moteur \u00e9conomique de la soci\u00e9t\u00e9 dans son ensemble, c\u2019est la raison pour laquelle nous revendiquons avec force le fait que\u00a0: retrait\u00e9s nous sommes des citoyens \u00e0 part enti\u00e8re dignes de respect et d\u2019int\u00e9r\u00eats.<\/p>\n<p style=\"text-align: justify;\"><em><!--more--><\/em><\/p>\n<p style=\"text-align: justify;\"><em>Assurer une vraie citoyennet\u00e9 aux retrait\u00e9s et \u00e0 leurs familles c\u2019est leur permettre de vivre\u00a0 dignement pour cela il faut\u00a0:<\/em><\/p>\n<p>* Mettre un terme \u00e0 la d\u00e9gradation du pouvoir d\u2019achat des retraites<\/p>\n<p>* Porter le minimum des retraites au niveau du SMIC pour une carri\u00e8re compl\u00e8te.<\/p>\n<p>* Prendre des mesures urgentes de revalorisation des basses retraites<\/p>\n<p style=\"text-align: justify;\"><em>Assurer une vraie citoyennet\u00e9 aux retrait\u00e9s et \u00e0 leurs familles c\u2019est\u00a0:<\/em> avancer vers une prise en charge de la perte d\u2019autonomie par la solidarit\u00e9 nationale dans le cadre de la s\u00e9curit\u00e9 sociale.<\/p>\n<p style=\"text-align: justify;\" align=\"center\"><strong><em>Assurer une vraie citoyennet\u00e9 aux retrait\u00e9s et \u00e0 leur famille c\u2019est<\/em>\u00a0: remettre en cause la hausse vertigineuse des d\u00e9penses de sant\u00e9 (divers forfaits, d\u00e9passements d\u2019honoraires, franchises m\u00e9dicales, compl\u00e9mentaires sant\u00e9\u2026) autant de dispositions qui obligent de nombreux retrait\u00e9s \u00e0 renoncer \u00e0 se soigner. <strong>Nous r\u00e9affirmons avec force que l\u2019acc\u00e8s aux soins est un droit fondamental qui doit \u00eatre effectif pour tous, partout et \u00e0 tout moment.<\/strong><\/strong><\/p>\n<\/div>\n","protected":false},"excerpt":{"rendered":"<p>Retrait\u00e9(e) et citoyen(ne) \u00e0 part enti\u00e8re RASSEMBLEMENT ce 11 octobre \u00e0 16h Place des Arts (S\/Pr\u00e9fecture) Villefranche Comme tout un chacun avant d\u2019\u00eatre retrait\u00e9 nous avons \u00e9t\u00e9 salari\u00e9s et durant toute cette p\u00e9riode nous avons par notre travail cr\u00e9e des richesses qui ont contribu\u00e9 \u00e0 la vie \u00e9conomique de notre pays mais \u00e9galement permis de [&hellip;]<\/p>\n","protected":false},"author":3,"featured_media":0,"comment_status":"closed","ping_status":"closed","sticky":false,"template":"","format":"standard","meta":[],"categories":[22,21,6,42],"tags":[40,48],"_links":{"self":[{"href":"http:\/\/www.ulcgt69villefranche.fr\/index.php?rest_route=\/wp\/v2\/posts\/877"}],"collection":[{"href":"http:\/\/www.ulcgt69villefranche.fr\/index.php?rest_route=\/wp\/v2\/posts"}],"about":[{"href":"http:\/\/www.ulcgt69villefranche.fr\/index.php?rest_route=\/wp\/v2\/types\/post"}],"author":[{"embeddable":true,"href":"http:\/\/www.ulcgt69villefranche.fr\/index.php?rest_route=\/wp\/v2\/users\/3"}],"replies":[{"embeddable":true,"href":"http:\/\/www.ulcgt69villefranche.fr\/index.php?rest_route=%2Fwp%2Fv2%2Fcomments&post=877"}],"version-history":[{"count":5,"href":"http:\/\/www.ulcgt69villefranche.fr\/index.php?rest_route=\/wp\/v2\/posts\/877\/revisions"}],"predecessor-version":[{"id":891,"href":"http:\/\/www.ulcgt69villefranche.fr\/index.php?rest_route=\/wp\/v2\/posts\/877\/revisions\/891"}],"wp:attachment":[{"href":"http:\/\/www.ulcgt69villefranche.fr\/index.php?rest_route=%2Fwp%2Fv2%2Fmedia&parent=877"}],"wp:term":[{"taxonomy":"category","embeddable":true,"href":"http:\/\/www.ulcgt69villefranche.fr\/index.php?rest_route=%2Fwp%2Fv2%2Fcategories&post=877"},{"taxonomy":"post_tag","embeddable":true,"href":"http:\/\/www.ulcgt69villefranche.fr\/index.php?rest_route=%2Fwp%2Fv2%2Ftags&post=877"}],"curies":[{"name":"wp","href":"https:\/\/api.w.org\/{rel}","templated":true}]}}