{"id":860,"date":"2012-09-28T15:05:43","date_gmt":"2012-09-28T13:05:43","guid":{"rendered":"http:\/\/www.ulcgt69villefranche.fr\/?p=860"},"modified":"2012-09-28T15:25:12","modified_gmt":"2012-09-28T13:25:12","slug":"mobilisation-du-9-octobre-2012","status":"publish","type":"post","link":"http:\/\/www.ulcgt69villefranche.fr\/?p=860","title":{"rendered":"Mobilisation du 9 Octobre 2012"},"content":{"rendered":"<h2 style=\"text-align: center;\">Manifestons le 9 octobre 2012 \u00e0 Bordeaux, Clermont-Ferrand, Epinal, Lyon, Marseille, Paris, Rennes, Toulouse pour l\u2019industrie, pour l\u2019emploi, avec une s\u00e9curit\u00e9 sociale professionnelle.<\/h2>\n<p style=\"text-align: center;\"><a title=\"Toutes et tous concern\u00e9s\" href=\"http:\/\/www.ulcgt69villefranche.fr\/wp-content\/uploads\/2012\/09\/240912_tr_91012.pdf\" target=\"_blank\">A LIRE : Toutes et tous concern\u00e9s<\/a><\/p>\n<p style=\"text-align: justify;\">A l\u2019appel de la F\u00e9d\u00e9ration europ\u00e9enne de l\u2019industrie, le 9 octobre repr\u00e9sente une journ\u00e9e europ\u00e9enne d\u2019action pour le d\u00e9veloppement de l\u2019industrie et de l\u2019emploi.<br \/>\nPour la CGT, il n\u2019y a pas de d\u00e9veloppement \u00e9conomique possible dans un d\u00e9sert d\u2019emploi et avec l\u2019aust\u00e9rit\u00e9 propos\u00e9e par le trait\u00e9 europ\u00e9en qui conduirait \u00e0 300 000 ch\u00f4meurs de plus en France en 2013.<br \/>\nC\u2019est tout l\u2019enjeu de la n\u00e9gociation interprofessionnelle sur la s\u00e9curisation de l\u2019emploi qui d\u00e9butera en octobre et sur laquelle la participation massive des salari\u00e9s le 9 octobre p\u00e8sera.<\/p>\n<p style=\"text-align: justify;\"><!--more--><\/p>\n<h3 style=\"text-align: justify;\">\u00a0<\/h3>\n<h3 style=\"text-align: justify;\">L\u2019industrie structure l\u2019activit\u00e9 \u00e9conomique<\/h3>\n<p style=\"text-align: justify;\">Un emploi dans l\u2019industrie g\u00e9n\u00e8re 3 \u00e0 5 emplois dans les services et la sous traitance qui permettent, par la consommation des salari\u00e9s, d\u2019alimenter l\u2019\u00e9conomie, donc le d\u00e9veloppement industriel et l\u2019emploi. La perte de l\u2019industrie alimente donc les suppressions d\u2019emplois directs et indirects.<\/p>\n<p style=\"text-align: justify;\">\u00a0Il faut des droits nouveaux aux salari\u00e9s pour\u00a0:<br \/>\n<img loading=\"lazy\" src=\"http:\/\/www.cgt.fr\/local\/cache-vignettes\/L8xH11\/puce-32883.gif\" alt=\"-\" width=\"8\" height=\"11\" \/>\u00a0des droits suspensifs lors de licenciement et contraindre les entreprises \u00e0 des alternatives \u00e0 ceux-ci\u00a0;<br \/>\n<img loading=\"lazy\" src=\"http:\/\/www.cgt.fr\/local\/cache-vignettes\/L8xH11\/puce-32883.gif\" alt=\"-\" width=\"8\" height=\"11\" \/>\u00a0intervenir et conditionner toutes aides publiques aux politiques salariales et d\u2019emplois\u00a0;<br \/>\n<img loading=\"lazy\" src=\"http:\/\/www.cgt.fr\/local\/cache-vignettes\/L8xH11\/puce-32883.gif\" alt=\"-\" width=\"8\" height=\"11\" \/>\u00a0stopper les suppressions d\u2019emplois et cr\u00e9er de nouveaux postes dans la fonction publique et les services publics\u00a0;<br \/>\n<img loading=\"lazy\" src=\"http:\/\/www.cgt.fr\/local\/cache-vignettes\/L8xH11\/puce-32883.gif\" alt=\"-\" width=\"8\" height=\"11\" \/>\u00a0une repr\u00e9sentation des salari\u00e9s \u00e0 tous les niveaux de d\u00e9cision pour contrebalancer le pouvoir des actionnaires.<\/p>\n<h3 style=\"text-align: justify;\">\u00a0Et si on parlait du co\u00fbt du capital\u00a0?<\/h3>\n<p style=\"text-align: justify;\">Le d\u00e9bat sur la comp\u00e9titivit\u00e9 porte souvent le co\u00fbt du travail comme responsable de la crise conduisant \u00e0 une pression sur les salaires, \u00e0 d\u00e9r\u00e8glementer le march\u00e9 du travail, \u00e0 un transfert de cotisations vers la solidarit\u00e9 et les m\u00e9nages pour financer la protection sociale.<\/p>\n<p style=\"text-align: justify;\">Le travail n\u2019est pas un co\u00fbt mais le seul levier de cr\u00e9ation de la richesse par les salari\u00e9s or, sur 100 euros, 25 vont aux actionnaires. Diviser par deux les dividendes lib\u00e8rerait 120 milliards d\u2019euros en France pour les investissements productifs, la cr\u00e9ation d\u2019emplois, le financement de la protection sociale et la diminution du d\u00e9ficit de l\u2019Etat.<\/p>\n<p style=\"text-align: justify;\">Ce qui co\u00fbte, c\u2019est la strat\u00e9gie et les choix de gestion des entreprises faisant des salari\u00e9s une variable d\u2019ajustement mais aussi qui amputent les efforts n\u00e9cessaires d\u2019anticipation, de formation, de recherche et d\u2019innovation.<\/p>\n<p style=\"text-align: justify;\">Pour relancer l\u2019industrie et l\u2019emploi, mobilisons nous le 9 octobre pour gagner une autre r\u00e9partition des richesses cr\u00e9\u00e9es.<\/p>\n<p style=\"text-align: justify;\">\u00a0Le Medef veut plus de flexibilit\u00e9, nous voulons la S\u00e9curit\u00e9 sociale professionnelle A la demande du gouvernement, une n\u00e9gociation interprofessionnelle \u00ab\u00a0s\u00e9curit\u00e9 de l\u2019emploi\u00a0\u00bb s\u2019ouvrira le 4 octobre. Syndicats et patronat sont appel\u00e9s \u00e0 n\u00e9gocier rapidement sur des sujets majeurs\u00a0:<br \/>\n<img loading=\"lazy\" src=\"http:\/\/www.cgt.fr\/local\/cache-vignettes\/L8xH11\/puce-32883.gif\" alt=\"-\" width=\"8\" height=\"11\" \/>\u00a0la lutte contre la pr\u00e9carit\u00e9 sur le march\u00e9 du travail\u00a0;<br \/>\n<img loading=\"lazy\" src=\"http:\/\/www.cgt.fr\/local\/cache-vignettes\/L8xH11\/puce-32883.gif\" alt=\"-\" width=\"8\" height=\"11\" \/>\u00a0l\u2019anticipation des \u00e9volutions de l\u2019activit\u00e9, de l\u2019emploi et des comp\u00e9tences\u00a0;<br \/>\n<img loading=\"lazy\" src=\"http:\/\/www.cgt.fr\/local\/cache-vignettes\/L8xH11\/puce-32883.gif\" alt=\"-\" width=\"8\" height=\"11\" \/>\u00a0le maintien dans l\u2019emploi face aux difficult\u00e9s conjoncturelles des entreprises\u00a0;<br \/>\n<img loading=\"lazy\" src=\"http:\/\/www.cgt.fr\/local\/cache-vignettes\/L8xH11\/puce-32883.gif\" alt=\"-\" width=\"8\" height=\"11\" \/>\u00a0l\u2019am\u00e9lioration des proc\u00e9dures de licenciements collectifs.<\/p>\n<p style=\"text-align: justify;\">Le Medef entend se saisir de cette n\u00e9gociation pour obtenir plus de souplesse et de flexibilit\u00e9 des contrats de travail, plus de libert\u00e9 pour licencier.<\/p>\n<p style=\"text-align: justify;\">Pour le Medef, il faut accentuer la pression sur les salari\u00e9s et le travail alors m\u00eame que ces vieilles recettes nous conduisent dans l\u2019impasse \u00e9conomique et sociale\u00a0!<\/p>\n<p style=\"text-align: justify;\">Pour la CGT, il faut au contraire se saisir des leviers que comporte cette n\u00e9gociation pour obtenir de nouveaux droits et garanties collectives pour les salari\u00e9s.<\/p>\n<p style=\"text-align: justify;\">Actuellement un salari\u00e9 qui change ou qui perd son emploi perd la quasi-totalit\u00e9 de ses droits. Parce que les droits sont attach\u00e9s \u00e0 l\u2019emploi et d\u00e9pendent notamment de la taille des entreprises. Les ruptures de contrat de travail impliquent pour les salari\u00e9s une perte de revenus importante et tous les droits annexes (ex\u00a0: compl\u00e9mentaire sant\u00e9, droit \u00e0 un cong\u00e9 formation, pr\u00e9voyance, anciennet\u00e9, qualification, droit \u00e0 la retraite\u2026).<br \/>\nChaque ann\u00e9e 7 millions de salari\u00e9s changent de situation ou d\u2019emplois.<br \/>\nLes droits actuels doivent \u00e9voluer pour r\u00e9pondre \u00e0 ces nouveaux besoins de s\u00e9curisation par des droits nouveaux interprofessionnels.<\/p>\n<p style=\"text-align: justify;\">La CGT propose la construction de droits attach\u00e9s \u00e0 la personne cumulables au fil de la carri\u00e8re, transf\u00e9rables d\u2019un employeur \u00e0 un autre. Ils doivent constituer le socle d\u2019un nouveau statut du travail salari\u00e9. Cela passe notamment par la s\u00e9curit\u00e9 sociale professionnelle permettant de garantir le maintien du contrat de travail en cas de suppression de l\u2019emploi, responsabilisant ainsi l\u2019entreprise qui entend licencier. Ces objectifs doivent \u00eatre au c\u0153ur des discussions de la n\u00e9gociation interprofessionnelle \u00e0 venir.<\/p>\n<p style=\"text-align: justify;\">Pour peser sur les n\u00e9gociations et permettre la relance de l\u2019industrie et de l\u2019emploi, votre intervention est n\u00e9cessaire.<\/p>\n<h3 style=\"text-align: justify;\">Le 9 octobre, participez aux manifestations et pour peser durablement sur les choix qui vous concernent, syndiquez vous \u00e0 la CGT.<\/h3>\n<h3>\u00a0<\/h3>\n","protected":false},"excerpt":{"rendered":"<p>Manifestons le 9 octobre 2012 \u00e0 Bordeaux, Clermont-Ferrand, Epinal, Lyon, Marseille, Paris, Rennes, Toulouse pour l\u2019industrie, pour l\u2019emploi, avec une s\u00e9curit\u00e9 sociale professionnelle. A LIRE : Toutes et tous concern\u00e9s A l\u2019appel de la F\u00e9d\u00e9ration europ\u00e9enne de l\u2019industrie, le 9 octobre repr\u00e9sente une journ\u00e9e europ\u00e9enne d\u2019action pour le d\u00e9veloppement de l\u2019industrie et de l\u2019emploi. Pour [&hellip;]<\/p>\n","protected":false},"author":3,"featured_media":0,"comment_status":"closed","ping_status":"closed","sticky":false,"template":"","format":"standard","meta":[],"categories":[22,20,21,19,6],"tags":[41,40,39],"_links":{"self":[{"href":"http:\/\/www.ulcgt69villefranche.fr\/index.php?rest_route=\/wp\/v2\/posts\/860"}],"collection":[{"href":"http:\/\/www.ulcgt69villefranche.fr\/index.php?rest_route=\/wp\/v2\/posts"}],"about":[{"href":"http:\/\/www.ulcgt69villefranche.fr\/index.php?rest_route=\/wp\/v2\/types\/post"}],"author":[{"embeddable":true,"href":"http:\/\/www.ulcgt69villefranche.fr\/index.php?rest_route=\/wp\/v2\/users\/3"}],"replies":[{"embeddable":true,"href":"http:\/\/www.ulcgt69villefranche.fr\/index.php?rest_route=%2Fwp%2Fv2%2Fcomments&post=860"}],"version-history":[{"count":11,"href":"http:\/\/www.ulcgt69villefranche.fr\/index.php?rest_route=\/wp\/v2\/posts\/860\/revisions"}],"predecessor-version":[{"id":869,"href":"http:\/\/www.ulcgt69villefranche.fr\/index.php?rest_route=\/wp\/v2\/posts\/860\/revisions\/869"}],"wp:attachment":[{"href":"http:\/\/www.ulcgt69villefranche.fr\/index.php?rest_route=%2Fwp%2Fv2%2Fmedia&parent=860"}],"wp:term":[{"taxonomy":"category","embeddable":true,"href":"http:\/\/www.ulcgt69villefranche.fr\/index.php?rest_route=%2Fwp%2Fv2%2Fcategories&post=860"},{"taxonomy":"post_tag","embeddable":true,"href":"http:\/\/www.ulcgt69villefranche.fr\/index.php?rest_route=%2Fwp%2Fv2%2Ftags&post=860"}],"curies":[{"name":"wp","href":"https:\/\/api.w.org\/{rel}","templated":true}]}}