{"id":856,"date":"2012-09-28T15:01:20","date_gmt":"2012-09-28T13:01:20","guid":{"rendered":"http:\/\/www.ulcgt69villefranche.fr\/?p=856"},"modified":"2012-10-17T19:45:30","modified_gmt":"2012-10-17T17:45:30","slug":"relaxe-des-5-de-roanne","status":"publish","type":"post","link":"http:\/\/www.ulcgt69villefranche.fr\/?p=856","title":{"rendered":"Relaxe des \u00ab\u00a05 de Roanne\u00a0\u00bb"},"content":{"rendered":"<h1 style=\"text-align: center;\">Cristel, Christian, Jean-Paul, G\u00e9rard et Didier doivent \u00eatre Relax\u00e9s\u00a0!<\/h1>\n<p><!-- fin cartouche --><!-- debut_surligneconditionnel --><\/p>\n<div>\n<h3 style=\"text-align: center;\"><strong>LUNDI 15 OCTOBRE 2012 RASSEMBLEMENT \u2013 MEETING \u00e0 partir de 12h devant le PALAIS de JUSTICE de LYON 23, quai Romain Rolland<\/strong><\/h3>\n<p style=\"text-align: justify;\">Cinq militants CGT de Roanne ont \u00e9t\u00e9 tra\u00een\u00e9s devant la justice par le procureur de la R\u00e9publique de Roanne au seul motif qu\u2019ils avaient exprim\u00e9 leur col\u00e8re contre la r\u00e9forme des retraites de Sarkozy, par des \u00e9crits sur la voie publique.<\/p>\n<p style=\"text-align: justify;\"><!--more--><\/p>\n<p style=\"text-align: justify;\">Alors que les plaintes d\u00e9pos\u00e9es par le sous-pr\u00e9fet et le d\u00e9put\u00e9 UMP ont \u00e9t\u00e9 retir\u00e9es, la justice les a condamn\u00e9s, sur un dossier totalement vide, \u00e0 2000 \u20ac d\u2019amende et l\u2019inscription au casier judiciaire pour <em>\u00ab\u00a0d\u00e9gradation l\u00e9g\u00e8re d\u2019un bien par inscription, signe ou dessin\u00a0\u00bb <\/em>\u00a0! Ils ont fait appel de la d\u00e9cision. La 9\u00e8me chambre correctionnelle de la Cour de Lyon devra se prononcer le 15 octobre sur ce dossier.<\/p>\n<p style=\"text-align: justify;\">D\u00e8s le d\u00e9but, cette affaire, symbole de la criminalisation de l\u2019action syndicale, a soulev\u00e9 un toll\u00e9 d\u2019indignation et de protestation\u00a0! Sous l\u2019impulsion de l\u2019Union Locale CGT de Roanne, un Comit\u00e9 de soutien s\u2019est constitu\u00e9, pr\u00e9sid\u00e9 par Jacky Teillol, grand militant de la lutte contre les discriminations. Ce comit\u00e9 compte plus de 8000 adh\u00e9rents, avec nombre de personnalit\u00e9s politiques, associatifs et syndicales dont Bernard Thibault, secr\u00e9taire g\u00e9n\u00e9ral de la CGT. Tous exigent la relaxe pure et simple des 5 de Roanne\u00a0!<\/p>\n<p style=\"text-align: justify;\">Apr\u00e8s l\u2019\u00e9lection de F. Hollande, un espoir \u00e9tait n\u00e9 avec la promesse du candidat \u00e0 la pr\u00e9sidentielle, de promulguer une loi d\u2019amnistie pour les syndicalistes r\u00e9prim\u00e9s dans leur activit\u00e9. Il n\u2019en sera rien\u00a0!<\/p>\n<p style=\"text-align: justify;\">Pourtant, en r\u00e9tablissant le d\u00e9part \u00e0 la retraite \u00e0 60 ans, le Pr\u00e9sident de la R\u00e9publique a donn\u00e9 raison \u00e0 tous ceux qui ont lutt\u00e9 contre la r\u00e9forme de Sarkozy. Comment peut-il laisser condamner des syndicalistes qui \u00e9taient \u00e0 la pointe de ce combat\u00a0? Ce revirement pr\u00e9sidentiel est incompr\u00e9hensible et pourrait \u00eatre interpr\u00e9t\u00e9 comme un encouragement \u00e0 la politique anti-syndicale ch\u00e8re au patronat\u00a0!<\/p>\n<p style=\"text-align: justify;\">A l\u2019inverse, un signe fort pourrait \u00eatre donn\u00e9 si le Procureur G\u00e9n\u00e9ral de LYON plaidait, au nom du minist\u00e8re public, la relaxe pour les \u00ab\u00a05 de Roanne\u00a0\u00bb.<\/p>\n<p style=\"text-align: justify;\">La Conf\u00e9d\u00e9ration CGT apporte son total soutien \u00e0 nos camarades Cristel, Christian, Jean-Paul, G\u00e9rard et Didier et appelle toutes celles et tous ceux qui le peuvent \u00e0 venir les soutenir.<\/p>\n<\/div>\n","protected":false},"excerpt":{"rendered":"<p>Cristel, Christian, Jean-Paul, G\u00e9rard et Didier doivent \u00eatre Relax\u00e9s\u00a0! LUNDI 15 OCTOBRE 2012 RASSEMBLEMENT \u2013 MEETING \u00e0 partir de 12h devant le PALAIS de JUSTICE de LYON 23, quai Romain Rolland Cinq militants CGT de Roanne ont \u00e9t\u00e9 tra\u00een\u00e9s devant la justice par le procureur de la R\u00e9publique de Roanne au seul motif qu\u2019ils avaient [&hellip;]<\/p>\n","protected":false},"author":3,"featured_media":0,"comment_status":"closed","ping_status":"closed","sticky":false,"template":"","format":"standard","meta":[],"categories":[22,20,21],"tags":[37,38],"_links":{"self":[{"href":"http:\/\/www.ulcgt69villefranche.fr\/index.php?rest_route=\/wp\/v2\/posts\/856"}],"collection":[{"href":"http:\/\/www.ulcgt69villefranche.fr\/index.php?rest_route=\/wp\/v2\/posts"}],"about":[{"href":"http:\/\/www.ulcgt69villefranche.fr\/index.php?rest_route=\/wp\/v2\/types\/post"}],"author":[{"embeddable":true,"href":"http:\/\/www.ulcgt69villefranche.fr\/index.php?rest_route=\/wp\/v2\/users\/3"}],"replies":[{"embeddable":true,"href":"http:\/\/www.ulcgt69villefranche.fr\/index.php?rest_route=%2Fwp%2Fv2%2Fcomments&post=856"}],"version-history":[{"count":7,"href":"http:\/\/www.ulcgt69villefranche.fr\/index.php?rest_route=\/wp\/v2\/posts\/856\/revisions"}],"predecessor-version":[{"id":894,"href":"http:\/\/www.ulcgt69villefranche.fr\/index.php?rest_route=\/wp\/v2\/posts\/856\/revisions\/894"}],"wp:attachment":[{"href":"http:\/\/www.ulcgt69villefranche.fr\/index.php?rest_route=%2Fwp%2Fv2%2Fmedia&parent=856"}],"wp:term":[{"taxonomy":"category","embeddable":true,"href":"http:\/\/www.ulcgt69villefranche.fr\/index.php?rest_route=%2Fwp%2Fv2%2Fcategories&post=856"},{"taxonomy":"post_tag","embeddable":true,"href":"http:\/\/www.ulcgt69villefranche.fr\/index.php?rest_route=%2Fwp%2Fv2%2Ftags&post=856"}],"curies":[{"name":"wp","href":"https:\/\/api.w.org\/{rel}","templated":true}]}}