{"id":736,"date":"2012-07-28T11:05:27","date_gmt":"2012-07-28T09:05:27","guid":{"rendered":"http:\/\/www.ulcgt69villefranche.fr\/?p=736"},"modified":"2012-07-28T11:06:32","modified_gmt":"2012-07-28T09:06:32","slug":"736","status":"publish","type":"post","link":"http:\/\/www.ulcgt69villefranche.fr\/?p=736","title":{"rendered":"Un gros bug au Minist\u00e8re du Travail !!!"},"content":{"rendered":"<h2 align=\"center\"><strong><span style=\"text-decoration: underline;\"><span style=\"color: #ff0000; text-decoration: underline;\">UN GROS BUG AU MINISTERE DU TRAVAIL !!!<\/span><\/span><\/strong><\/h2>\n<p style=\"text-align: justify;\" align=\"center\"><span style=\"color: #000000;\"><strong><em>\u00a0\u00a0\u00a0\u00a0\u00a0\u00a0\u00a0\u00a0\u00a0\u00a0\u00a0\u00a0 Une attitude insultante, m\u00e9prisante, scandaleuse des services du Minist\u00e8re du travail <\/em><\/strong><strong><em>\u00e0 l\u2019encontre des militants syndicaux et \u00e9lus du personnel de l\u2019entreprise ONTEX.<\/em><\/strong><\/span><\/p>\n<p style=\"text-align: justify;\" align=\"center\"><!--more--><\/p>\n<p style=\"text-align: left;\" align=\"center\"><strong>Rappel des faits :<\/strong><\/p>\n<p style=\"text-align: justify;\" align=\"center\">&#8211;\u00a0Le groupe Ontex fait partie de la multinationale am\u00e9ricaine Goldmam Sachs. L\u2019Usine Ontex de Villefranche Sur Sa\u00f4ne \u00e9tait la seule entreprise en France \u00e0 produire des couches b\u00e9b\u00e9 pour l\u2019ensemble des marques distributeurs et hard discount.<\/p>\n<p style=\"text-align: justify;\" align=\"center\">&#8211;\u00a0Ontex\u00a0 r\u00e9alisait des b\u00e9n\u00e9fices au moment de la fermeture du site. Malgr\u00e9 cela Ontex a d\u00e9cid\u00e9 de fermer son entreprise de Villefranche pour motif \u00e9conomique en Mai 2011, avec 187 licenciements, cette fermeture a\u00a0 \u00e9t\u00e9 effective au 3 Aout 2011.<\/p>\n<p style=\"text-align: justify;\">&#8211;\u00a0<strong><em>L\u2019expertise \u00e9conomique r\u00e9alis\u00e9e par le Cabinet Syndex, mandat\u00e9 par le comit\u00e9 d\u2019entreprise, a conclu clairement dans son rapport que le motif \u00e9conomique \u00e9voqu\u00e9 n\u2019existait pas.<\/em><\/strong><\/p>\n<p style=\"text-align: justify;\">&#8211;\u00a0<strong><em>Apr\u00e8s enqu\u00eate l\u2019Inspecteur du Travail a aussi conclu en l\u2019absence de motif \u00e9conomique, et, le 5 d\u00e9cembre 2011 a refus\u00e9 le licenciement des \u00e9lus du personnel.<\/em><\/strong><\/p>\n<p style=\"text-align: justify;\"><strong>L\u2019acharnement !<\/strong><\/p>\n<p style=\"text-align: justify;\">Le 3 f\u00e9vrier 2012 la direction a saisi le minist\u00e8re du travail pour que celui-ci casse la d\u00e9cision de l\u2019inspecteur.<\/p>\n<p>\u00a0<strong>Et alors ?<\/strong><\/p>\n<p style=\"text-align: justify;\">S\u2019en suit un long silence du minist\u00e8re jusqu\u2019au 20 juin o\u00f9 mauvaise surprise les \u00e9lus concern\u00e9s re\u00e7oivent une lettre du minist\u00e8re leur indiquant qu\u2019il rouvrait leurs dossiers et que ceux-ci devaient d\u00e9montrer le motif non \u00e9conomique de leurs licenciements. Les \u00e9lus adressent alors le 26 juin les \u00e9l\u00e9ments n\u00e9cessaires au minist\u00e8re.<\/p>\n<p>\u00a0<strong>21 juillet le scandale !!<\/strong><\/p>\n<p style=\"text-align: justify;\">Par un courrier du minist\u00e8re re\u00e7u ce 21 juillet 2012,\u00a0 les \u00e9lus concern\u00e9s apprennent avec indignation et stupeur qu\u2019en fait depuis le <strong>6 Juin<\/strong> !!!!\u00a0 ils sont licenci\u00e9s !! En effet, depuis le 6 juin le directeur g\u00e9n\u00e9ral du travail a d\u00e9savou\u00e9 son inspecteur et a c\u00e9d\u00e9 \u00e0 la pression du groupe Ontex.<\/p>\n<p>\u00a0<strong>Stupeur, indignation mais aussi questionnement ?<\/strong><\/p>\n<p style=\"text-align: justify;\">\u00a0<strong>1)<\/strong>\u00a0<strong>D\u00e9cision du 6 juin soit la veille des \u00e9lections l\u00e9gislatives !! mais information aux salari\u00e9s le 20 juillet soit apr\u00e8s les \u00e9lections et l\u2019arriv\u00e9e d\u2019un nouveau ministre du travail !! La hargne antisyndicale du pr\u00e9c\u00e9dent Pr\u00e9sident de la R\u00e9publique a-t-elle laiss\u00e9 des traces dans les services ? <\/strong><\/p>\n<p style=\"text-align: justify;\"><strong>2)<\/strong>\u00a0<strong>La direction d\u2019Ontex a-t-elle des entr\u00e9es particuli\u00e8res au minist\u00e8re du travail ?<\/strong><\/p>\n<p style=\"text-align: justify;\"><strong>3)<\/strong>\u00a0<strong>Alert\u00e9 le 22 mai par notre organisation sur l\u2019importance de la d\u00e9cision que prendront ses services\u00a0 le nouveau ministre du travail n\u2019a pas daign\u00e9 nous r\u00e9pondre. Comme il n\u2019a d\u2019ailleurs toujours pas r\u00e9pondu \u00e0 notre courrier du 26 juin sur le m\u00eame sujet\u2026<\/strong><\/p>\n<p style=\"text-align: justify;\"><strong>4)<\/strong>\u00a0<strong>Avec cette d\u00e9cision veut-on faire pression sur le tribunal des prudhommes de Villefranche sur Sa\u00f4ne qui aura \u00e0 statuer sur le motif \u00e9conomique des licenciements ?<\/strong><\/p>\n<p style=\"text-align: justify;\"><a href=\"http:\/\/www.ulcgt69villefranche.fr\/wp-content\/uploads\/2012\/07\/Courrrier-explication.pdf\" target=\"_blank\">Courrier explication<\/a><\/p>\n<p style=\"text-align: justify;\"><a href=\"http:\/\/www.ulcgt69villefranche.fr\/wp-content\/uploads\/2012\/07\/Courrier-du-minsit\u00e8re-du-19-juin-2012.pdf\" target=\"_blank\">Courrier du minsit\u00e8re du 19 juin 2012<\/a><\/p>\n<p style=\"text-align: justify;\"><a href=\"http:\/\/www.ulcgt69villefranche.fr\/wp-content\/uploads\/2012\/07\/Courrier-pr\u00e9sidence-et-Ministre.pdf\" target=\"_blank\">Courrier pr\u00e9sidence et Ministre<\/a><\/p>\n<p style=\"text-align: justify;\"><a href=\"http:\/\/www.ulcgt69villefranche.fr\/wp-content\/uploads\/2012\/07\/Courrier-20-07-2012-d\u00e9cision-06-06-2012.pdf\" target=\"_blank\">Courrier 20 07 2012 d\u00e9cision 06 06 2012<\/a><\/p>\n","protected":false},"excerpt":{"rendered":"<p>UN GROS BUG AU MINISTERE DU TRAVAIL !!! \u00a0\u00a0\u00a0\u00a0\u00a0\u00a0\u00a0\u00a0\u00a0\u00a0\u00a0\u00a0 Une attitude insultante, m\u00e9prisante, scandaleuse des services du Minist\u00e8re du travail \u00e0 l\u2019encontre des militants syndicaux et \u00e9lus du personnel de l\u2019entreprise ONTEX.<\/p>\n","protected":false},"author":3,"featured_media":0,"comment_status":"closed","ping_status":"open","sticky":false,"template":"","format":"standard","meta":[],"categories":[22,21],"tags":[23],"_links":{"self":[{"href":"http:\/\/www.ulcgt69villefranche.fr\/index.php?rest_route=\/wp\/v2\/posts\/736"}],"collection":[{"href":"http:\/\/www.ulcgt69villefranche.fr\/index.php?rest_route=\/wp\/v2\/posts"}],"about":[{"href":"http:\/\/www.ulcgt69villefranche.fr\/index.php?rest_route=\/wp\/v2\/types\/post"}],"author":[{"embeddable":true,"href":"http:\/\/www.ulcgt69villefranche.fr\/index.php?rest_route=\/wp\/v2\/users\/3"}],"replies":[{"embeddable":true,"href":"http:\/\/www.ulcgt69villefranche.fr\/index.php?rest_route=%2Fwp%2Fv2%2Fcomments&post=736"}],"version-history":[{"count":33,"href":"http:\/\/www.ulcgt69villefranche.fr\/index.php?rest_route=\/wp\/v2\/posts\/736\/revisions"}],"predecessor-version":[{"id":782,"href":"http:\/\/www.ulcgt69villefranche.fr\/index.php?rest_route=\/wp\/v2\/posts\/736\/revisions\/782"}],"wp:attachment":[{"href":"http:\/\/www.ulcgt69villefranche.fr\/index.php?rest_route=%2Fwp%2Fv2%2Fmedia&parent=736"}],"wp:term":[{"taxonomy":"category","embeddable":true,"href":"http:\/\/www.ulcgt69villefranche.fr\/index.php?rest_route=%2Fwp%2Fv2%2Fcategories&post=736"},{"taxonomy":"post_tag","embeddable":true,"href":"http:\/\/www.ulcgt69villefranche.fr\/index.php?rest_route=%2Fwp%2Fv2%2Ftags&post=736"}],"curies":[{"name":"wp","href":"https:\/\/api.w.org\/{rel}","templated":true}]}}