{"id":708,"date":"2012-07-20T17:55:54","date_gmt":"2012-07-20T15:55:54","guid":{"rendered":"http:\/\/www.ulcgt69villefranche.fr\/?p=708"},"modified":"2013-03-14T17:19:46","modified_gmt":"2013-03-14T16:19:46","slug":"ontex-un-an-apres-les-salaries-mobilises-derrieres-leurs-delegues","status":"publish","type":"post","link":"http:\/\/www.ulcgt69villefranche.fr\/?p=708","title":{"rendered":"Manifestation de soutien devant la Sous-Pr\u00e9fecture de Villefranche"},"content":{"rendered":"<p style=\"text-align: justify;\"><a href=\"http:\/\/www.ulcgt69villefranche.fr\/wp-content\/uploads\/2012\/07\/Ontex.jpg\" target=\"_blank\"><img loading=\"lazy\" class=\"alignleft size-full wp-image-728\" title=\"Ontex\" src=\"http:\/\/www.ulcgt69villefranche.fr\/wp-content\/uploads\/2012\/07\/Ontex.jpg\" alt=\"\" width=\"567\" height=\"329\" srcset=\"http:\/\/www.ulcgt69villefranche.fr\/wp-content\/uploads\/2012\/07\/Ontex.jpg 567w, http:\/\/www.ulcgt69villefranche.fr\/wp-content\/uploads\/2012\/07\/Ontex-300x174.jpg 300w\" sizes=\"(max-width: 567px) 100vw, 567px\" \/><\/a>\u00a0\u00a0\u00a0\u00a0\u00a0\u00a0\u00a0\u00a0 Le 09\/07\/2012, le jour de l&rsquo;ouverture de la conf\u00e9rence sociale nationale, plus de 100 personnes se sont rassembl\u00e9es devant la sous-pr\u00e9fecture de Villefranche.\u00a0Une d\u00e9l\u00e9gation de l&rsquo;Union Locale CGT a \u00e9t\u00e9 re\u00e7ue par le sous-pr\u00e9fet et a pu l&rsquo;alerter sur plusieurs points concernant les licenci\u00e9s d&rsquo;ONTEX. La direction n&rsquo;a-t-elle pas\u00a0ses entr\u00e9es au minist\u00e8re du Travail ? N&rsquo;y a-t-il pas une certaine hargne antisyndicale, h\u00e9rit\u00e9e du pr\u00e9c\u00e9dent pr\u00e9sident de la r\u00e9publique ?<\/p>\n<p style=\"text-align: justify;\">\u00a0\u00a0\u00a0\u00a0\u00a0\u00a0\u00a0\u00a0 Le premier repr\u00e9sentant de l&rsquo;\u00e9tat sur notre territoire a \u00e9galement \u00e9t\u00e9 interpel\u00e9 sur la restructuration pr\u00e9vue chez DIVERSEY o\u00f9 44 emplois sont menac\u00e9s sur le site de production d&rsquo;Arnas qui pourrait fermer ses portes d&rsquo;ici la fin de l&rsquo;ann\u00e9e.<\/p>\n<h4 style=\"text-align: center;\"><strong><span style=\"text-decoration: underline;\">Pour les ONTEX comme pour les DIVERSEY : On ne l\u00e2che rien !<\/span><\/strong><\/h4>\n<h4 style=\"text-align: center;\"><span style=\"text-decoration: underline;\"><strong><span style=\"text-decoration: underline;\">LA LUTTE CONTINUE<\/span><\/strong><\/span><\/h4>\n","protected":false},"excerpt":{"rendered":"<p>\u00a0\u00a0\u00a0\u00a0\u00a0\u00a0\u00a0\u00a0 Le 09\/07\/2012, le jour de l&rsquo;ouverture de la conf\u00e9rence sociale nationale, plus de 100 personnes se sont rassembl\u00e9es devant la sous-pr\u00e9fecture de Villefranche.\u00a0Une d\u00e9l\u00e9gation de l&rsquo;Union Locale CGT a \u00e9t\u00e9 re\u00e7ue par le sous-pr\u00e9fet et a pu l&rsquo;alerter sur plusieurs points concernant les licenci\u00e9s d&rsquo;ONTEX. La direction n&rsquo;a-t-elle pas\u00a0ses entr\u00e9es au minist\u00e8re du Travail [&hellip;]<\/p>\n","protected":false},"author":3,"featured_media":0,"comment_status":"closed","ping_status":"closed","sticky":false,"template":"","format":"standard","meta":[],"categories":[22,21,6],"tags":[24,23],"_links":{"self":[{"href":"http:\/\/www.ulcgt69villefranche.fr\/index.php?rest_route=\/wp\/v2\/posts\/708"}],"collection":[{"href":"http:\/\/www.ulcgt69villefranche.fr\/index.php?rest_route=\/wp\/v2\/posts"}],"about":[{"href":"http:\/\/www.ulcgt69villefranche.fr\/index.php?rest_route=\/wp\/v2\/types\/post"}],"author":[{"embeddable":true,"href":"http:\/\/www.ulcgt69villefranche.fr\/index.php?rest_route=\/wp\/v2\/users\/3"}],"replies":[{"embeddable":true,"href":"http:\/\/www.ulcgt69villefranche.fr\/index.php?rest_route=%2Fwp%2Fv2%2Fcomments&post=708"}],"version-history":[{"count":21,"href":"http:\/\/www.ulcgt69villefranche.fr\/index.php?rest_route=\/wp\/v2\/posts\/708\/revisions"}],"predecessor-version":[{"id":1147,"href":"http:\/\/www.ulcgt69villefranche.fr\/index.php?rest_route=\/wp\/v2\/posts\/708\/revisions\/1147"}],"wp:attachment":[{"href":"http:\/\/www.ulcgt69villefranche.fr\/index.php?rest_route=%2Fwp%2Fv2%2Fmedia&parent=708"}],"wp:term":[{"taxonomy":"category","embeddable":true,"href":"http:\/\/www.ulcgt69villefranche.fr\/index.php?rest_route=%2Fwp%2Fv2%2Fcategories&post=708"},{"taxonomy":"post_tag","embeddable":true,"href":"http:\/\/www.ulcgt69villefranche.fr\/index.php?rest_route=%2Fwp%2Fv2%2Ftags&post=708"}],"curies":[{"name":"wp","href":"https:\/\/api.w.org\/{rel}","templated":true}]}}