{"id":5899,"date":"2026-04-10T00:53:27","date_gmt":"2026-04-09T22:53:27","guid":{"rendered":"http:\/\/www.ulcgt69villefranche.fr\/?p=5899"},"modified":"2026-04-10T00:59:49","modified_gmt":"2026-04-09T22:59:49","slug":"10-avril-2026-pas-touche-au-1er-mai","status":"publish","type":"post","link":"http:\/\/www.ulcgt69villefranche.fr\/?p=5899","title":{"rendered":"10 Avril 2026 Pas Touche au 1er Mai"},"content":{"rendered":"\n<h1>10 Avril 2026 ALERTE ! Pas touche au 1er Mai<\/h1>\n\n\n\n<h2 class=\"has-text-align-center\">L&rsquo;Union Locale CGT a interpell\u00e9 notre D\u00e9put\u00e9 Mr Portier<\/h2>\n\n\n\n<figure class=\"wp-block-image size-large\"><a href=\"http:\/\/www.ulcgt69villefranche.fr\/wp-content\/uploads\/2026\/04\/Bandeau-1-er-mai.jpg\"><img loading=\"lazy\" width=\"1024\" height=\"582\" src=\"http:\/\/www.ulcgt69villefranche.fr\/wp-content\/uploads\/2026\/04\/Bandeau-1-er-mai-1024x582.jpg\" alt=\"\" class=\"wp-image-5900\" srcset=\"http:\/\/www.ulcgt69villefranche.fr\/wp-content\/uploads\/2026\/04\/Bandeau-1-er-mai-1024x582.jpg 1024w, http:\/\/www.ulcgt69villefranche.fr\/wp-content\/uploads\/2026\/04\/Bandeau-1-er-mai-300x170.jpg 300w, http:\/\/www.ulcgt69villefranche.fr\/wp-content\/uploads\/2026\/04\/Bandeau-1-er-mai-768x436.jpg 768w, http:\/\/www.ulcgt69villefranche.fr\/wp-content\/uploads\/2026\/04\/Bandeau-1-er-mai-1536x873.jpg 1536w, http:\/\/www.ulcgt69villefranche.fr\/wp-content\/uploads\/2026\/04\/Bandeau-1-er-mai.jpg 1936w\" sizes=\"(max-width: 1024px) 100vw, 1024px\" \/><\/a><\/figure>\n\n\n\n<figure class=\"wp-container-2 wp-block-gallery-1 wp-block-gallery has-nested-images columns-default is-cropped\">\n<figure class=\"wp-block-image size-large\"><a href=\"http:\/\/www.ulcgt69villefranche.fr\/wp-content\/uploads\/2026\/04\/ALERTE-Pas-touche-au-1er-Mai-Recto.jpg\"><img loading=\"lazy\" width=\"724\" height=\"1024\" data-id=\"5901\"  src=\"http:\/\/www.ulcgt69villefranche.fr\/wp-content\/uploads\/2026\/04\/ALERTE-Pas-touche-au-1er-Mai-Recto-724x1024.jpg\" alt=\"\" class=\"wp-image-5901\" srcset=\"http:\/\/www.ulcgt69villefranche.fr\/wp-content\/uploads\/2026\/04\/ALERTE-Pas-touche-au-1er-Mai-Recto-724x1024.jpg 724w, http:\/\/www.ulcgt69villefranche.fr\/wp-content\/uploads\/2026\/04\/ALERTE-Pas-touche-au-1er-Mai-Recto-212x300.jpg 212w, http:\/\/www.ulcgt69villefranche.fr\/wp-content\/uploads\/2026\/04\/ALERTE-Pas-touche-au-1er-Mai-Recto-768x1086.jpg 768w, http:\/\/www.ulcgt69villefranche.fr\/wp-content\/uploads\/2026\/04\/ALERTE-Pas-touche-au-1er-Mai-Recto-1086x1536.jpg 1086w, http:\/\/www.ulcgt69villefranche.fr\/wp-content\/uploads\/2026\/04\/ALERTE-Pas-touche-au-1er-Mai-Recto.jpg 1240w\" sizes=\"(max-width: 724px) 100vw, 724px\" \/><\/a><\/figure>\n\n\n\n<figure class=\"wp-block-image size-large\"><a href=\"http:\/\/www.ulcgt69villefranche.fr\/wp-content\/uploads\/2026\/04\/ALERTE-Pas-touche-au-1er-Mai-Verso.jpg\"><img loading=\"lazy\" width=\"724\" height=\"1024\" data-id=\"5902\"  src=\"http:\/\/www.ulcgt69villefranche.fr\/wp-content\/uploads\/2026\/04\/ALERTE-Pas-touche-au-1er-Mai-Verso-724x1024.jpg\" alt=\"\" class=\"wp-image-5902\" srcset=\"http:\/\/www.ulcgt69villefranche.fr\/wp-content\/uploads\/2026\/04\/ALERTE-Pas-touche-au-1er-Mai-Verso-724x1024.jpg 724w, http:\/\/www.ulcgt69villefranche.fr\/wp-content\/uploads\/2026\/04\/ALERTE-Pas-touche-au-1er-Mai-Verso-212x300.jpg 212w, http:\/\/www.ulcgt69villefranche.fr\/wp-content\/uploads\/2026\/04\/ALERTE-Pas-touche-au-1er-Mai-Verso-768x1086.jpg 768w, http:\/\/www.ulcgt69villefranche.fr\/wp-content\/uploads\/2026\/04\/ALERTE-Pas-touche-au-1er-Mai-Verso-1086x1536.jpg 1086w, http:\/\/www.ulcgt69villefranche.fr\/wp-content\/uploads\/2026\/04\/ALERTE-Pas-touche-au-1er-Mai-Verso.jpg 1240w\" sizes=\"(max-width: 724px) 100vw, 724px\" \/><\/a><\/figure>\n<\/figure>\n\n\n\n<p class=\"has-text-align-center\"><strong><a rel=\"noreferrer noopener\" href=\"http:\/\/www.ulcgt69villefranche.fr\/wp-content\/uploads\/2026\/04\/202603_TractALERTE-V69-003.pdf\" target=\"_blank\">ALERTE ! Pas touche au 1er Mai !<\/a><\/strong><\/p>\n","protected":false},"excerpt":{"rendered":"<p>10 Avril 2026 ALERTE ! Pas touche au 1er Mai L&rsquo;Union Locale CGT a interpell\u00e9 notre D\u00e9put\u00e9 Mr Portier ALERTE ! Pas touche au 1er Mai !<\/p>\n","protected":false},"author":7,"featured_media":0,"comment_status":"closed","ping_status":"closed","sticky":false,"template":"","format":"standard","meta":[],"categories":[1],"tags":[],"_links":{"self":[{"href":"http:\/\/www.ulcgt69villefranche.fr\/index.php?rest_route=\/wp\/v2\/posts\/5899"}],"collection":[{"href":"http:\/\/www.ulcgt69villefranche.fr\/index.php?rest_route=\/wp\/v2\/posts"}],"about":[{"href":"http:\/\/www.ulcgt69villefranche.fr\/index.php?rest_route=\/wp\/v2\/types\/post"}],"author":[{"embeddable":true,"href":"http:\/\/www.ulcgt69villefranche.fr\/index.php?rest_route=\/wp\/v2\/users\/7"}],"replies":[{"embeddable":true,"href":"http:\/\/www.ulcgt69villefranche.fr\/index.php?rest_route=%2Fwp%2Fv2%2Fcomments&post=5899"}],"version-history":[{"count":3,"href":"http:\/\/www.ulcgt69villefranche.fr\/index.php?rest_route=\/wp\/v2\/posts\/5899\/revisions"}],"predecessor-version":[{"id":5907,"href":"http:\/\/www.ulcgt69villefranche.fr\/index.php?rest_route=\/wp\/v2\/posts\/5899\/revisions\/5907"}],"wp:attachment":[{"href":"http:\/\/www.ulcgt69villefranche.fr\/index.php?rest_route=%2Fwp%2Fv2%2Fmedia&parent=5899"}],"wp:term":[{"taxonomy":"category","embeddable":true,"href":"http:\/\/www.ulcgt69villefranche.fr\/index.php?rest_route=%2Fwp%2Fv2%2Fcategories&post=5899"},{"taxonomy":"post_tag","embeddable":true,"href":"http:\/\/www.ulcgt69villefranche.fr\/index.php?rest_route=%2Fwp%2Fv2%2Ftags&post=5899"}],"curies":[{"name":"wp","href":"https:\/\/api.w.org\/{rel}","templated":true}]}}