{"id":5893,"date":"2026-03-29T12:10:09","date_gmt":"2026-03-29T10:10:09","guid":{"rendered":"http:\/\/www.ulcgt69villefranche.fr\/?p=5893"},"modified":"2026-03-29T12:10:11","modified_gmt":"2026-03-29T10:10:11","slug":"02-avril-2026-lulsr-de-villefranche-sur-saone-appelle-les-retraite-e-s-a-se-mobiliser","status":"publish","type":"post","link":"http:\/\/www.ulcgt69villefranche.fr\/?p=5893","title":{"rendered":"02 Avril 2026 L&rsquo;ULSR de Villefranche sur Sa\u00f4ne appelle les retrait\u00e9.e.s \u00e0 se mobiliser"},"content":{"rendered":"\n<h1 class=\"has-text-align-center\">02 Avril 2026 L&rsquo;ULSR de Villefranche sur Sa\u00f4ne appelle les retrait\u00e9.e.s et toutes et tous \u00e0 se mobiliser 17H00 Place des Arts<\/h1>\n\n\n<div class=\"wp-block-image\">\n<figure class=\"aligncenter size-large\"><a href=\"http:\/\/www.ulcgt69villefranche.fr\/wp-content\/uploads\/2026\/03\/Les-retraite.es-se-font-entendre-2-Avril-17H-place-des-Arts-Recto.jpg\"><img loading=\"lazy\" width=\"724\" height=\"1024\" src=\"http:\/\/www.ulcgt69villefranche.fr\/wp-content\/uploads\/2026\/03\/Les-retraite.es-se-font-entendre-2-Avril-17H-place-des-Arts-Recto-724x1024.jpg\" alt=\"\" class=\"wp-image-5894\" srcset=\"http:\/\/www.ulcgt69villefranche.fr\/wp-content\/uploads\/2026\/03\/Les-retraite.es-se-font-entendre-2-Avril-17H-place-des-Arts-Recto-724x1024.jpg 724w, http:\/\/www.ulcgt69villefranche.fr\/wp-content\/uploads\/2026\/03\/Les-retraite.es-se-font-entendre-2-Avril-17H-place-des-Arts-Recto-212x300.jpg 212w, http:\/\/www.ulcgt69villefranche.fr\/wp-content\/uploads\/2026\/03\/Les-retraite.es-se-font-entendre-2-Avril-17H-place-des-Arts-Recto-768x1086.jpg 768w, http:\/\/www.ulcgt69villefranche.fr\/wp-content\/uploads\/2026\/03\/Les-retraite.es-se-font-entendre-2-Avril-17H-place-des-Arts-Recto-1087x1536.jpg 1087w, http:\/\/www.ulcgt69villefranche.fr\/wp-content\/uploads\/2026\/03\/Les-retraite.es-se-font-entendre-2-Avril-17H-place-des-Arts-Recto.jpg 1240w\" sizes=\"(max-width: 724px) 100vw, 724px\" \/><\/a><figcaption><a href=\"http:\/\/www.ulcgt69villefranche.fr\/wp-content\/uploads\/2026\/03\/Les-retraite.es-se-font-entendre-2-Avril-17H-place-des-Arts.pdf\" target=\"_blank\" rel=\"noreferrer noopener\">Les retrait\u00e9.es se font entendre 2 Avril 17H place des Arts<\/a><\/figcaption><\/figure><\/div>\n\n<div class=\"wp-block-image\">\n<figure class=\"aligncenter size-large\"><a href=\"http:\/\/www.ulcgt69villefranche.fr\/wp-content\/uploads\/2026\/03\/Les-retraite.es-se-font-entendre-2-Avril-17H-place-des-Arts-Verso.jpg\"><img loading=\"lazy\" width=\"724\" height=\"1024\" src=\"http:\/\/www.ulcgt69villefranche.fr\/wp-content\/uploads\/2026\/03\/Les-retraite.es-se-font-entendre-2-Avril-17H-place-des-Arts-Verso-724x1024.jpg\" alt=\"\" class=\"wp-image-5895\" srcset=\"http:\/\/www.ulcgt69villefranche.fr\/wp-content\/uploads\/2026\/03\/Les-retraite.es-se-font-entendre-2-Avril-17H-place-des-Arts-Verso-724x1024.jpg 724w, http:\/\/www.ulcgt69villefranche.fr\/wp-content\/uploads\/2026\/03\/Les-retraite.es-se-font-entendre-2-Avril-17H-place-des-Arts-Verso-212x300.jpg 212w, http:\/\/www.ulcgt69villefranche.fr\/wp-content\/uploads\/2026\/03\/Les-retraite.es-se-font-entendre-2-Avril-17H-place-des-Arts-Verso-768x1086.jpg 768w, http:\/\/www.ulcgt69villefranche.fr\/wp-content\/uploads\/2026\/03\/Les-retraite.es-se-font-entendre-2-Avril-17H-place-des-Arts-Verso-1087x1536.jpg 1087w, http:\/\/www.ulcgt69villefranche.fr\/wp-content\/uploads\/2026\/03\/Les-retraite.es-se-font-entendre-2-Avril-17H-place-des-Arts-Verso.jpg 1240w\" sizes=\"(max-width: 724px) 100vw, 724px\" \/><\/a><figcaption><a href=\"http:\/\/www.ulcgt69villefranche.fr\/wp-content\/uploads\/2026\/03\/Les-retraite.es-se-font-entendre-2-Avril-17H-place-des-Arts.pdf\" target=\"_blank\" rel=\"noreferrer noopener\">Les retrait\u00e9.es se font entendre 2 Avril 17H place des Arts<\/a><\/figcaption><\/figure><\/div>","protected":false},"excerpt":{"rendered":"<p>02 Avril 2026 L&rsquo;ULSR de Villefranche sur Sa\u00f4ne appelle les retrait\u00e9.e.s et toutes et tous \u00e0 se mobiliser 17H00 Place des Arts<\/p>\n","protected":false},"author":7,"featured_media":0,"comment_status":"closed","ping_status":"closed","sticky":false,"template":"","format":"standard","meta":[],"categories":[1],"tags":[],"_links":{"self":[{"href":"http:\/\/www.ulcgt69villefranche.fr\/index.php?rest_route=\/wp\/v2\/posts\/5893"}],"collection":[{"href":"http:\/\/www.ulcgt69villefranche.fr\/index.php?rest_route=\/wp\/v2\/posts"}],"about":[{"href":"http:\/\/www.ulcgt69villefranche.fr\/index.php?rest_route=\/wp\/v2\/types\/post"}],"author":[{"embeddable":true,"href":"http:\/\/www.ulcgt69villefranche.fr\/index.php?rest_route=\/wp\/v2\/users\/7"}],"replies":[{"embeddable":true,"href":"http:\/\/www.ulcgt69villefranche.fr\/index.php?rest_route=%2Fwp%2Fv2%2Fcomments&post=5893"}],"version-history":[{"count":1,"href":"http:\/\/www.ulcgt69villefranche.fr\/index.php?rest_route=\/wp\/v2\/posts\/5893\/revisions"}],"predecessor-version":[{"id":5897,"href":"http:\/\/www.ulcgt69villefranche.fr\/index.php?rest_route=\/wp\/v2\/posts\/5893\/revisions\/5897"}],"wp:attachment":[{"href":"http:\/\/www.ulcgt69villefranche.fr\/index.php?rest_route=%2Fwp%2Fv2%2Fmedia&parent=5893"}],"wp:term":[{"taxonomy":"category","embeddable":true,"href":"http:\/\/www.ulcgt69villefranche.fr\/index.php?rest_route=%2Fwp%2Fv2%2Fcategories&post=5893"},{"taxonomy":"post_tag","embeddable":true,"href":"http:\/\/www.ulcgt69villefranche.fr\/index.php?rest_route=%2Fwp%2Fv2%2Ftags&post=5893"}],"curies":[{"name":"wp","href":"https:\/\/api.w.org\/{rel}","templated":true}]}}