{"id":5886,"date":"2026-02-27T10:57:22","date_gmt":"2026-02-27T09:57:22","guid":{"rendered":"http:\/\/www.ulcgt69villefranche.fr\/?p=5886"},"modified":"2026-02-27T10:57:24","modified_gmt":"2026-02-27T09:57:24","slug":"27-fevrier-2026-face-a-la-multiplication-des-violences-dextreme-droite-proteger-les-libertes-proteger-le-monde-du-travail","status":"publish","type":"post","link":"http:\/\/www.ulcgt69villefranche.fr\/?p=5886","title":{"rendered":"27 F\u00e9vrier 2026 Face \u00e0 la multiplication des violences d&rsquo;extr\u00eame droite prot\u00e9ger les libert\u00e9s, prot\u00e9ger le monde du travail"},"content":{"rendered":"\n<h1 class=\"has-text-align-center\">27 F\u00e9vrier 2026 Relations Presse Conf\u00e9d\u00e9rales Prot\u00e9ger les libert\u00e9s, prot\u00e9ger le monde du travail<\/h1>\n\n\n<div class=\"wp-block-image\">\n<figure class=\"aligncenter size-large\"><a href=\"http:\/\/www.ulcgt69villefranche.fr\/wp-content\/uploads\/2026\/02\/Face-a-la-multiplication-des-violences-dextreme-droite-proteger-les-libertes-proteger-le-monde-du-travail-recto.jpg\"><img loading=\"lazy\" width=\"724\" height=\"1024\" src=\"http:\/\/www.ulcgt69villefranche.fr\/wp-content\/uploads\/2026\/02\/Face-a-la-multiplication-des-violences-dextreme-droite-proteger-les-libertes-proteger-le-monde-du-travail-recto-724x1024.jpg\" alt=\"\" class=\"wp-image-5888\" srcset=\"http:\/\/www.ulcgt69villefranche.fr\/wp-content\/uploads\/2026\/02\/Face-a-la-multiplication-des-violences-dextreme-droite-proteger-les-libertes-proteger-le-monde-du-travail-recto-724x1024.jpg 724w, http:\/\/www.ulcgt69villefranche.fr\/wp-content\/uploads\/2026\/02\/Face-a-la-multiplication-des-violences-dextreme-droite-proteger-les-libertes-proteger-le-monde-du-travail-recto-212x300.jpg 212w, http:\/\/www.ulcgt69villefranche.fr\/wp-content\/uploads\/2026\/02\/Face-a-la-multiplication-des-violences-dextreme-droite-proteger-les-libertes-proteger-le-monde-du-travail-recto-768x1086.jpg 768w, http:\/\/www.ulcgt69villefranche.fr\/wp-content\/uploads\/2026\/02\/Face-a-la-multiplication-des-violences-dextreme-droite-proteger-les-libertes-proteger-le-monde-du-travail-recto-1086x1536.jpg 1086w, http:\/\/www.ulcgt69villefranche.fr\/wp-content\/uploads\/2026\/02\/Face-a-la-multiplication-des-violences-dextreme-droite-proteger-les-libertes-proteger-le-monde-du-travail-recto.jpg 1240w\" sizes=\"(max-width: 724px) 100vw, 724px\" \/><\/a><\/figure><\/div>\n\n<div class=\"wp-block-image\">\n<figure class=\"aligncenter size-large\"><a href=\"http:\/\/www.ulcgt69villefranche.fr\/wp-content\/uploads\/2026\/02\/Face-a-la-multiplication-des-violences-dextreme-droite-proteger-les-libertes-proteger-le-monde-du-travail-verso.jpg\"><img loading=\"lazy\" width=\"724\" height=\"1024\" src=\"http:\/\/www.ulcgt69villefranche.fr\/wp-content\/uploads\/2026\/02\/Face-a-la-multiplication-des-violences-dextreme-droite-proteger-les-libertes-proteger-le-monde-du-travail-verso-724x1024.jpg\" alt=\"\" class=\"wp-image-5889\" srcset=\"http:\/\/www.ulcgt69villefranche.fr\/wp-content\/uploads\/2026\/02\/Face-a-la-multiplication-des-violences-dextreme-droite-proteger-les-libertes-proteger-le-monde-du-travail-verso-724x1024.jpg 724w, http:\/\/www.ulcgt69villefranche.fr\/wp-content\/uploads\/2026\/02\/Face-a-la-multiplication-des-violences-dextreme-droite-proteger-les-libertes-proteger-le-monde-du-travail-verso-212x300.jpg 212w, http:\/\/www.ulcgt69villefranche.fr\/wp-content\/uploads\/2026\/02\/Face-a-la-multiplication-des-violences-dextreme-droite-proteger-les-libertes-proteger-le-monde-du-travail-verso-768x1086.jpg 768w, http:\/\/www.ulcgt69villefranche.fr\/wp-content\/uploads\/2026\/02\/Face-a-la-multiplication-des-violences-dextreme-droite-proteger-les-libertes-proteger-le-monde-du-travail-verso-1086x1536.jpg 1086w, http:\/\/www.ulcgt69villefranche.fr\/wp-content\/uploads\/2026\/02\/Face-a-la-multiplication-des-violences-dextreme-droite-proteger-les-libertes-proteger-le-monde-du-travail-verso.jpg 1240w\" sizes=\"(max-width: 724px) 100vw, 724px\" \/><\/a><figcaption><strong><a href=\"http:\/\/www.ulcgt69villefranche.fr\/wp-content\/uploads\/2026\/02\/Face-a-la-multiplicatgion-des-violences-dextreme-droite-proteger-les-libertes-proteger-le-monde-du-travail.pdf\" target=\"_blank\" rel=\"noreferrer noopener\">Face \u00e0 la multiplication des violences d&rsquo;extr\u00eame droite prot\u00e9ger les libert\u00e9s, prot\u00e9ger le monde du travail<\/a><\/strong><\/figcaption><\/figure><\/div>","protected":false},"excerpt":{"rendered":"<p>27 F\u00e9vrier 2026 Relations Presse Conf\u00e9d\u00e9rales Prot\u00e9ger les libert\u00e9s, prot\u00e9ger le monde du travail<\/p>\n","protected":false},"author":7,"featured_media":0,"comment_status":"closed","ping_status":"closed","sticky":false,"template":"","format":"standard","meta":[],"categories":[1],"tags":[],"_links":{"self":[{"href":"http:\/\/www.ulcgt69villefranche.fr\/index.php?rest_route=\/wp\/v2\/posts\/5886"}],"collection":[{"href":"http:\/\/www.ulcgt69villefranche.fr\/index.php?rest_route=\/wp\/v2\/posts"}],"about":[{"href":"http:\/\/www.ulcgt69villefranche.fr\/index.php?rest_route=\/wp\/v2\/types\/post"}],"author":[{"embeddable":true,"href":"http:\/\/www.ulcgt69villefranche.fr\/index.php?rest_route=\/wp\/v2\/users\/7"}],"replies":[{"embeddable":true,"href":"http:\/\/www.ulcgt69villefranche.fr\/index.php?rest_route=%2Fwp%2Fv2%2Fcomments&post=5886"}],"version-history":[{"count":2,"href":"http:\/\/www.ulcgt69villefranche.fr\/index.php?rest_route=\/wp\/v2\/posts\/5886\/revisions"}],"predecessor-version":[{"id":5891,"href":"http:\/\/www.ulcgt69villefranche.fr\/index.php?rest_route=\/wp\/v2\/posts\/5886\/revisions\/5891"}],"wp:attachment":[{"href":"http:\/\/www.ulcgt69villefranche.fr\/index.php?rest_route=%2Fwp%2Fv2%2Fmedia&parent=5886"}],"wp:term":[{"taxonomy":"category","embeddable":true,"href":"http:\/\/www.ulcgt69villefranche.fr\/index.php?rest_route=%2Fwp%2Fv2%2Fcategories&post=5886"},{"taxonomy":"post_tag","embeddable":true,"href":"http:\/\/www.ulcgt69villefranche.fr\/index.php?rest_route=%2Fwp%2Fv2%2Ftags&post=5886"}],"curies":[{"name":"wp","href":"https:\/\/api.w.org\/{rel}","templated":true}]}}