{"id":5882,"date":"2026-02-22T14:52:10","date_gmt":"2026-02-22T13:52:10","guid":{"rendered":"http:\/\/www.ulcgt69villefranche.fr\/?p=5882"},"modified":"2026-02-22T14:52:11","modified_gmt":"2026-02-22T13:52:11","slug":"08-mars-2026-journee-internationale-des-droits-des-femmes","status":"publish","type":"post","link":"http:\/\/www.ulcgt69villefranche.fr\/?p=5882","title":{"rendered":"08 Mars 2026 Journ\u00e9e internationale des droits des femmes"},"content":{"rendered":"\n<h1>07 Mars 2026 Journ\u00e9e internationale des droits des femmes<\/h1>\n\n\n\n<p><\/p>\n\n\n<div class=\"wp-block-image\">\n<figure class=\"aligncenter size-large\"><a href=\"http:\/\/www.ulcgt69villefranche.fr\/wp-content\/uploads\/2026\/02\/Visuel-8-mars_def_logoCGT_-scaled.jpg\"><img loading=\"lazy\" width=\"819\" height=\"1024\" src=\"http:\/\/www.ulcgt69villefranche.fr\/wp-content\/uploads\/2026\/02\/Visuel-8-mars_def_logoCGT_-819x1024.jpg\" alt=\"\" class=\"wp-image-5883\" srcset=\"http:\/\/www.ulcgt69villefranche.fr\/wp-content\/uploads\/2026\/02\/Visuel-8-mars_def_logoCGT_-819x1024.jpg 819w, http:\/\/www.ulcgt69villefranche.fr\/wp-content\/uploads\/2026\/02\/Visuel-8-mars_def_logoCGT_-240x300.jpg 240w, http:\/\/www.ulcgt69villefranche.fr\/wp-content\/uploads\/2026\/02\/Visuel-8-mars_def_logoCGT_-768x960.jpg 768w, http:\/\/www.ulcgt69villefranche.fr\/wp-content\/uploads\/2026\/02\/Visuel-8-mars_def_logoCGT_-1229x1536.jpg 1229w, http:\/\/www.ulcgt69villefranche.fr\/wp-content\/uploads\/2026\/02\/Visuel-8-mars_def_logoCGT_-1638x2048.jpg 1638w, http:\/\/www.ulcgt69villefranche.fr\/wp-content\/uploads\/2026\/02\/Visuel-8-mars_def_logoCGT_-scaled.jpg 2048w\" sizes=\"(max-width: 819px) 100vw, 819px\" \/><\/a><figcaption><strong><a href=\"http:\/\/www.ulcgt69villefranche.fr\/wp-content\/uploads\/2026\/02\/Visuel-8-mars_def_logoCGT_.pdf\" target=\"_blank\" rel=\"noreferrer noopener\">Journ\u00e9e internationale des droits des femmes<\/a><\/strong><\/figcaption><\/figure><\/div>\n\n\n<p><\/p>\n\n\n\n<h1 class=\"has-text-align-center\">08 Mars 2026 UD CGT Lyon Manifestation \u00e0 15h00 depuis la place Jean Mac\u00e9<\/h1>\n","protected":false},"excerpt":{"rendered":"<p>07 Mars 2026 Journ\u00e9e internationale des droits des femmes 08 Mars 2026 UD CGT Lyon Manifestation \u00e0 15h00 depuis la place Jean Mac\u00e9<\/p>\n","protected":false},"author":7,"featured_media":0,"comment_status":"closed","ping_status":"closed","sticky":false,"template":"","format":"standard","meta":[],"categories":[1],"tags":[],"_links":{"self":[{"href":"http:\/\/www.ulcgt69villefranche.fr\/index.php?rest_route=\/wp\/v2\/posts\/5882"}],"collection":[{"href":"http:\/\/www.ulcgt69villefranche.fr\/index.php?rest_route=\/wp\/v2\/posts"}],"about":[{"href":"http:\/\/www.ulcgt69villefranche.fr\/index.php?rest_route=\/wp\/v2\/types\/post"}],"author":[{"embeddable":true,"href":"http:\/\/www.ulcgt69villefranche.fr\/index.php?rest_route=\/wp\/v2\/users\/7"}],"replies":[{"embeddable":true,"href":"http:\/\/www.ulcgt69villefranche.fr\/index.php?rest_route=%2Fwp%2Fv2%2Fcomments&post=5882"}],"version-history":[{"count":2,"href":"http:\/\/www.ulcgt69villefranche.fr\/index.php?rest_route=\/wp\/v2\/posts\/5882\/revisions"}],"predecessor-version":[{"id":5885,"href":"http:\/\/www.ulcgt69villefranche.fr\/index.php?rest_route=\/wp\/v2\/posts\/5882\/revisions\/5885"}],"wp:attachment":[{"href":"http:\/\/www.ulcgt69villefranche.fr\/index.php?rest_route=%2Fwp%2Fv2%2Fmedia&parent=5882"}],"wp:term":[{"taxonomy":"category","embeddable":true,"href":"http:\/\/www.ulcgt69villefranche.fr\/index.php?rest_route=%2Fwp%2Fv2%2Fcategories&post=5882"},{"taxonomy":"post_tag","embeddable":true,"href":"http:\/\/www.ulcgt69villefranche.fr\/index.php?rest_route=%2Fwp%2Fv2%2Ftags&post=5882"}],"curies":[{"name":"wp","href":"https:\/\/api.w.org\/{rel}","templated":true}]}}