{"id":5875,"date":"2026-02-10T17:11:40","date_gmt":"2026-02-10T16:11:40","guid":{"rendered":"http:\/\/www.ulcgt69villefranche.fr\/?p=5875"},"modified":"2026-02-10T17:11:42","modified_gmt":"2026-02-10T16:11:42","slug":"10-fevrier-2026-commission-executive-confederale-de-la-cgt","status":"publish","type":"post","link":"http:\/\/www.ulcgt69villefranche.fr\/?p=5875","title":{"rendered":"10 F\u00e9vrier 2026 Commission Ex\u00e9cutive Conf\u00e9d\u00e9rale de la CGT"},"content":{"rendered":"\n<h1>10 F\u00e9vrier 2026 Commission Ex\u00e9cutive Conf\u00e9d\u00e9rale de la CGT \u00e0 l&rsquo;attention de Jean-Luc M\u00e9lenchon<\/h1>\n\n\n\n<figure class=\"wp-container-2 wp-block-gallery-1 wp-block-gallery has-nested-images columns-default is-cropped\">\n<figure class=\"wp-block-image size-large\"><a href=\"http:\/\/www.ulcgt69villefranche.fr\/wp-content\/uploads\/2026\/02\/Declaration-Commission-Executive-Confederale-Recto.jpg\"><img loading=\"lazy\" width=\"725\" height=\"1024\" data-id=\"5877\"  src=\"http:\/\/www.ulcgt69villefranche.fr\/wp-content\/uploads\/2026\/02\/Declaration-Commission-Executive-Confederale-Recto-725x1024.jpg\" alt=\"\" class=\"wp-image-5877\" srcset=\"http:\/\/www.ulcgt69villefranche.fr\/wp-content\/uploads\/2026\/02\/Declaration-Commission-Executive-Confederale-Recto-725x1024.jpg 725w, http:\/\/www.ulcgt69villefranche.fr\/wp-content\/uploads\/2026\/02\/Declaration-Commission-Executive-Confederale-Recto-212x300.jpg 212w, http:\/\/www.ulcgt69villefranche.fr\/wp-content\/uploads\/2026\/02\/Declaration-Commission-Executive-Confederale-Recto-768x1085.jpg 768w, http:\/\/www.ulcgt69villefranche.fr\/wp-content\/uploads\/2026\/02\/Declaration-Commission-Executive-Confederale-Recto-1087x1536.jpg 1087w, http:\/\/www.ulcgt69villefranche.fr\/wp-content\/uploads\/2026\/02\/Declaration-Commission-Executive-Confederale-Recto.jpg 1241w\" sizes=\"(max-width: 725px) 100vw, 725px\" \/><\/a><figcaption><a href=\"http:\/\/www.ulcgt69villefranche.fr\/wp-content\/uploads\/2026\/02\/Declaration-Commission-Executive-Confederale.pdf\" target=\"_blank\" rel=\"noreferrer noopener\">D\u00e9claration Commission Ex\u00e9cutive Conf\u00e9d\u00e9rale<\/a><\/figcaption><\/figure>\n\n\n\n<figure class=\"wp-block-image size-large\"><a href=\"http:\/\/www.ulcgt69villefranche.fr\/wp-content\/uploads\/2026\/02\/Declaration-Commission-Executive-Confederale-Verso.jpg\"><img loading=\"lazy\" width=\"725\" height=\"1024\" data-id=\"5876\"  src=\"http:\/\/www.ulcgt69villefranche.fr\/wp-content\/uploads\/2026\/02\/Declaration-Commission-Executive-Confederale-Verso-725x1024.jpg\" alt=\"\" class=\"wp-image-5876\" srcset=\"http:\/\/www.ulcgt69villefranche.fr\/wp-content\/uploads\/2026\/02\/Declaration-Commission-Executive-Confederale-Verso-725x1024.jpg 725w, http:\/\/www.ulcgt69villefranche.fr\/wp-content\/uploads\/2026\/02\/Declaration-Commission-Executive-Confederale-Verso-212x300.jpg 212w, http:\/\/www.ulcgt69villefranche.fr\/wp-content\/uploads\/2026\/02\/Declaration-Commission-Executive-Confederale-Verso-768x1085.jpg 768w, http:\/\/www.ulcgt69villefranche.fr\/wp-content\/uploads\/2026\/02\/Declaration-Commission-Executive-Confederale-Verso-1087x1536.jpg 1087w, http:\/\/www.ulcgt69villefranche.fr\/wp-content\/uploads\/2026\/02\/Declaration-Commission-Executive-Confederale-Verso.jpg 1241w\" sizes=\"(max-width: 725px) 100vw, 725px\" \/><\/a><figcaption><a href=\"http:\/\/www.ulcgt69villefranche.fr\/wp-content\/uploads\/2026\/02\/Declaration-Commission-Executive-Confederale.pdf\" target=\"_blank\" rel=\"noreferrer noopener\">D\u00e9claration Commission Ex\u00e9cutive Conf\u00e9d\u00e9rale<\/a><\/figcaption><\/figure>\n<\/figure>\n\n\n\n<p><\/p>\n","protected":false},"excerpt":{"rendered":"<p>10 F\u00e9vrier 2026 Commission Ex\u00e9cutive Conf\u00e9d\u00e9rale de la CGT \u00e0 l&rsquo;attention de Jean-Luc M\u00e9lenchon<\/p>\n","protected":false},"author":7,"featured_media":0,"comment_status":"closed","ping_status":"closed","sticky":false,"template":"","format":"standard","meta":[],"categories":[1],"tags":[],"_links":{"self":[{"href":"http:\/\/www.ulcgt69villefranche.fr\/index.php?rest_route=\/wp\/v2\/posts\/5875"}],"collection":[{"href":"http:\/\/www.ulcgt69villefranche.fr\/index.php?rest_route=\/wp\/v2\/posts"}],"about":[{"href":"http:\/\/www.ulcgt69villefranche.fr\/index.php?rest_route=\/wp\/v2\/types\/post"}],"author":[{"embeddable":true,"href":"http:\/\/www.ulcgt69villefranche.fr\/index.php?rest_route=\/wp\/v2\/users\/7"}],"replies":[{"embeddable":true,"href":"http:\/\/www.ulcgt69villefranche.fr\/index.php?rest_route=%2Fwp%2Fv2%2Fcomments&post=5875"}],"version-history":[{"count":1,"href":"http:\/\/www.ulcgt69villefranche.fr\/index.php?rest_route=\/wp\/v2\/posts\/5875\/revisions"}],"predecessor-version":[{"id":5879,"href":"http:\/\/www.ulcgt69villefranche.fr\/index.php?rest_route=\/wp\/v2\/posts\/5875\/revisions\/5879"}],"wp:attachment":[{"href":"http:\/\/www.ulcgt69villefranche.fr\/index.php?rest_route=%2Fwp%2Fv2%2Fmedia&parent=5875"}],"wp:term":[{"taxonomy":"category","embeddable":true,"href":"http:\/\/www.ulcgt69villefranche.fr\/index.php?rest_route=%2Fwp%2Fv2%2Fcategories&post=5875"},{"taxonomy":"post_tag","embeddable":true,"href":"http:\/\/www.ulcgt69villefranche.fr\/index.php?rest_route=%2Fwp%2Fv2%2Ftags&post=5875"}],"curies":[{"name":"wp","href":"https:\/\/api.w.org\/{rel}","templated":true}]}}