{"id":5780,"date":"2025-12-15T11:16:39","date_gmt":"2025-12-15T10:16:39","guid":{"rendered":"http:\/\/www.ulcgt69villefranche.fr\/?p=5780"},"modified":"2025-12-15T11:16:40","modified_gmt":"2025-12-15T10:16:40","slug":"les-rats-quittent-le-navire-pas-la-cgt","status":"publish","type":"post","link":"http:\/\/www.ulcgt69villefranche.fr\/?p=5780","title":{"rendered":"Les rats quittent le navire pas la cgt"},"content":{"rendered":"\n<h1>15 D\u00e9cembre 2025 Quand on s&rsquo;attaque \u00e0 un camarade, c&rsquo;est toute la CGT qui se sent attaqu\u00e9e !<\/h1>\n\n\n\n<figure class=\"wp-block-image size-large\"><a href=\"http:\/\/www.ulcgt69villefranche.fr\/wp-content\/uploads\/2025\/12\/1000020001.jpg\"><img loading=\"lazy\" width=\"819\" height=\"1024\" src=\"http:\/\/www.ulcgt69villefranche.fr\/wp-content\/uploads\/2025\/12\/1000020001-819x1024.jpg\" alt=\"\" class=\"wp-image-5781\" srcset=\"http:\/\/www.ulcgt69villefranche.fr\/wp-content\/uploads\/2025\/12\/1000020001-819x1024.jpg 819w, http:\/\/www.ulcgt69villefranche.fr\/wp-content\/uploads\/2025\/12\/1000020001-240x300.jpg 240w, http:\/\/www.ulcgt69villefranche.fr\/wp-content\/uploads\/2025\/12\/1000020001-768x960.jpg 768w, http:\/\/www.ulcgt69villefranche.fr\/wp-content\/uploads\/2025\/12\/1000020001-1228x1536.jpg 1228w, http:\/\/www.ulcgt69villefranche.fr\/wp-content\/uploads\/2025\/12\/1000020001.jpg 1350w\" sizes=\"(max-width: 819px) 100vw, 819px\" \/><\/a><\/figure>\n\n\n\n<p><\/p>\n\n\n\n<p><\/p>\n\n\n\n<h2><a href=\"https:\/\/www.change.org\/p\/soutenir-sophie-binet-face-%C3%A0-sa-mise-en-examen?recruiter=73282536&amp;recruited_by_id=4aac7290-0081-4f39-9209-272fd5831b62&amp;utm_source=share_petition&amp;utm_campaign=psf_promote_or_share&amp;utm_term=psf&amp;utm_medium=facebook&amp;utm_content=fht-490909540-fr-fr%3A3&amp;fbclid=IwVERDUAOsvs5leHRuA2FlbQIxMABzcnRjBmFwcF9pZAwzNTA2ODU1MzE3MjgAAR5MfS0dkujxVZfv_AuvLhcUnoR_VWKvk-oqiVdBImLCetsAb9Jm1BnDuigwZA_aem_pMXNxg0mVmmgt2S7cncWuQ\" target=\"_blank\" rel=\"noreferrer noopener\">P\u00e9tition : Soutenir Sophie Binet face \u00e0 sa mise en examen <\/a><\/h2>\n\n\n\n<p><\/p>\n","protected":false},"excerpt":{"rendered":"<p>15 D\u00e9cembre 2025 Quand on s&rsquo;attaque \u00e0 un camarade, c&rsquo;est toute la CGT qui se sent attaqu\u00e9e ! P\u00e9tition : Soutenir Sophie Binet face \u00e0 sa mise en examen<\/p>\n","protected":false},"author":7,"featured_media":0,"comment_status":"closed","ping_status":"closed","sticky":false,"template":"","format":"standard","meta":[],"categories":[1],"tags":[],"_links":{"self":[{"href":"http:\/\/www.ulcgt69villefranche.fr\/index.php?rest_route=\/wp\/v2\/posts\/5780"}],"collection":[{"href":"http:\/\/www.ulcgt69villefranche.fr\/index.php?rest_route=\/wp\/v2\/posts"}],"about":[{"href":"http:\/\/www.ulcgt69villefranche.fr\/index.php?rest_route=\/wp\/v2\/types\/post"}],"author":[{"embeddable":true,"href":"http:\/\/www.ulcgt69villefranche.fr\/index.php?rest_route=\/wp\/v2\/users\/7"}],"replies":[{"embeddable":true,"href":"http:\/\/www.ulcgt69villefranche.fr\/index.php?rest_route=%2Fwp%2Fv2%2Fcomments&post=5780"}],"version-history":[{"count":1,"href":"http:\/\/www.ulcgt69villefranche.fr\/index.php?rest_route=\/wp\/v2\/posts\/5780\/revisions"}],"predecessor-version":[{"id":5782,"href":"http:\/\/www.ulcgt69villefranche.fr\/index.php?rest_route=\/wp\/v2\/posts\/5780\/revisions\/5782"}],"wp:attachment":[{"href":"http:\/\/www.ulcgt69villefranche.fr\/index.php?rest_route=%2Fwp%2Fv2%2Fmedia&parent=5780"}],"wp:term":[{"taxonomy":"category","embeddable":true,"href":"http:\/\/www.ulcgt69villefranche.fr\/index.php?rest_route=%2Fwp%2Fv2%2Fcategories&post=5780"},{"taxonomy":"post_tag","embeddable":true,"href":"http:\/\/www.ulcgt69villefranche.fr\/index.php?rest_route=%2Fwp%2Fv2%2Ftags&post=5780"}],"curies":[{"name":"wp","href":"https:\/\/api.w.org\/{rel}","templated":true}]}}