{"id":5775,"date":"2025-11-28T20:03:42","date_gmt":"2025-11-28T19:03:42","guid":{"rendered":"http:\/\/www.ulcgt69villefranche.fr\/?p=5775"},"modified":"2025-11-28T20:03:43","modified_gmt":"2025-11-28T19:03:43","slug":"jeudi-4-decembre-2025-un-conflit-social-en-milieu-rural-corico-a-monsols","status":"publish","type":"post","link":"http:\/\/www.ulcgt69villefranche.fr\/?p=5775","title":{"rendered":"Jeudi 4 D\u00e9cembre 2025 Un conflit social en milieu rural : CORICO \u00e0 Monsols"},"content":{"rendered":"\n<h1>Jeudi 4 D\u00e9cembre 2025 \u00e0 18h00 Information des luttes historiques avec la Conf\u00e9rence  de l&rsquo;Association Les Amis de la Soci\u00e9t\u00e9 populaire<\/h1>\n\n\n<p>A Monsols, entre 1975 et les ann\u00e9es 2000, les ouvriers de l&rsquo;usine Corico ont men\u00e9, avec l&rsquo;aide de la CGT, une lutte exemplaire contre une direction hostile dans le contexte d&rsquo;un milieu tr\u00e8s rural.<\/p>\n<p><a href=\"http:\/\/www.ulcgt69villefranche.fr\/wp-content\/uploads\/2025\/11\/Un-conflit-social-en-milieur-rural-CORICO-a-Monsols.jpg\"><img loading=\"lazy\" class=\" wp-image-5776 aligncenter\" src=\"http:\/\/www.ulcgt69villefranche.fr\/wp-content\/uploads\/2025\/11\/Un-conflit-social-en-milieur-rural-CORICO-a-Monsols-300x270.jpg\" alt=\"\" width=\"751\" height=\"676\" srcset=\"http:\/\/www.ulcgt69villefranche.fr\/wp-content\/uploads\/2025\/11\/Un-conflit-social-en-milieur-rural-CORICO-a-Monsols-300x270.jpg 300w, http:\/\/www.ulcgt69villefranche.fr\/wp-content\/uploads\/2025\/11\/Un-conflit-social-en-milieur-rural-CORICO-a-Monsols.jpg 763w\" sizes=\"(max-width: 751px) 100vw, 751px\" \/><\/a><\/p>","protected":false},"excerpt":{"rendered":"<p>Jeudi 4 D\u00e9cembre 2025 \u00e0 18h00 Information des luttes historiques avec la Conf\u00e9rence de l&rsquo;Association Les Amis de la Soci\u00e9t\u00e9 populaire A Monsols, entre 1975 et les ann\u00e9es 2000, les ouvriers de l&rsquo;usine Corico ont men\u00e9, avec l&rsquo;aide de la CGT, une lutte exemplaire contre une direction hostile dans le contexte d&rsquo;un milieu tr\u00e8s rural.<\/p>\n","protected":false},"author":7,"featured_media":0,"comment_status":"closed","ping_status":"closed","sticky":false,"template":"","format":"standard","meta":[],"categories":[1],"tags":[],"_links":{"self":[{"href":"http:\/\/www.ulcgt69villefranche.fr\/index.php?rest_route=\/wp\/v2\/posts\/5775"}],"collection":[{"href":"http:\/\/www.ulcgt69villefranche.fr\/index.php?rest_route=\/wp\/v2\/posts"}],"about":[{"href":"http:\/\/www.ulcgt69villefranche.fr\/index.php?rest_route=\/wp\/v2\/types\/post"}],"author":[{"embeddable":true,"href":"http:\/\/www.ulcgt69villefranche.fr\/index.php?rest_route=\/wp\/v2\/users\/7"}],"replies":[{"embeddable":true,"href":"http:\/\/www.ulcgt69villefranche.fr\/index.php?rest_route=%2Fwp%2Fv2%2Fcomments&post=5775"}],"version-history":[{"count":1,"href":"http:\/\/www.ulcgt69villefranche.fr\/index.php?rest_route=\/wp\/v2\/posts\/5775\/revisions"}],"predecessor-version":[{"id":5777,"href":"http:\/\/www.ulcgt69villefranche.fr\/index.php?rest_route=\/wp\/v2\/posts\/5775\/revisions\/5777"}],"wp:attachment":[{"href":"http:\/\/www.ulcgt69villefranche.fr\/index.php?rest_route=%2Fwp%2Fv2%2Fmedia&parent=5775"}],"wp:term":[{"taxonomy":"category","embeddable":true,"href":"http:\/\/www.ulcgt69villefranche.fr\/index.php?rest_route=%2Fwp%2Fv2%2Fcategories&post=5775"},{"taxonomy":"post_tag","embeddable":true,"href":"http:\/\/www.ulcgt69villefranche.fr\/index.php?rest_route=%2Fwp%2Fv2%2Ftags&post=5775"}],"curies":[{"name":"wp","href":"https:\/\/api.w.org\/{rel}","templated":true}]}}