{"id":5652,"date":"2025-09-24T23:09:24","date_gmt":"2025-09-24T21:09:24","guid":{"rendered":"http:\/\/www.ulcgt69villefranche.fr\/?p=5652"},"modified":"2025-09-29T19:48:45","modified_gmt":"2025-09-29T17:48:45","slug":"02-octobre-2025-manifestation-intersyndicale","status":"publish","type":"post","link":"http:\/\/www.ulcgt69villefranche.fr\/?p=5652","title":{"rendered":"02 Octobre 2025 Manifestation Intersyndicale"},"content":{"rendered":"\n<h1>02 Octobre 2025 Journ\u00e9e de mobilisation intersyndicale sur l&rsquo;ensemble du territoire par la gr\u00e8ve et la manifestation<\/h1>\n\n\n\n<h1 class=\"has-text-align-center\">L&rsquo;Union Locale CGT vous donne rendez-vous \u00e0 17h00 Place de la Lib\u00e9ration (du Promenoir)<\/h1>\n\n\n<div class=\"wp-block-image\">\n<figure class=\"aligncenter size-large\"><a href=\"http:\/\/www.ulcgt69villefranche.fr\/wp-content\/uploads\/2025\/09\/4096-2304-max-scaled.jpg\"><img loading=\"lazy\" width=\"1024\" height=\"576\" src=\"http:\/\/www.ulcgt69villefranche.fr\/wp-content\/uploads\/2025\/09\/4096-2304-max-1024x576.jpg\" alt=\"\" class=\"wp-image-5654\" srcset=\"http:\/\/www.ulcgt69villefranche.fr\/wp-content\/uploads\/2025\/09\/4096-2304-max-1024x576.jpg 1024w, http:\/\/www.ulcgt69villefranche.fr\/wp-content\/uploads\/2025\/09\/4096-2304-max-300x169.jpg 300w, http:\/\/www.ulcgt69villefranche.fr\/wp-content\/uploads\/2025\/09\/4096-2304-max-768x432.jpg 768w, http:\/\/www.ulcgt69villefranche.fr\/wp-content\/uploads\/2025\/09\/4096-2304-max-1536x864.jpg 1536w, http:\/\/www.ulcgt69villefranche.fr\/wp-content\/uploads\/2025\/09\/4096-2304-max-2048x1152.jpg 2048w\" sizes=\"(max-width: 1024px) 100vw, 1024px\" \/><\/a><\/figure><\/div>\n\n\n<h1 class=\"has-text-align-center\">              Budget 2026 : Pas question de passer \u00e0 la caisse !<\/h1>\n\n\n\n<figure class=\"wp-container-2 wp-block-gallery-1 wp-block-gallery has-nested-images columns-default is-cropped\">\n<figure class=\"wp-block-image size-large\"><a href=\"http:\/\/www.ulcgt69villefranche.fr\/wp-content\/uploads\/2025\/09\/20250924_Tract_CGT_2-OCT-complete-final.jpg\"><img loading=\"lazy\" width=\"724\" height=\"1024\" data-id=\"5653\"  src=\"http:\/\/www.ulcgt69villefranche.fr\/wp-content\/uploads\/2025\/09\/20250924_Tract_CGT_2-OCT-complete-final-724x1024.jpg\" alt=\"\" class=\"wp-image-5653\" srcset=\"http:\/\/www.ulcgt69villefranche.fr\/wp-content\/uploads\/2025\/09\/20250924_Tract_CGT_2-OCT-complete-final-724x1024.jpg 724w, http:\/\/www.ulcgt69villefranche.fr\/wp-content\/uploads\/2025\/09\/20250924_Tract_CGT_2-OCT-complete-final-212x300.jpg 212w, http:\/\/www.ulcgt69villefranche.fr\/wp-content\/uploads\/2025\/09\/20250924_Tract_CGT_2-OCT-complete-final-768x1086.jpg 768w, http:\/\/www.ulcgt69villefranche.fr\/wp-content\/uploads\/2025\/09\/20250924_Tract_CGT_2-OCT-complete-final-1086x1536.jpg 1086w, http:\/\/www.ulcgt69villefranche.fr\/wp-content\/uploads\/2025\/09\/20250924_Tract_CGT_2-OCT-complete-final.jpg 1240w\" sizes=\"(max-width: 724px) 100vw, 724px\" \/><\/a><figcaption><a href=\"http:\/\/www.ulcgt69villefranche.fr\/wp-content\/uploads\/2025\/09\/20250924_Tract_CGT_2-OCT-complete-final.pdf\" target=\"_blank\" rel=\"noreferrer noopener\">Tract national (format pdf)<\/a><\/figcaption><\/figure>\n<\/figure>\n\n\n<div class=\"wp-block-image\">\n<figure class=\"aligncenter size-large\"><a href=\"http:\/\/www.ulcgt69villefranche.fr\/wp-content\/uploads\/2025\/09\/Tract-02-10-2025.jpg\"><img loading=\"lazy\" width=\"609\" height=\"1024\" src=\"http:\/\/www.ulcgt69villefranche.fr\/wp-content\/uploads\/2025\/09\/Tract-02-10-2025-609x1024.jpg\" alt=\"\" class=\"wp-image-5658\" srcset=\"http:\/\/www.ulcgt69villefranche.fr\/wp-content\/uploads\/2025\/09\/Tract-02-10-2025-609x1024.jpg 609w, http:\/\/www.ulcgt69villefranche.fr\/wp-content\/uploads\/2025\/09\/Tract-02-10-2025-179x300.jpg 179w, http:\/\/www.ulcgt69villefranche.fr\/wp-content\/uploads\/2025\/09\/Tract-02-10-2025.jpg 757w\" sizes=\"(max-width: 609px) 100vw, 609px\" \/><\/a><figcaption><a href=\"http:\/\/www.ulcgt69villefranche.fr\/wp-content\/uploads\/2025\/09\/Tract-02-10-2025.pdf\" target=\"_blank\" rel=\"noreferrer noopener\">Tract (format pdf)<\/a><\/figcaption><\/figure><\/div>\n\n<div class=\"wp-block-image\">\n<figure class=\"aligncenter size-large\"><a href=\"http:\/\/www.ulcgt69villefranche.fr\/wp-content\/uploads\/2025\/09\/affiche-intersyndicale-2-octobre-haute-def.png\"><img loading=\"lazy\" width=\"724\" height=\"1024\" src=\"http:\/\/www.ulcgt69villefranche.fr\/wp-content\/uploads\/2025\/09\/affiche-intersyndicale-2-octobre-haute-def-724x1024.png\" alt=\"\" class=\"wp-image-5661\" srcset=\"http:\/\/www.ulcgt69villefranche.fr\/wp-content\/uploads\/2025\/09\/affiche-intersyndicale-2-octobre-haute-def-724x1024.png 724w, http:\/\/www.ulcgt69villefranche.fr\/wp-content\/uploads\/2025\/09\/affiche-intersyndicale-2-octobre-haute-def-212x300.png 212w, http:\/\/www.ulcgt69villefranche.fr\/wp-content\/uploads\/2025\/09\/affiche-intersyndicale-2-octobre-haute-def-768x1086.png 768w, http:\/\/www.ulcgt69villefranche.fr\/wp-content\/uploads\/2025\/09\/affiche-intersyndicale-2-octobre-haute-def-1086x1536.png 1086w, http:\/\/www.ulcgt69villefranche.fr\/wp-content\/uploads\/2025\/09\/affiche-intersyndicale-2-octobre-haute-def-1448x2048.png 1448w\" sizes=\"(max-width: 724px) 100vw, 724px\" \/><\/a><\/figure><\/div>","protected":false},"excerpt":{"rendered":"<p>02 Octobre 2025 Journ\u00e9e de mobilisation intersyndicale sur l&rsquo;ensemble du territoire par la gr\u00e8ve et la manifestation L&rsquo;Union Locale CGT vous donne rendez-vous \u00e0 17h00 Place de la Lib\u00e9ration (du Promenoir) Budget 2026 : Pas question de passer \u00e0 la caisse !<\/p>\n","protected":false},"author":7,"featured_media":0,"comment_status":"closed","ping_status":"closed","sticky":false,"template":"","format":"standard","meta":[],"categories":[1],"tags":[],"_links":{"self":[{"href":"http:\/\/www.ulcgt69villefranche.fr\/index.php?rest_route=\/wp\/v2\/posts\/5652"}],"collection":[{"href":"http:\/\/www.ulcgt69villefranche.fr\/index.php?rest_route=\/wp\/v2\/posts"}],"about":[{"href":"http:\/\/www.ulcgt69villefranche.fr\/index.php?rest_route=\/wp\/v2\/types\/post"}],"author":[{"embeddable":true,"href":"http:\/\/www.ulcgt69villefranche.fr\/index.php?rest_route=\/wp\/v2\/users\/7"}],"replies":[{"embeddable":true,"href":"http:\/\/www.ulcgt69villefranche.fr\/index.php?rest_route=%2Fwp%2Fv2%2Fcomments&post=5652"}],"version-history":[{"count":3,"href":"http:\/\/www.ulcgt69villefranche.fr\/index.php?rest_route=\/wp\/v2\/posts\/5652\/revisions"}],"predecessor-version":[{"id":5662,"href":"http:\/\/www.ulcgt69villefranche.fr\/index.php?rest_route=\/wp\/v2\/posts\/5652\/revisions\/5662"}],"wp:attachment":[{"href":"http:\/\/www.ulcgt69villefranche.fr\/index.php?rest_route=%2Fwp%2Fv2%2Fmedia&parent=5652"}],"wp:term":[{"taxonomy":"category","embeddable":true,"href":"http:\/\/www.ulcgt69villefranche.fr\/index.php?rest_route=%2Fwp%2Fv2%2Fcategories&post=5652"},{"taxonomy":"post_tag","embeddable":true,"href":"http:\/\/www.ulcgt69villefranche.fr\/index.php?rest_route=%2Fwp%2Fv2%2Ftags&post=5652"}],"curies":[{"name":"wp","href":"https:\/\/api.w.org\/{rel}","templated":true}]}}