{"id":5592,"date":"2025-09-04T20:18:33","date_gmt":"2025-09-04T18:18:33","guid":{"rendered":"http:\/\/www.ulcgt69villefranche.fr\/?p=5592"},"modified":"2025-09-16T19:50:20","modified_gmt":"2025-09-16T17:50:20","slug":"18-septembre-2025-manifestation","status":"publish","type":"post","link":"http:\/\/www.ulcgt69villefranche.fr\/?p=5592","title":{"rendered":"18 Septembre 2025 Manifestation"},"content":{"rendered":"\n<h1 class=\"has-text-align-center\">18 Septembre 2025 Journ\u00e9e de mobilisation sur l&rsquo;ensemble du territoire par la gr\u00e8ve et la manifestation<\/h1>\n\n\n\n<h1 class=\"has-text-align-center\">L&rsquo;Union Locale CGT vous donne rendez-vous \u00e0 17h00 Place de la Lib\u00e9ration <\/h1>\n\n\n<div class=\"wp-block-image\">\n<figure class=\"aligncenter size-large\"><a href=\"http:\/\/www.ulcgt69villefranche.fr\/wp-content\/uploads\/2025\/09\/Manifestation-du-18-Septembre-2025-intersyndicale.jpg\"><img loading=\"lazy\" width=\"1024\" height=\"680\" src=\"http:\/\/www.ulcgt69villefranche.fr\/wp-content\/uploads\/2025\/09\/Manifestation-du-18-Septembre-2025-intersyndicale-1024x680.jpg\" alt=\"\" class=\"wp-image-5611\" srcset=\"http:\/\/www.ulcgt69villefranche.fr\/wp-content\/uploads\/2025\/09\/Manifestation-du-18-Septembre-2025-intersyndicale-1024x680.jpg 1024w, http:\/\/www.ulcgt69villefranche.fr\/wp-content\/uploads\/2025\/09\/Manifestation-du-18-Septembre-2025-intersyndicale-300x199.jpg 300w, http:\/\/www.ulcgt69villefranche.fr\/wp-content\/uploads\/2025\/09\/Manifestation-du-18-Septembre-2025-intersyndicale-768x510.jpg 768w, http:\/\/www.ulcgt69villefranche.fr\/wp-content\/uploads\/2025\/09\/Manifestation-du-18-Septembre-2025-intersyndicale.jpg 1118w\" sizes=\"(max-width: 1024px) 100vw, 1024px\" \/><\/a><\/figure><\/div>\n\n<div class=\"field-node--body field-body body parag-sep\">\n<div class=\"field field-node--body field-name-body field-type-text-with-summary field-label-hidden\">\n<div class=\"field-items\">\n<div class=\"field-item\">\n<p>Le mus\u00e9e des horreurs du projet de budget doit \u00eatre abandonn\u00e9. Les exigences sociales doivent \u00eatre enfin prises en compte !<\/p>\n<p>Nous voulons :<\/p>\n<ul>\n<li>des moyens budg\u00e9taires \u00e0 la hauteur des missions des services et des politiques publiques ;<\/li>\n<li>des mesures pour lutter contre la pr\u00e9carit\u00e9 et renforcer la solidarit\u00e9 ;<\/li>\n<li>des investissements dans une transition \u00e9cologique juste et la r\u00e9industrialisation de la France et des mesures contre les licenciements ;<\/li>\n<li>la justice fiscale, avec la mise en place de dispositifs qui taxent les gros patrimoines et les tr\u00e8s hauts revenus, contraignent le versement des dividendes et conditionnent fortement les aides aux entreprises ;<\/li>\n<li>une protection sociale de haut niveau et l\u2019abandon de la retraite \u00e0 64 ans.<\/li>\n<\/ul>\n<p><strong>Nous appelons les travailleuses et les travailleurs \u00e0 se mobiliser massivement pour changer la donne et gagner des avanc\u00e9es !<\/strong>&nbsp;Nos organisations restent en contact, conviennent de se revoir apr\u00e8s cette journ\u00e9e de mobilisation et de gr\u00e8ve et se r\u00e9servent la possibilit\u00e9 de prendre toute initiative n\u00e9cessaire.<\/p>\n<\/div>\n<\/div>\n<\/div>\n<\/div>\n<div>&nbsp;<\/div>\n<div>&nbsp;<\/div>\n\n\n<h1 class=\"has-text-align-center\"><a href=\"https:\/\/www.bfmtv.com\/lyon\/replay-emissions\/bonjour-lyon\/video-18-septembre-deux-rassemblements-deja-annonces-dans-le-rhone_VN-202509110247.html?fbclid=IwY2xjawMvp-tleHRuA2FlbQIxMQBicmlkETFJZzFzV0hKaTRtOUFhdlJZAR51I5PYjcYWRE9cbKx9jrF1DUFNs1nMrEj3ln4WNWKfmzjHvMRHU_M62_Q2zQ_aem_db92BnQy1Nok1qpeCVj2xg\" target=\"_blank\" rel=\"noreferrer noopener\">18 septembre : Deux rassemblements d\u00e9j\u00e0 annonc\u00e9s dans le Rh\u00f4ne<\/a><\/h1>\n\n\n\n<figure class=\"wp-container-2 wp-block-gallery-1 wp-block-gallery has-nested-images columns-default is-cropped\">\n<figure class=\"wp-block-image size-large\"><a href=\"http:\/\/www.ulcgt69villefranche.fr\/wp-content\/uploads\/2025\/09\/Tract-UL-CGT-10-septembre-2025-Recto-1.jpg\"><img loading=\"lazy\" width=\"724\" height=\"1024\" data-id=\"5606\"  src=\"http:\/\/www.ulcgt69villefranche.fr\/wp-content\/uploads\/2025\/09\/Tract-UL-CGT-10-septembre-2025-Recto-1-724x1024.jpg\" alt=\"\" class=\"wp-image-5606\" srcset=\"http:\/\/www.ulcgt69villefranche.fr\/wp-content\/uploads\/2025\/09\/Tract-UL-CGT-10-septembre-2025-Recto-1-724x1024.jpg 724w, http:\/\/www.ulcgt69villefranche.fr\/wp-content\/uploads\/2025\/09\/Tract-UL-CGT-10-septembre-2025-Recto-1-212x300.jpg 212w, http:\/\/www.ulcgt69villefranche.fr\/wp-content\/uploads\/2025\/09\/Tract-UL-CGT-10-septembre-2025-Recto-1-768x1086.jpg 768w, http:\/\/www.ulcgt69villefranche.fr\/wp-content\/uploads\/2025\/09\/Tract-UL-CGT-10-septembre-2025-Recto-1-1086x1536.jpg 1086w, http:\/\/www.ulcgt69villefranche.fr\/wp-content\/uploads\/2025\/09\/Tract-UL-CGT-10-septembre-2025-Recto-1.jpg 1240w\" sizes=\"(max-width: 724px) 100vw, 724px\" \/><\/a><figcaption><strong><em><a href=\"http:\/\/www.ulcgt69villefranche.fr\/wp-content\/uploads\/2025\/09\/Tract-UL-CGT-10-septembre-2025-1.pdf\" target=\"_blank\" rel=\"noreferrer noopener\">Tract (Format PDF)<\/a><\/em><\/strong><\/figcaption><\/figure>\n\n\n\n<figure class=\"wp-block-image size-large\"><a href=\"http:\/\/www.ulcgt69villefranche.fr\/wp-content\/uploads\/2025\/09\/Tract-UL-CGT-10-septembre-2025-Verso-1.jpg\"><img loading=\"lazy\" width=\"724\" height=\"1024\" data-id=\"5607\"  src=\"http:\/\/www.ulcgt69villefranche.fr\/wp-content\/uploads\/2025\/09\/Tract-UL-CGT-10-septembre-2025-Verso-1-724x1024.jpg\" alt=\"\" class=\"wp-image-5607\" srcset=\"http:\/\/www.ulcgt69villefranche.fr\/wp-content\/uploads\/2025\/09\/Tract-UL-CGT-10-septembre-2025-Verso-1-724x1024.jpg 724w, http:\/\/www.ulcgt69villefranche.fr\/wp-content\/uploads\/2025\/09\/Tract-UL-CGT-10-septembre-2025-Verso-1-212x300.jpg 212w, http:\/\/www.ulcgt69villefranche.fr\/wp-content\/uploads\/2025\/09\/Tract-UL-CGT-10-septembre-2025-Verso-1-768x1086.jpg 768w, http:\/\/www.ulcgt69villefranche.fr\/wp-content\/uploads\/2025\/09\/Tract-UL-CGT-10-septembre-2025-Verso-1-1086x1536.jpg 1086w, http:\/\/www.ulcgt69villefranche.fr\/wp-content\/uploads\/2025\/09\/Tract-UL-CGT-10-septembre-2025-Verso-1.jpg 1240w\" sizes=\"(max-width: 724px) 100vw, 724px\" \/><\/a><figcaption><strong><em>Tract (Format PDF)<\/em><\/strong><\/figcaption><\/figure>\n<\/figure>\n\n\n\n<figure class=\"wp-block-image size-large\"><a href=\"http:\/\/www.ulcgt69villefranche.fr\/wp-content\/uploads\/2025\/09\/Manifestation-du-18-Septembre-2025-1.jpg\"><img loading=\"lazy\" width=\"1024\" height=\"686\" src=\"http:\/\/www.ulcgt69villefranche.fr\/wp-content\/uploads\/2025\/09\/Manifestation-du-18-Septembre-2025-1-1024x686.jpg\" alt=\"\" class=\"wp-image-5605\" srcset=\"http:\/\/www.ulcgt69villefranche.fr\/wp-content\/uploads\/2025\/09\/Manifestation-du-18-Septembre-2025-1-1024x686.jpg 1024w, http:\/\/www.ulcgt69villefranche.fr\/wp-content\/uploads\/2025\/09\/Manifestation-du-18-Septembre-2025-1-300x201.jpg 300w, http:\/\/www.ulcgt69villefranche.fr\/wp-content\/uploads\/2025\/09\/Manifestation-du-18-Septembre-2025-1-768x514.jpg 768w, http:\/\/www.ulcgt69villefranche.fr\/wp-content\/uploads\/2025\/09\/Manifestation-du-18-Septembre-2025-1.jpg 1141w\" sizes=\"(max-width: 1024px) 100vw, 1024px\" \/><\/a><\/figure>\n","protected":false},"excerpt":{"rendered":"<p>18 Septembre 2025 Journ\u00e9e de mobilisation sur l&rsquo;ensemble du territoire par la gr\u00e8ve et la manifestation L&rsquo;Union Locale CGT vous donne rendez-vous \u00e0 17h00 Place de la Lib\u00e9ration Le mus\u00e9e des horreurs du projet de budget doit \u00eatre abandonn\u00e9. Les exigences sociales doivent \u00eatre enfin prises en compte ! Nous voulons : des moyens budg\u00e9taires [&hellip;]<\/p>\n","protected":false},"author":7,"featured_media":0,"comment_status":"closed","ping_status":"closed","sticky":false,"template":"","format":"standard","meta":[],"categories":[1],"tags":[],"_links":{"self":[{"href":"http:\/\/www.ulcgt69villefranche.fr\/index.php?rest_route=\/wp\/v2\/posts\/5592"}],"collection":[{"href":"http:\/\/www.ulcgt69villefranche.fr\/index.php?rest_route=\/wp\/v2\/posts"}],"about":[{"href":"http:\/\/www.ulcgt69villefranche.fr\/index.php?rest_route=\/wp\/v2\/types\/post"}],"author":[{"embeddable":true,"href":"http:\/\/www.ulcgt69villefranche.fr\/index.php?rest_route=\/wp\/v2\/users\/7"}],"replies":[{"embeddable":true,"href":"http:\/\/www.ulcgt69villefranche.fr\/index.php?rest_route=%2Fwp%2Fv2%2Fcomments&post=5592"}],"version-history":[{"count":5,"href":"http:\/\/www.ulcgt69villefranche.fr\/index.php?rest_route=\/wp\/v2\/posts\/5592\/revisions"}],"predecessor-version":[{"id":5613,"href":"http:\/\/www.ulcgt69villefranche.fr\/index.php?rest_route=\/wp\/v2\/posts\/5592\/revisions\/5613"}],"wp:attachment":[{"href":"http:\/\/www.ulcgt69villefranche.fr\/index.php?rest_route=%2Fwp%2Fv2%2Fmedia&parent=5592"}],"wp:term":[{"taxonomy":"category","embeddable":true,"href":"http:\/\/www.ulcgt69villefranche.fr\/index.php?rest_route=%2Fwp%2Fv2%2Fcategories&post=5592"},{"taxonomy":"post_tag","embeddable":true,"href":"http:\/\/www.ulcgt69villefranche.fr\/index.php?rest_route=%2Fwp%2Fv2%2Ftags&post=5592"}],"curies":[{"name":"wp","href":"https:\/\/api.w.org\/{rel}","templated":true}]}}