{"id":5564,"date":"2025-07-22T18:16:39","date_gmt":"2025-07-22T16:16:39","guid":{"rendered":"http:\/\/www.ulcgt69villefranche.fr\/?p=5564"},"modified":"2025-07-22T18:16:41","modified_gmt":"2025-07-22T16:16:41","slug":"22-juillet-2025-petition-budget-bayrou-ca-suffit","status":"publish","type":"post","link":"http:\/\/www.ulcgt69villefranche.fr\/?p=5564","title":{"rendered":"22 Juillet 2025 P\u00e9tition Budget Bayrou \u00e7a suffit"},"content":{"rendered":"\n<h1>&#x1f534; Budget : les sacrifices pour le monde du travail \u00e7a suffit !<\/h1>\n\n\n<p>Le 15 juillet, le Premier Ministre Fran\u00e7ois Bayrou a pr\u00e9sent\u00e9 les axes d\u2019un budget d\u2019une brutalit\u00e9 sans pr\u00e9c\u00e9dent. Signez la p\u00e9tition intersyndicale \u00e0 l&rsquo;initiative de : CFDT CGT FO CFE-CGC CFTC UNSA FSU SOLIDAIRES<\/p>\n\n<div class=\"wp-block-image\">\n<figure class=\"aligncenter size-large\"><a href=\"http:\/\/www.ulcgt69villefranche.fr\/wp-content\/uploads\/2025\/07\/visuel-petition-budget-2025.png\"><img loading=\"lazy\" width=\"1024\" height=\"582\" src=\"http:\/\/www.ulcgt69villefranche.fr\/wp-content\/uploads\/2025\/07\/visuel-petition-budget-2025-1024x582.png\" alt=\"\" class=\"wp-image-5565\" srcset=\"http:\/\/www.ulcgt69villefranche.fr\/wp-content\/uploads\/2025\/07\/visuel-petition-budget-2025-1024x582.png 1024w, http:\/\/www.ulcgt69villefranche.fr\/wp-content\/uploads\/2025\/07\/visuel-petition-budget-2025-300x170.png 300w, http:\/\/www.ulcgt69villefranche.fr\/wp-content\/uploads\/2025\/07\/visuel-petition-budget-2025-768x436.png 768w, http:\/\/www.ulcgt69villefranche.fr\/wp-content\/uploads\/2025\/07\/visuel-petition-budget-2025-1536x873.png 1536w, http:\/\/www.ulcgt69villefranche.fr\/wp-content\/uploads\/2025\/07\/visuel-petition-budget-2025.png 1936w\" sizes=\"(max-width: 1024px) 100vw, 1024px\" \/><\/a><\/figure><\/div>\n\n\n\n<h2>\u00ab\u00a0Le gouvernement nous annonce \u00e0 nouveau une litanie de mesures l\u00e0 encore, brutales, injustes et inefficaces\u00a0\u00bb<\/h2>\n<p>Apr\u00e8s le mouvement social in\u00e9dit de protestation contre la r\u00e9forme des retraites,\u00a0<strong>sans tenir compte des aspirations des travailleuses et travailleurs comme de l\u2019\u00e9volution du monde du travail,<\/strong>\u00a0le gouvernement nous annonce \u00e0 nouveau une litanie de mesures l\u00e0 encore, brutales, injustes et inefficaces !<\/p>\n<p>Citons :<\/p>\n<ul>\n<li>la suppression de deux jours f\u00e9ri\u00e9s,<\/li>\n<li>des coupes dans les services publics,<\/li>\n<li>la remise en cause du droit du travail,<\/li>\n<li>une \u00e9ni\u00e8me r\u00e9forme de l\u2019assurance ch\u00f4mage,<\/li>\n<li>le gel des prestations sociales et celui des salaires des fonctionnaires comme des contractuel\u00b7les,<\/li>\n<li>la d\u00e9sindexation des pensions de retraites,<\/li>\n<li>le doublement des franchises m\u00e9dicales,<\/li>\n<li>la remise en cause de la 5\u00e8me semaine de cong\u00e9s pay\u00e9s\u2026\u00a0<\/li>\n<\/ul>\n<h2 class=\"text-align-center\">&#x1f534;\u00a0<a href=\"https:\/\/chng.it\/yzTHxLWxt2\" target=\"_blank\" rel=\"noopener\"><u>Signer la p\u00e9tition<\/u><\/a><\/h2>\n<h4>Le gouvernement a choisi de faire payer les travailleuses et les travailleurs, les pr\u00e9caires, les retrait\u00e9\u00b7es, les malades.<\/h4>\n<p>Or, face au s\u00e9rieux des d\u00e9ficits publics,<strong>\u00a0il existe des solutions qui int\u00e8grent les plus hauts revenus comme la contribution des entreprises<\/strong>.<\/p>\n<h3>Il est temps de reposer la question :<\/h3>\n<ul>\n<li><strong>des entreprises qui continuent \u00e0 percevoir chaque ann\u00e9e 211 milliards d&rsquo;euros d&rsquo;aides publiques, sans transparence, ni \u00e9valuation, et surtout sans conditionner ces aides<\/strong>\u00a0\u00e0 l\u2019atteinte de quelconques objectifs en mati\u00e8re d\u2019emploi, de qualit\u00e9 de l\u2019emploi, ni de respect d\u2019ambitions sociales ou environnementales.<\/li>\n<li>des\u00a0<strong>dividendes records<\/strong>, surtout, en cas de licenciements ou d\u00e9localisations,<\/li>\n<li>de la\u00a0<strong>justice fiscale<\/strong>\u00a0concernant les hauts revenus qui \u00e9chappent \u00e0 toute contribution r\u00e9elle<\/li>\n<\/ul>\n<p>Et tout cela alors que des rapports r\u00e9cents montrent l\u2019ind\u00e9cence de cette situation au vu de l\u2019explosion des in\u00e9galit\u00e9s et du nombre dramatique de personnes basculant en dessous du seuil de pauvret\u00e9. \u00a0\u00a0<\/p>\n<p>Le probl\u00e8me de la dette, c\u2019est d\u2019abord le manque de recettes.\u00a0<strong>Il est temps d\u2019accepter d\u2019ouvrir la discussion sur la progressivit\u00e9 de la fiscalit\u00e9, la contribution des hauts revenus ou des patrimoines, et la l\u00e9gitimit\u00e9 de l\u2019optimisation fiscale<\/strong>\u00a0!<\/p>\n<h3>Pas question que ce soient encore les travailleuses et travailleurs, les demandeurs d\u2019emploi, les jeunes et les retrait\u00e9\u00b7es qui payent la facture, \u00e0 la fois financi\u00e8rement, mais aussi dans une flexibilit\u00e9 encore intensifi\u00e9e !<\/h3>\n<p><strong>L&rsquo;ensemble des organisations syndicales appelle \u00e0 refuser ce mus\u00e9e des horreurs<\/strong>, \u00e0 d\u00e9fendre ensemble notre mod\u00e8le social et la dignit\u00e9 au travail. Ce que nous attendons, c&rsquo;est un projet respectueux \u00a0pour le pays, porteur d\u2019espoir et de justice.<\/p>\n<h3 class=\"text-align-center\">&#x27a1;&#xfe0f;<a href=\"https:\/\/chng.it\/yzTHxLWxt2\" target=\"_blank\" rel=\"noopener\">Je signe cette p\u00e9tition pour exiger l\u2019abandon imm\u00e9diat de ces mesures.<\/a><\/h3>","protected":false},"excerpt":{"rendered":"<p>&#x1f534; Budget : les sacrifices pour le monde du travail \u00e7a suffit ! Le 15 juillet, le Premier Ministre Fran\u00e7ois Bayrou a pr\u00e9sent\u00e9 les axes d\u2019un budget d\u2019une brutalit\u00e9 sans pr\u00e9c\u00e9dent. Signez la p\u00e9tition intersyndicale \u00e0 l&rsquo;initiative de : CFDT CGT FO CFE-CGC CFTC UNSA FSU SOLIDAIRES \u00ab\u00a0Le gouvernement nous annonce \u00e0 nouveau une litanie [&hellip;]<\/p>\n","protected":false},"author":7,"featured_media":0,"comment_status":"closed","ping_status":"closed","sticky":false,"template":"","format":"standard","meta":[],"categories":[1],"tags":[],"_links":{"self":[{"href":"http:\/\/www.ulcgt69villefranche.fr\/index.php?rest_route=\/wp\/v2\/posts\/5564"}],"collection":[{"href":"http:\/\/www.ulcgt69villefranche.fr\/index.php?rest_route=\/wp\/v2\/posts"}],"about":[{"href":"http:\/\/www.ulcgt69villefranche.fr\/index.php?rest_route=\/wp\/v2\/types\/post"}],"author":[{"embeddable":true,"href":"http:\/\/www.ulcgt69villefranche.fr\/index.php?rest_route=\/wp\/v2\/users\/7"}],"replies":[{"embeddable":true,"href":"http:\/\/www.ulcgt69villefranche.fr\/index.php?rest_route=%2Fwp%2Fv2%2Fcomments&post=5564"}],"version-history":[{"count":1,"href":"http:\/\/www.ulcgt69villefranche.fr\/index.php?rest_route=\/wp\/v2\/posts\/5564\/revisions"}],"predecessor-version":[{"id":5566,"href":"http:\/\/www.ulcgt69villefranche.fr\/index.php?rest_route=\/wp\/v2\/posts\/5564\/revisions\/5566"}],"wp:attachment":[{"href":"http:\/\/www.ulcgt69villefranche.fr\/index.php?rest_route=%2Fwp%2Fv2%2Fmedia&parent=5564"}],"wp:term":[{"taxonomy":"category","embeddable":true,"href":"http:\/\/www.ulcgt69villefranche.fr\/index.php?rest_route=%2Fwp%2Fv2%2Fcategories&post=5564"},{"taxonomy":"post_tag","embeddable":true,"href":"http:\/\/www.ulcgt69villefranche.fr\/index.php?rest_route=%2Fwp%2Fv2%2Ftags&post=5564"}],"curies":[{"name":"wp","href":"https:\/\/api.w.org\/{rel}","templated":true}]}}