{"id":5560,"date":"2025-07-16T17:28:35","date_gmt":"2025-07-16T15:28:35","guid":{"rendered":"http:\/\/www.ulcgt69villefranche.fr\/?p=5560"},"modified":"2025-07-16T21:57:57","modified_gmt":"2025-07-16T19:57:57","slug":"22-juillet-2025-rassemblement-contre-le-plan-bayrou-10h00-place-des-arts","status":"publish","type":"post","link":"http:\/\/www.ulcgt69villefranche.fr\/?p=5560","title":{"rendered":"22 Juillet 2025 Rassemblement contre le Plan Bayrou 10h00 Place des arts"},"content":{"rendered":"\n<h1>22 Juillet 2025 Rassemblement contre le Plan Bayrou 10h00 Place des arts organis\u00e9 par les retrait\u00e9.e.s CGT de Villefranche sur Sa\u00f4ne<\/h1>\n\n\n<div class=\"xdj266r x14z9mp xat24cr x1lziwak x1vvkbs x126k92a\">\n<div dir=\"auto\">\u00abLa CGT va tout faire pour emp\u00eacher ces r\u00e9gressions sociales, pour emp\u00eacher qu\u2019elles rentrent en vigueur\u00bb, a promis Sophie Binet. \u00abNous d\u00e9battrons avec les autres organisations syndicales de la fa\u00e7on d\u2019arriver \u00e0 mettre en \u00e9chec le gouvernement\u00bb, et appelle \u00abl\u2019ensemble des travailleurs et des travailleuses qui sont choqu\u00e9s par ces annonces\u00bb \u00e0 se mobiliser d\u00e8s la rentr\u00e9e.<\/div>\n<div dir=\"auto\">&nbsp;<\/div>\n<\/div>\n<div class=\"x14z9mp xat24cr x1lziwak x1vvkbs xtlvy1s x126k92a\">\n<div dir=\"auto\">Une ann\u00e9e noire pour le monde du travail et de nouveaux cadeaux pour les entreprises, et un plan d\u2019\u00e9conomies en forme de \u00abd\u00e9claration de guerre aux droits des travailleuses et des travailleurs\u00bb. La CGT s\u2019oppose notamment \u00e0 la suppression de deux jours f\u00e9ri\u00e9s, \u00e0 l\u2019\u00abann\u00e9e blanche\u00bb ou encore au d\u00e9remboursement de certains m\u00e9dicaments.<\/div>\n<\/div>\n\n<div class=\"wp-block-image\">\n<figure class=\"aligncenter size-large\"><a href=\"http:\/\/www.ulcgt69villefranche.fr\/wp-content\/uploads\/2025\/07\/Bayrou-lenfumage.jpg\"><img loading=\"lazy\" width=\"731\" height=\"1024\" src=\"http:\/\/www.ulcgt69villefranche.fr\/wp-content\/uploads\/2025\/07\/Bayrou-lenfumage-731x1024.jpg\" alt=\"\" class=\"wp-image-5562\" srcset=\"http:\/\/www.ulcgt69villefranche.fr\/wp-content\/uploads\/2025\/07\/Bayrou-lenfumage-731x1024.jpg 731w, http:\/\/www.ulcgt69villefranche.fr\/wp-content\/uploads\/2025\/07\/Bayrou-lenfumage-214x300.jpg 214w, http:\/\/www.ulcgt69villefranche.fr\/wp-content\/uploads\/2025\/07\/Bayrou-lenfumage-768x1076.jpg 768w, http:\/\/www.ulcgt69villefranche.fr\/wp-content\/uploads\/2025\/07\/Bayrou-lenfumage-1097x1536.jpg 1097w, http:\/\/www.ulcgt69villefranche.fr\/wp-content\/uploads\/2025\/07\/Bayrou-lenfumage-1462x2048.jpg 1462w, http:\/\/www.ulcgt69villefranche.fr\/wp-content\/uploads\/2025\/07\/Bayrou-lenfumage.jpg 1813w\" sizes=\"(max-width: 731px) 100vw, 731px\" \/><\/a><\/figure><\/div>","protected":false},"excerpt":{"rendered":"<p>22 Juillet 2025 Rassemblement contre le Plan Bayrou 10h00 Place des arts organis\u00e9 par les retrait\u00e9.e.s CGT de Villefranche sur Sa\u00f4ne \u00abLa CGT va tout faire pour emp\u00eacher ces r\u00e9gressions sociales, pour emp\u00eacher qu\u2019elles rentrent en vigueur\u00bb, a promis Sophie Binet. \u00abNous d\u00e9battrons avec les autres organisations syndicales de la fa\u00e7on d\u2019arriver \u00e0 mettre en [&hellip;]<\/p>\n","protected":false},"author":7,"featured_media":0,"comment_status":"closed","ping_status":"closed","sticky":false,"template":"","format":"standard","meta":[],"categories":[1],"tags":[],"_links":{"self":[{"href":"http:\/\/www.ulcgt69villefranche.fr\/index.php?rest_route=\/wp\/v2\/posts\/5560"}],"collection":[{"href":"http:\/\/www.ulcgt69villefranche.fr\/index.php?rest_route=\/wp\/v2\/posts"}],"about":[{"href":"http:\/\/www.ulcgt69villefranche.fr\/index.php?rest_route=\/wp\/v2\/types\/post"}],"author":[{"embeddable":true,"href":"http:\/\/www.ulcgt69villefranche.fr\/index.php?rest_route=\/wp\/v2\/users\/7"}],"replies":[{"embeddable":true,"href":"http:\/\/www.ulcgt69villefranche.fr\/index.php?rest_route=%2Fwp%2Fv2%2Fcomments&post=5560"}],"version-history":[{"count":2,"href":"http:\/\/www.ulcgt69villefranche.fr\/index.php?rest_route=\/wp\/v2\/posts\/5560\/revisions"}],"predecessor-version":[{"id":5563,"href":"http:\/\/www.ulcgt69villefranche.fr\/index.php?rest_route=\/wp\/v2\/posts\/5560\/revisions\/5563"}],"wp:attachment":[{"href":"http:\/\/www.ulcgt69villefranche.fr\/index.php?rest_route=%2Fwp%2Fv2%2Fmedia&parent=5560"}],"wp:term":[{"taxonomy":"category","embeddable":true,"href":"http:\/\/www.ulcgt69villefranche.fr\/index.php?rest_route=%2Fwp%2Fv2%2Fcategories&post=5560"},{"taxonomy":"post_tag","embeddable":true,"href":"http:\/\/www.ulcgt69villefranche.fr\/index.php?rest_route=%2Fwp%2Fv2%2Ftags&post=5560"}],"curies":[{"name":"wp","href":"https:\/\/api.w.org\/{rel}","templated":true}]}}