{"id":5551,"date":"2025-07-04T13:37:42","date_gmt":"2025-07-04T11:37:42","guid":{"rendered":"http:\/\/www.ulcgt69villefranche.fr\/?p=5551"},"modified":"2025-07-04T13:37:44","modified_gmt":"2025-07-04T11:37:44","slug":"28-juin-2025-after-pride","status":"publish","type":"post","link":"http:\/\/www.ulcgt69villefranche.fr\/?p=5551","title":{"rendered":"28 Juin 2025 After PRIDE"},"content":{"rendered":"\n<h1 class=\"has-text-align-center\">28 Juin 2025 Retour sur la soir\u00e9e After PRIDE au NINKASI<\/h1>\n\n\n<p>\u00ab\u00a0En 2025, On ne marche pas seul, on marche ensemble. Fi\u00e8rement. Pour que l\u2019\u00e9galit\u00e9 ne soit plus un combat, mais une r\u00e9alit\u00e9.\u00a0<\/p>\n<div>C\u2019est affirmer que le respect et\u00a0<strong>le droit \u00e0 la diff\u00e9rence ne s\u2019arr\u00eatent pas \u00e0 la porte de l\u2019entreprise<\/strong>\u00a0et que par cons\u00e9quent les employeurs doivent garantir l\u2019\u00e9galit\u00e9 professionnelle et surtout lutter activement contre les LGBTQIA+phobies. \u00ab\u00a0<\/div>\n<div>\u00a0<\/div>\n<div><b>C&rsquo;est avec fiert\u00e9 que la CGT \u00e9tait pr\u00e9sente le 28 juin 2025 \u00e0 la soir\u00e9e au NINKASI, merci pour ce moment g\u00e9nialissime.<\/b><\/div>\n<div>\u00a0<\/div>\n<div>\u00a0<\/div>\n<div>\u00a0<\/div>\n<div>\u00a0<\/div>\n\n<div class=\"wp-block-image\">\n<figure class=\"aligncenter size-large is-resized\"><a href=\"http:\/\/www.ulcgt69villefranche.fr\/wp-content\/uploads\/2025\/07\/Affiche.jpg\"><img loading=\"lazy\" src=\"http:\/\/www.ulcgt69villefranche.fr\/wp-content\/uploads\/2025\/07\/Affiche-724x1024.jpg\" alt=\"\" class=\"wp-image-5557\" width=\"724\" height=\"1024\" srcset=\"http:\/\/www.ulcgt69villefranche.fr\/wp-content\/uploads\/2025\/07\/Affiche-724x1024.jpg 724w, http:\/\/www.ulcgt69villefranche.fr\/wp-content\/uploads\/2025\/07\/Affiche-212x300.jpg 212w, http:\/\/www.ulcgt69villefranche.fr\/wp-content\/uploads\/2025\/07\/Affiche-768x1086.jpg 768w, http:\/\/www.ulcgt69villefranche.fr\/wp-content\/uploads\/2025\/07\/Affiche.jpg 905w\" sizes=\"(max-width: 724px) 100vw, 724px\" \/><\/a><\/figure><\/div>\n\n\n<figure class=\"wp-container-2 wp-block-gallery-1 wp-block-gallery has-nested-images columns-default is-cropped\">\n<figure class=\"wp-block-image size-large\"><a href=\"http:\/\/www.ulcgt69villefranche.fr\/wp-content\/uploads\/2025\/07\/After-PRIDE-2.jpg\"><img loading=\"lazy\" width=\"1024\" height=\"766\" data-id=\"5554\"  src=\"http:\/\/www.ulcgt69villefranche.fr\/wp-content\/uploads\/2025\/07\/After-PRIDE-2-1024x766.jpg\" alt=\"\" class=\"wp-image-5554\" srcset=\"http:\/\/www.ulcgt69villefranche.fr\/wp-content\/uploads\/2025\/07\/After-PRIDE-2-1024x766.jpg 1024w, http:\/\/www.ulcgt69villefranche.fr\/wp-content\/uploads\/2025\/07\/After-PRIDE-2-300x224.jpg 300w, http:\/\/www.ulcgt69villefranche.fr\/wp-content\/uploads\/2025\/07\/After-PRIDE-2-768x575.jpg 768w, http:\/\/www.ulcgt69villefranche.fr\/wp-content\/uploads\/2025\/07\/After-PRIDE-2.jpg 1160w\" sizes=\"(max-width: 1024px) 100vw, 1024px\" \/><\/a><\/figure>\n\n\n\n<figure class=\"wp-block-image size-large\"><a href=\"http:\/\/www.ulcgt69villefranche.fr\/wp-content\/uploads\/2025\/07\/After-PRIDE-3.jpg\"><img loading=\"lazy\" width=\"1024\" height=\"461\" data-id=\"5553\"  src=\"http:\/\/www.ulcgt69villefranche.fr\/wp-content\/uploads\/2025\/07\/After-PRIDE-3-1024x461.jpg\" alt=\"\" class=\"wp-image-5553\" srcset=\"http:\/\/www.ulcgt69villefranche.fr\/wp-content\/uploads\/2025\/07\/After-PRIDE-3-1024x461.jpg 1024w, http:\/\/www.ulcgt69villefranche.fr\/wp-content\/uploads\/2025\/07\/After-PRIDE-3-300x135.jpg 300w, http:\/\/www.ulcgt69villefranche.fr\/wp-content\/uploads\/2025\/07\/After-PRIDE-3-768x346.jpg 768w, http:\/\/www.ulcgt69villefranche.fr\/wp-content\/uploads\/2025\/07\/After-PRIDE-3-1536x691.jpg 1536w, http:\/\/www.ulcgt69villefranche.fr\/wp-content\/uploads\/2025\/07\/After-PRIDE-3.jpg 1600w\" sizes=\"(max-width: 1024px) 100vw, 1024px\" \/><\/a><\/figure>\n\n\n\n<figure class=\"wp-block-image size-large\"><a href=\"http:\/\/www.ulcgt69villefranche.fr\/wp-content\/uploads\/2025\/07\/After-PRIDE-10.jpg\"><img loading=\"lazy\" width=\"1024\" height=\"461\" data-id=\"5552\"  src=\"http:\/\/www.ulcgt69villefranche.fr\/wp-content\/uploads\/2025\/07\/After-PRIDE-10-1024x461.jpg\" alt=\"\" class=\"wp-image-5552\" srcset=\"http:\/\/www.ulcgt69villefranche.fr\/wp-content\/uploads\/2025\/07\/After-PRIDE-10-1024x461.jpg 1024w, http:\/\/www.ulcgt69villefranche.fr\/wp-content\/uploads\/2025\/07\/After-PRIDE-10-300x135.jpg 300w, http:\/\/www.ulcgt69villefranche.fr\/wp-content\/uploads\/2025\/07\/After-PRIDE-10-768x346.jpg 768w, http:\/\/www.ulcgt69villefranche.fr\/wp-content\/uploads\/2025\/07\/After-PRIDE-10-1536x691.jpg 1536w, http:\/\/www.ulcgt69villefranche.fr\/wp-content\/uploads\/2025\/07\/After-PRIDE-10.jpg 1600w\" sizes=\"(max-width: 1024px) 100vw, 1024px\" \/><\/a><\/figure>\n<\/figure>\n\n\n\n<figure class=\"wp-block-video\"><video controls src=\"http:\/\/www.ulcgt69villefranche.fr\/wp-content\/uploads\/2025\/07\/WhatsApp-Video-2025-06-29-a-00.01.26_ef83bc52.mp4\"><\/video><\/figure>\n\n\n\n<figure class=\"wp-block-video\"><video controls src=\"http:\/\/www.ulcgt69villefranche.fr\/wp-content\/uploads\/2025\/07\/WhatsApp-Video-2025-06-29-a-00.01.52_6b94fab5.mp4\"><\/video><\/figure>\n","protected":false},"excerpt":{"rendered":"<p>28 Juin 2025 Retour sur la soir\u00e9e After PRIDE au NINKASI \u00ab\u00a0En 2025, On ne marche pas seul, on marche ensemble. Fi\u00e8rement. Pour que l\u2019\u00e9galit\u00e9 ne soit plus un combat, mais une r\u00e9alit\u00e9.\u00a0 C\u2019est affirmer que le respect et\u00a0le droit \u00e0 la diff\u00e9rence ne s\u2019arr\u00eatent pas \u00e0 la porte de l\u2019entreprise\u00a0et que par cons\u00e9quent les [&hellip;]<\/p>\n","protected":false},"author":7,"featured_media":0,"comment_status":"closed","ping_status":"closed","sticky":false,"template":"","format":"standard","meta":[],"categories":[1],"tags":[],"_links":{"self":[{"href":"http:\/\/www.ulcgt69villefranche.fr\/index.php?rest_route=\/wp\/v2\/posts\/5551"}],"collection":[{"href":"http:\/\/www.ulcgt69villefranche.fr\/index.php?rest_route=\/wp\/v2\/posts"}],"about":[{"href":"http:\/\/www.ulcgt69villefranche.fr\/index.php?rest_route=\/wp\/v2\/types\/post"}],"author":[{"embeddable":true,"href":"http:\/\/www.ulcgt69villefranche.fr\/index.php?rest_route=\/wp\/v2\/users\/7"}],"replies":[{"embeddable":true,"href":"http:\/\/www.ulcgt69villefranche.fr\/index.php?rest_route=%2Fwp%2Fv2%2Fcomments&post=5551"}],"version-history":[{"count":2,"href":"http:\/\/www.ulcgt69villefranche.fr\/index.php?rest_route=\/wp\/v2\/posts\/5551\/revisions"}],"predecessor-version":[{"id":5604,"href":"http:\/\/www.ulcgt69villefranche.fr\/index.php?rest_route=\/wp\/v2\/posts\/5551\/revisions\/5604"}],"wp:attachment":[{"href":"http:\/\/www.ulcgt69villefranche.fr\/index.php?rest_route=%2Fwp%2Fv2%2Fmedia&parent=5551"}],"wp:term":[{"taxonomy":"category","embeddable":true,"href":"http:\/\/www.ulcgt69villefranche.fr\/index.php?rest_route=%2Fwp%2Fv2%2Fcategories&post=5551"},{"taxonomy":"post_tag","embeddable":true,"href":"http:\/\/www.ulcgt69villefranche.fr\/index.php?rest_route=%2Fwp%2Fv2%2Ftags&post=5551"}],"curies":[{"name":"wp","href":"https:\/\/api.w.org\/{rel}","templated":true}]}}