{"id":5535,"date":"2025-06-13T01:21:31","date_gmt":"2025-06-12T23:21:31","guid":{"rendered":"http:\/\/www.ulcgt69villefranche.fr\/?p=5535"},"modified":"2025-06-13T01:21:32","modified_gmt":"2025-06-12T23:21:32","slug":"urgent-info-derniere-minute-appel-intersyndical-mobilisation-pour-la-palestine","status":"publish","type":"post","link":"http:\/\/www.ulcgt69villefranche.fr\/?p=5535","title":{"rendered":"Urgent Info derni\u00e8re minute &#8211; APPEL INTERSYNDICAL &#8211; MOBILISATION POUR LA PALESTINE"},"content":{"rendered":"\n<h1>14 Juin 2025 Re: Urgent Info derni\u00e8re minute &#8211; APPEL INTERSYNDICAL &#8211; MOBILISATION POUR LA PALESTINE \u00e0 partir de 15H00 depuis la place des terreaux \u00e0 Lyon<\/h1>\n\n\n<blockquote>\n<div dir=\"ltr\">\n<div><strong><span style=\"font-size: 14pt; background-color: #f3f3f3;\">Camarade<\/span><\/strong><\/div>\n<div><strong><span style=\"font-size: 14pt; background-color: #f3f3f3;\">\u00a0<\/span><\/strong><\/div>\n<strong><span style=\"font-size: 14pt; background-color: #eeeeee;\">Tu trouveras ci-joint le communiqu\u00e9 de l\u2019intersyndicale du Rh\u00f4ne appelant \u00e0 rejoindre la manifestation organis\u00e9e le samedi 14 juin \u00e0 partir de 15h, depuis la Place des Terreaux \u00e0 Lyon.<\/span><\/strong>\n<div>\n<p class=\"ox-f848041ee1-MsoNormal\"><span style=\"font-size: 14pt;\"><span style=\"color: #ff0000;\"><strong>Nous appelons \u00e0 nous mobiliser massivement le 14 juin, pour un cessez-le-feu imm\u00e9diat \u00e0 Gaza et pour un acc\u00e8s sans entraves de l\u2019aide humanitaire. Nous appelons \u00e0 rejoindre la Manifestation samedi 14 juin \u00e0 15h au d\u00e9part de la Place des Terreaux.<\/strong><\/span><u><\/u><u><\/u><\/span><\/p>\n<p class=\"ox-f848041ee1-MsoNormal\"><span style=\"font-size: 14pt;\"><span style=\"color: #ff0000;\"><strong>Merci de diffuser \u00e0 tes syndiqu\u00e9s et le plus largement possible.<\/strong><\/span><\/span><\/p>\n<p>\u00a0<\/p>\n<\/div>\n<\/div>\n<\/blockquote>\n\n<div class=\"wp-block-image\">\n<figure class=\"aligncenter size-large\"><a href=\"http:\/\/www.ulcgt69villefranche.fr\/wp-content\/uploads\/2025\/06\/Palestine-appel_manif_14_juin_69-Recto.jpg\"><img loading=\"lazy\" width=\"725\" height=\"1024\" src=\"http:\/\/www.ulcgt69villefranche.fr\/wp-content\/uploads\/2025\/06\/Palestine-appel_manif_14_juin_69-Recto-725x1024.jpg\" alt=\"\" class=\"wp-image-5538\" srcset=\"http:\/\/www.ulcgt69villefranche.fr\/wp-content\/uploads\/2025\/06\/Palestine-appel_manif_14_juin_69-Recto-725x1024.jpg 725w, http:\/\/www.ulcgt69villefranche.fr\/wp-content\/uploads\/2025\/06\/Palestine-appel_manif_14_juin_69-Recto-212x300.jpg 212w, http:\/\/www.ulcgt69villefranche.fr\/wp-content\/uploads\/2025\/06\/Palestine-appel_manif_14_juin_69-Recto-768x1085.jpg 768w, http:\/\/www.ulcgt69villefranche.fr\/wp-content\/uploads\/2025\/06\/Palestine-appel_manif_14_juin_69-Recto-1087x1536.jpg 1087w, http:\/\/www.ulcgt69villefranche.fr\/wp-content\/uploads\/2025\/06\/Palestine-appel_manif_14_juin_69-Recto.jpg 1241w\" sizes=\"(max-width: 725px) 100vw, 725px\" \/><\/a><figcaption><a href=\"http:\/\/www.ulcgt69villefranche.fr\/wp-content\/uploads\/2025\/06\/Palestine-appel_manif_14_juin_69.pdf\" target=\"_blank\" rel=\"noreferrer noopener\"><strong>Tract Pdf Palestine appel_manif_14_juin_69<\/strong><\/a><\/figcaption><\/figure><\/div>\n\n\n<figure class=\"wp-container-2 wp-block-gallery-1 wp-block-gallery has-nested-images columns-default is-cropped\">\n<figure class=\"wp-block-image size-large\"><a href=\"http:\/\/www.ulcgt69villefranche.fr\/wp-content\/uploads\/2025\/06\/Palestine-appel_manif_14_juin_69-Verso.jpg\"><img loading=\"lazy\" width=\"725\" height=\"1024\" data-id=\"5539\"  src=\"http:\/\/www.ulcgt69villefranche.fr\/wp-content\/uploads\/2025\/06\/Palestine-appel_manif_14_juin_69-Verso-725x1024.jpg\" alt=\"\" class=\"wp-image-5539\" srcset=\"http:\/\/www.ulcgt69villefranche.fr\/wp-content\/uploads\/2025\/06\/Palestine-appel_manif_14_juin_69-Verso-725x1024.jpg 725w, http:\/\/www.ulcgt69villefranche.fr\/wp-content\/uploads\/2025\/06\/Palestine-appel_manif_14_juin_69-Verso-212x300.jpg 212w, http:\/\/www.ulcgt69villefranche.fr\/wp-content\/uploads\/2025\/06\/Palestine-appel_manif_14_juin_69-Verso-768x1085.jpg 768w, http:\/\/www.ulcgt69villefranche.fr\/wp-content\/uploads\/2025\/06\/Palestine-appel_manif_14_juin_69-Verso-1087x1536.jpg 1087w, http:\/\/www.ulcgt69villefranche.fr\/wp-content\/uploads\/2025\/06\/Palestine-appel_manif_14_juin_69-Verso.jpg 1241w\" sizes=\"(max-width: 725px) 100vw, 725px\" \/><\/a><\/figure>\n<\/figure>\n","protected":false},"excerpt":{"rendered":"<p>14 Juin 2025 Re: Urgent Info derni\u00e8re minute &#8211; APPEL INTERSYNDICAL &#8211; MOBILISATION POUR LA PALESTINE \u00e0 partir de 15H00 depuis la place des terreaux \u00e0 Lyon Camarade \u00a0 Tu trouveras ci-joint le communiqu\u00e9 de l\u2019intersyndicale du Rh\u00f4ne appelant \u00e0 rejoindre la manifestation organis\u00e9e le samedi 14 juin \u00e0 partir de 15h, depuis la Place [&hellip;]<\/p>\n","protected":false},"author":7,"featured_media":0,"comment_status":"closed","ping_status":"closed","sticky":false,"template":"","format":"standard","meta":[],"categories":[1],"tags":[],"_links":{"self":[{"href":"http:\/\/www.ulcgt69villefranche.fr\/index.php?rest_route=\/wp\/v2\/posts\/5535"}],"collection":[{"href":"http:\/\/www.ulcgt69villefranche.fr\/index.php?rest_route=\/wp\/v2\/posts"}],"about":[{"href":"http:\/\/www.ulcgt69villefranche.fr\/index.php?rest_route=\/wp\/v2\/types\/post"}],"author":[{"embeddable":true,"href":"http:\/\/www.ulcgt69villefranche.fr\/index.php?rest_route=\/wp\/v2\/users\/7"}],"replies":[{"embeddable":true,"href":"http:\/\/www.ulcgt69villefranche.fr\/index.php?rest_route=%2Fwp%2Fv2%2Fcomments&post=5535"}],"version-history":[{"count":2,"href":"http:\/\/www.ulcgt69villefranche.fr\/index.php?rest_route=\/wp\/v2\/posts\/5535\/revisions"}],"predecessor-version":[{"id":5541,"href":"http:\/\/www.ulcgt69villefranche.fr\/index.php?rest_route=\/wp\/v2\/posts\/5535\/revisions\/5541"}],"wp:attachment":[{"href":"http:\/\/www.ulcgt69villefranche.fr\/index.php?rest_route=%2Fwp%2Fv2%2Fmedia&parent=5535"}],"wp:term":[{"taxonomy":"category","embeddable":true,"href":"http:\/\/www.ulcgt69villefranche.fr\/index.php?rest_route=%2Fwp%2Fv2%2Fcategories&post=5535"},{"taxonomy":"post_tag","embeddable":true,"href":"http:\/\/www.ulcgt69villefranche.fr\/index.php?rest_route=%2Fwp%2Fv2%2Ftags&post=5535"}],"curies":[{"name":"wp","href":"https:\/\/api.w.org\/{rel}","templated":true}]}}