{"id":5523,"date":"2025-06-06T17:39:39","date_gmt":"2025-06-06T15:39:39","guid":{"rendered":"http:\/\/www.ulcgt69villefranche.fr\/?p=5523"},"modified":"2025-06-06T17:39:41","modified_gmt":"2025-06-06T15:39:41","slug":"le-13-juin-la-cgt-fete-ses-130-ans-a-montreuil","status":"publish","type":"post","link":"http:\/\/www.ulcgt69villefranche.fr\/?p=5523","title":{"rendered":"Le 13 juin, la CGT f\u00eate ses 130 ans \u00e0 Montreuil"},"content":{"rendered":"\n<h1 class=\"has-text-align-center\">13 Juin 2025 la CGT f\u00eate ses 130 ans \u00e0 Montreuil<\/h1>\n\n\n\n<figure class=\"wp-block-image size-full\"><a href=\"http:\/\/www.ulcgt69villefranche.fr\/wp-content\/uploads\/2025\/06\/Fete-CGT-130-ans.jpg\"><img loading=\"lazy\" width=\"968\" height=\"545\" src=\"http:\/\/www.ulcgt69villefranche.fr\/wp-content\/uploads\/2025\/06\/Fete-CGT-130-ans.jpg\" alt=\"\" class=\"wp-image-5524\" srcset=\"http:\/\/www.ulcgt69villefranche.fr\/wp-content\/uploads\/2025\/06\/Fete-CGT-130-ans.jpg 968w, http:\/\/www.ulcgt69villefranche.fr\/wp-content\/uploads\/2025\/06\/Fete-CGT-130-ans-300x169.jpg 300w, http:\/\/www.ulcgt69villefranche.fr\/wp-content\/uploads\/2025\/06\/Fete-CGT-130-ans-768x432.jpg 768w\" sizes=\"(max-width: 968px) 100vw, 968px\" \/><\/a><\/figure>\n\n\n<p>Les 130 ans de la CGT sont une c\u00e9l\u00e9bration particuli\u00e8re pour la CGT mais aussi pour le monde du travail. Le 13 juin sur le parvis de la Mairie de Montreuil \u00e0 partir de 17h, c&rsquo;est la f\u00eate &#x1f973; et c&rsquo;est ouvert \u00e0 toutes et tous !<\/p>\n<h2>Vendredi 13 juin, en soir\u00e9e, \u00e0 partir de 17h sur le parvis de la Mairie de Montreuil, c&rsquo;est la f\u00eate des 130 ans de la CGT !\u00a0<\/h2>\n<h4>Durant cette soir\u00e9e, l\u2019histoire de la CGT, les luttes et la f\u00eate seront \u00e0 l\u2019honneur<\/h4>\n<p><strong><u>Au programme :\u00a0<\/u><\/strong><\/p>\n<ul>\n<li>\u00c0 17h : Enregistrement en direct de Backseat pour une \u00e9mission Twitch sp\u00e9ciale sur les 130 ans de la CGT<\/li>\n<li>\u00c0 20h : luttes et concerts \u2192 retrouvez Ben plg, Astereotypie , Planete boom boom, Petite gueule et bien d\u2019autres !<\/li>\n<\/ul>\n<p>Avec la pr\u00e9sence de Sophie Binet, Edwy Plenel, Anna Mouglalis\u2026<\/p>\n<p><em>&#x2139;&#xfe0f; Entr\u00e9e gratuite. Boissons et nourriture disponibles sur place.<\/em><\/p>\n\n\n<figure class=\"wp-container-2 wp-block-gallery-1 wp-block-gallery has-nested-images columns-default is-cropped\">\n<figure class=\"wp-block-image size-large\"><a href=\"http:\/\/www.ulcgt69villefranche.fr\/wp-content\/uploads\/2025\/06\/bandeau-fete-CGT-OK.jpg\"><img loading=\"lazy\" width=\"1024\" height=\"215\" data-id=\"5525\"  src=\"http:\/\/www.ulcgt69villefranche.fr\/wp-content\/uploads\/2025\/06\/bandeau-fete-CGT-OK-1024x215.jpg\" alt=\"\" class=\"wp-image-5525\" srcset=\"http:\/\/www.ulcgt69villefranche.fr\/wp-content\/uploads\/2025\/06\/bandeau-fete-CGT-OK-1024x215.jpg 1024w, http:\/\/www.ulcgt69villefranche.fr\/wp-content\/uploads\/2025\/06\/bandeau-fete-CGT-OK-300x63.jpg 300w, http:\/\/www.ulcgt69villefranche.fr\/wp-content\/uploads\/2025\/06\/bandeau-fete-CGT-OK-768x161.jpg 768w, http:\/\/www.ulcgt69villefranche.fr\/wp-content\/uploads\/2025\/06\/bandeau-fete-CGT-OK-1536x322.jpg 1536w, http:\/\/www.ulcgt69villefranche.fr\/wp-content\/uploads\/2025\/06\/bandeau-fete-CGT-OK.jpg 1920w\" sizes=\"(max-width: 1024px) 100vw, 1024px\" \/><\/a><\/figure>\n<\/figure>\n\n\n\n<figure class=\"wp-container-4 wp-block-gallery-3 wp-block-gallery has-nested-images columns-default is-cropped\">\n<figure class=\"wp-block-image size-large\"><a href=\"http:\/\/www.ulcgt69villefranche.fr\/wp-content\/uploads\/2025\/06\/Programme-Fete-CGT.jpg\"><img loading=\"lazy\" width=\"724\" height=\"1024\" data-id=\"5526\"  src=\"http:\/\/www.ulcgt69villefranche.fr\/wp-content\/uploads\/2025\/06\/Programme-Fete-CGT-724x1024.jpg\" alt=\"\" class=\"wp-image-5526\" srcset=\"http:\/\/www.ulcgt69villefranche.fr\/wp-content\/uploads\/2025\/06\/Programme-Fete-CGT-724x1024.jpg 724w, http:\/\/www.ulcgt69villefranche.fr\/wp-content\/uploads\/2025\/06\/Programme-Fete-CGT-212x300.jpg 212w, http:\/\/www.ulcgt69villefranche.fr\/wp-content\/uploads\/2025\/06\/Programme-Fete-CGT-768x1086.jpg 768w, http:\/\/www.ulcgt69villefranche.fr\/wp-content\/uploads\/2025\/06\/Programme-Fete-CGT-1086x1536.jpg 1086w, http:\/\/www.ulcgt69villefranche.fr\/wp-content\/uploads\/2025\/06\/Programme-Fete-CGT-1448x2048.jpg 1448w, http:\/\/www.ulcgt69villefranche.fr\/wp-content\/uploads\/2025\/06\/Programme-Fete-CGT.jpg 1754w\" sizes=\"(max-width: 724px) 100vw, 724px\" \/><\/a><\/figure>\n<\/figure>\n\n\n\n<p class=\"has-text-align-center\"><strong><a href=\"http:\/\/www.ulcgt69villefranche.fr\/wp-content\/uploads\/2025\/06\/Programme-Fete-CGT.pdf\" target=\"_blank\" rel=\"noreferrer noopener\">Affiche du programme de la f\u00eate<\/a><\/strong><\/p>\n\n\n<h2>Quand est n\u00e9e la CGT ?<\/h2>\n<p>La CGT est n\u00e9e le\u00a0<strong>23 \u00a0septembre\u202f1895 au congr\u00e8s constitutif de Limoges<\/strong>.\u00a0<br \/>28 f\u00e9d\u00e9rations d\u2019industries et de m\u00e9tiers, 18 Bourses du travail (pr\u00e9sentes essentiellement dans les grandes villes) et 126 syndicats \u00e9taient pr\u00e9sents \u00e0 ce congr\u00e8s avec pour ambition la r\u00e9union de deux pratiques du syndicalisme\u2009: le syndicalisme cat\u00e9goriel et de m\u00e9tier et le syndicalisme interprofessionnel et territorial.<\/p>\n<p>Aujourd\u2019hui, la CGT compte 33 organisations nationales professionnelles (<a href=\"https:\/\/www.cgt.fr\/federations\" target=\"_blank\" rel=\"noopener\">f\u00e9d\u00e9rations<\/a>), 97\u00a0<a href=\"https:\/\/www.cgt.fr\/ud\" target=\"_blank\" rel=\"noopener\">unions d\u00e9partementales<\/a>\u00a0et\u00a0<a href=\"https:\/\/www.cgt.fr\/organisations?field_type_target_id%5B70%5D=70\" target=\"_blank\" rel=\"noopener\">12 comit\u00e9s r\u00e9gionaux<\/a>.<\/p>\n<p>L\u2019histoire de la CGT est totalement li\u00e9e \u00e0 l\u2019histoire sociale de notre pays et m\u00eame au-del\u00e0, puisque nous sommes affili\u00e9\u00b7es \u00e0<a href=\"https:\/\/www.ituc-csi.org\/?lang=fr\" target=\"_blank\" rel=\"noopener\">\u00a0la CSI (Conf\u00e9d\u00e9ration syndicale internationale)<\/a>\u00a0et \u00e0\u00a0<a href=\"https:\/\/www.etuc.org\/fr\" target=\"_blank\" rel=\"noopener\">la CES (Conf\u00e9d\u00e9ration europ\u00e9enne des syndicats)<\/a>.<\/p>\n<h4>La c\u00e9l\u00e9bration des 130 ans de la CGT offre l\u2019occasion unique de relier l\u2019histoire du syndicalisme CGT aux enjeux contemporains.\u00a0<\/h4>\n<p>Cet anniversaire est bien plus qu\u2019une simple comm\u00e9moration\u2009: il constitue un moment fort pour<strong>\u00a0mettre en valeur l\u2019histoire de la CGT<\/strong>. Il s\u2019agit de raconter les grandes batailles men\u00e9es, les figures embl\u00e9matiques bien s\u00fbr, mais aussi et surtout montrer que<strong>\u00a0nous sommes des personnes anonymes qui nous engageons, qui avons marqu\u00e9 l\u2019histoire du syndicalisme et les avanc\u00e9es sociales obtenues gr\u00e2ce \u00e0 l\u2019action syndicale<\/strong>.\u00a0<\/p>\n<h4>Les 130 ans de la CGT, c\u2019est 130 ans au service du monde du travail. Une CGT de proximit\u00e9 qui revendique et qui gagne.<\/h4>","protected":false},"excerpt":{"rendered":"<p>13 Juin 2025 la CGT f\u00eate ses 130 ans \u00e0 Montreuil Les 130 ans de la CGT sont une c\u00e9l\u00e9bration particuli\u00e8re pour la CGT mais aussi pour le monde du travail. Le 13 juin sur le parvis de la Mairie de Montreuil \u00e0 partir de 17h, c&rsquo;est la f\u00eate &#x1f973; et c&rsquo;est ouvert \u00e0 toutes [&hellip;]<\/p>\n","protected":false},"author":7,"featured_media":0,"comment_status":"closed","ping_status":"closed","sticky":false,"template":"","format":"standard","meta":[],"categories":[1],"tags":[],"_links":{"self":[{"href":"http:\/\/www.ulcgt69villefranche.fr\/index.php?rest_route=\/wp\/v2\/posts\/5523"}],"collection":[{"href":"http:\/\/www.ulcgt69villefranche.fr\/index.php?rest_route=\/wp\/v2\/posts"}],"about":[{"href":"http:\/\/www.ulcgt69villefranche.fr\/index.php?rest_route=\/wp\/v2\/types\/post"}],"author":[{"embeddable":true,"href":"http:\/\/www.ulcgt69villefranche.fr\/index.php?rest_route=\/wp\/v2\/users\/7"}],"replies":[{"embeddable":true,"href":"http:\/\/www.ulcgt69villefranche.fr\/index.php?rest_route=%2Fwp%2Fv2%2Fcomments&post=5523"}],"version-history":[{"count":2,"href":"http:\/\/www.ulcgt69villefranche.fr\/index.php?rest_route=\/wp\/v2\/posts\/5523\/revisions"}],"predecessor-version":[{"id":5529,"href":"http:\/\/www.ulcgt69villefranche.fr\/index.php?rest_route=\/wp\/v2\/posts\/5523\/revisions\/5529"}],"wp:attachment":[{"href":"http:\/\/www.ulcgt69villefranche.fr\/index.php?rest_route=%2Fwp%2Fv2%2Fmedia&parent=5523"}],"wp:term":[{"taxonomy":"category","embeddable":true,"href":"http:\/\/www.ulcgt69villefranche.fr\/index.php?rest_route=%2Fwp%2Fv2%2Fcategories&post=5523"},{"taxonomy":"post_tag","embeddable":true,"href":"http:\/\/www.ulcgt69villefranche.fr\/index.php?rest_route=%2Fwp%2Fv2%2Ftags&post=5523"}],"curies":[{"name":"wp","href":"https:\/\/api.w.org\/{rel}","templated":true}]}}