{"id":5474,"date":"2025-05-23T22:00:08","date_gmt":"2025-05-23T20:00:08","guid":{"rendered":"http:\/\/www.ulcgt69villefranche.fr\/?p=5474"},"modified":"2025-06-05T22:07:10","modified_gmt":"2025-06-05T20:07:10","slug":"05-juin-2025-en-greve-et-en-manifestations-pour-nos-retraites-nos-emplois-et-nos-salaires","status":"publish","type":"post","link":"http:\/\/www.ulcgt69villefranche.fr\/?p=5474","title":{"rendered":"05 Juin 2025 En gr\u00e8ve et en manifestations pour nos retraites, nos emplois et nos salaires"},"content":{"rendered":"\n<h1>Jour J =&gt; 05 Juin 2025 En gr\u00e8ve et en manifestations pour nos retraites, nos emplois et nos salaires \u00e0 17h30 Place de la Lib\u00e9ration (du Promenoir) <\/h1>\n\n\n\n<figure class=\"wp-block-image size-large\"><a href=\"http:\/\/www.ulcgt69villefranche.fr\/wp-content\/uploads\/2025\/06\/0506_J-J_5Juin_BandeauRebours-30-scaled.jpg\"><img loading=\"lazy\" width=\"1024\" height=\"248\" src=\"http:\/\/www.ulcgt69villefranche.fr\/wp-content\/uploads\/2025\/06\/0506_J-J_5Juin_BandeauRebours-30-1024x248.jpg\" alt=\"\" class=\"wp-image-5513\" srcset=\"http:\/\/www.ulcgt69villefranche.fr\/wp-content\/uploads\/2025\/06\/0506_J-J_5Juin_BandeauRebours-30-1024x248.jpg 1024w, http:\/\/www.ulcgt69villefranche.fr\/wp-content\/uploads\/2025\/06\/0506_J-J_5Juin_BandeauRebours-30-300x73.jpg 300w, http:\/\/www.ulcgt69villefranche.fr\/wp-content\/uploads\/2025\/06\/0506_J-J_5Juin_BandeauRebours-30-768x186.jpg 768w, http:\/\/www.ulcgt69villefranche.fr\/wp-content\/uploads\/2025\/06\/0506_J-J_5Juin_BandeauRebours-30-1536x372.jpg 1536w, http:\/\/www.ulcgt69villefranche.fr\/wp-content\/uploads\/2025\/06\/0506_J-J_5Juin_BandeauRebours-30-2048x497.jpg 2048w\" sizes=\"(max-width: 1024px) 100vw, 1024px\" \/><\/a><\/figure>\n\n\n\n<figure class=\"wp-container-2 wp-block-gallery-1 wp-block-gallery has-nested-images columns-default is-cropped\">\n<figure class=\"wp-block-image size-large\"><a href=\"http:\/\/www.ulcgt69villefranche.fr\/wp-content\/uploads\/2025\/05\/Tract-5-juin-a-distribuer-ou-a-afficher-panneau-syndical-Recto.jpg\"><img loading=\"lazy\" width=\"724\" height=\"1024\" data-id=\"5494\"  src=\"http:\/\/www.ulcgt69villefranche.fr\/wp-content\/uploads\/2025\/05\/Tract-5-juin-a-distribuer-ou-a-afficher-panneau-syndical-Recto-724x1024.jpg\" alt=\"\" class=\"wp-image-5494\" srcset=\"http:\/\/www.ulcgt69villefranche.fr\/wp-content\/uploads\/2025\/05\/Tract-5-juin-a-distribuer-ou-a-afficher-panneau-syndical-Recto-724x1024.jpg 724w, http:\/\/www.ulcgt69villefranche.fr\/wp-content\/uploads\/2025\/05\/Tract-5-juin-a-distribuer-ou-a-afficher-panneau-syndical-Recto-212x300.jpg 212w, http:\/\/www.ulcgt69villefranche.fr\/wp-content\/uploads\/2025\/05\/Tract-5-juin-a-distribuer-ou-a-afficher-panneau-syndical-Recto-768x1086.jpg 768w, http:\/\/www.ulcgt69villefranche.fr\/wp-content\/uploads\/2025\/05\/Tract-5-juin-a-distribuer-ou-a-afficher-panneau-syndical-Recto-1087x1536.jpg 1087w, http:\/\/www.ulcgt69villefranche.fr\/wp-content\/uploads\/2025\/05\/Tract-5-juin-a-distribuer-ou-a-afficher-panneau-syndical-Recto.jpg 1240w\" sizes=\"(max-width: 724px) 100vw, 724px\" \/><\/a><figcaption><a href=\"http:\/\/www.ulcgt69villefranche.fr\/wp-content\/uploads\/2025\/05\/Tract-5-juin-a-distribuer-ou-a-afficher-panneau-syndical_.pdf\" target=\"_blank\" rel=\"noreferrer noopener\">Tract 5 juin \u00e0 distribuer ou \u00e0 afficher panneau syndical<\/a><\/figcaption><\/figure>\n<\/figure>\n\n\n\n<p><\/p>\n\n\n<div class=\"wp-block-image\">\n<figure class=\"aligncenter size-large\"><a href=\"http:\/\/www.ulcgt69villefranche.fr\/wp-content\/uploads\/2025\/05\/Tract-5-juin-a-distribuer-ou-a-afficher-panneau-syndical-Verso.jpg\"><img loading=\"lazy\" width=\"724\" height=\"1024\" src=\"http:\/\/www.ulcgt69villefranche.fr\/wp-content\/uploads\/2025\/05\/Tract-5-juin-a-distribuer-ou-a-afficher-panneau-syndical-Verso-724x1024.jpg\" alt=\"\" class=\"wp-image-5492\" srcset=\"http:\/\/www.ulcgt69villefranche.fr\/wp-content\/uploads\/2025\/05\/Tract-5-juin-a-distribuer-ou-a-afficher-panneau-syndical-Verso-724x1024.jpg 724w, http:\/\/www.ulcgt69villefranche.fr\/wp-content\/uploads\/2025\/05\/Tract-5-juin-a-distribuer-ou-a-afficher-panneau-syndical-Verso-212x300.jpg 212w, http:\/\/www.ulcgt69villefranche.fr\/wp-content\/uploads\/2025\/05\/Tract-5-juin-a-distribuer-ou-a-afficher-panneau-syndical-Verso-768x1086.jpg 768w, http:\/\/www.ulcgt69villefranche.fr\/wp-content\/uploads\/2025\/05\/Tract-5-juin-a-distribuer-ou-a-afficher-panneau-syndical-Verso-1087x1536.jpg 1087w, http:\/\/www.ulcgt69villefranche.fr\/wp-content\/uploads\/2025\/05\/Tract-5-juin-a-distribuer-ou-a-afficher-panneau-syndical-Verso.jpg 1240w\" sizes=\"(max-width: 724px) 100vw, 724px\" \/><\/a><figcaption><a href=\"http:\/\/www.ulcgt69villefranche.fr\/wp-content\/uploads\/2025\/05\/Tract-5-juin-a-distribuer-ou-a-afficher-panneau-syndical_.pdf\" target=\"_blank\" rel=\"noreferrer noopener\">Tract 5 juin \u00e0 distribuer ou \u00e0 afficher panneau syndical<\/a><\/figcaption><\/figure><\/div>\n\n\n<figure class=\"wp-container-4 wp-block-gallery-3 wp-block-gallery has-nested-images columns-default is-cropped\">\n<figure class=\"wp-block-image size-large\"><a href=\"http:\/\/www.ulcgt69villefranche.fr\/wp-content\/uploads\/2025\/05\/Tract-5-Juin-UD-Recto.jpg\"><img loading=\"lazy\" width=\"742\" height=\"1024\" data-id=\"5485\"  src=\"http:\/\/www.ulcgt69villefranche.fr\/wp-content\/uploads\/2025\/05\/Tract-5-Juin-UD-Recto-742x1024.jpg\" alt=\"\" class=\"wp-image-5485\" srcset=\"http:\/\/www.ulcgt69villefranche.fr\/wp-content\/uploads\/2025\/05\/Tract-5-Juin-UD-Recto-742x1024.jpg 742w, http:\/\/www.ulcgt69villefranche.fr\/wp-content\/uploads\/2025\/05\/Tract-5-Juin-UD-Recto-217x300.jpg 217w, http:\/\/www.ulcgt69villefranche.fr\/wp-content\/uploads\/2025\/05\/Tract-5-Juin-UD-Recto-768x1060.jpg 768w, http:\/\/www.ulcgt69villefranche.fr\/wp-content\/uploads\/2025\/05\/Tract-5-Juin-UD-Recto.jpg 962w\" sizes=\"(max-width: 742px) 100vw, 742px\" \/><\/a><figcaption>Tract UD Recto<\/figcaption><\/figure>\n\n\n\n<figure class=\"wp-block-image size-large\"><a href=\"http:\/\/www.ulcgt69villefranche.fr\/wp-content\/uploads\/2025\/05\/Tract-5-Juin-UD-Verso.jpg\"><img loading=\"lazy\" width=\"742\" height=\"1024\" data-id=\"5486\"  src=\"http:\/\/www.ulcgt69villefranche.fr\/wp-content\/uploads\/2025\/05\/Tract-5-Juin-UD-Verso-742x1024.jpg\" alt=\"\" class=\"wp-image-5486\" srcset=\"http:\/\/www.ulcgt69villefranche.fr\/wp-content\/uploads\/2025\/05\/Tract-5-Juin-UD-Verso-742x1024.jpg 742w, http:\/\/www.ulcgt69villefranche.fr\/wp-content\/uploads\/2025\/05\/Tract-5-Juin-UD-Verso-217x300.jpg 217w, http:\/\/www.ulcgt69villefranche.fr\/wp-content\/uploads\/2025\/05\/Tract-5-Juin-UD-Verso-768x1060.jpg 768w, http:\/\/www.ulcgt69villefranche.fr\/wp-content\/uploads\/2025\/05\/Tract-5-Juin-UD-Verso.jpg 962w\" sizes=\"(max-width: 742px) 100vw, 742px\" \/><\/a><figcaption>Tract UD Verso<\/figcaption><\/figure>\n<\/figure>\n\n\n\n<figure class=\"wp-block-image\"><img alt=\"\"\/><\/figure>\n","protected":false},"excerpt":{"rendered":"<p>Jour J =&gt; 05 Juin 2025 En gr\u00e8ve et en manifestations pour nos retraites, nos emplois et nos salaires \u00e0 17h30 Place de la Lib\u00e9ration (du Promenoir)<\/p>\n","protected":false},"author":7,"featured_media":0,"comment_status":"closed","ping_status":"closed","sticky":false,"template":"","format":"standard","meta":[],"categories":[1],"tags":[],"_links":{"self":[{"href":"http:\/\/www.ulcgt69villefranche.fr\/index.php?rest_route=\/wp\/v2\/posts\/5474"}],"collection":[{"href":"http:\/\/www.ulcgt69villefranche.fr\/index.php?rest_route=\/wp\/v2\/posts"}],"about":[{"href":"http:\/\/www.ulcgt69villefranche.fr\/index.php?rest_route=\/wp\/v2\/types\/post"}],"author":[{"embeddable":true,"href":"http:\/\/www.ulcgt69villefranche.fr\/index.php?rest_route=\/wp\/v2\/users\/7"}],"replies":[{"embeddable":true,"href":"http:\/\/www.ulcgt69villefranche.fr\/index.php?rest_route=%2Fwp%2Fv2%2Fcomments&post=5474"}],"version-history":[{"count":23,"href":"http:\/\/www.ulcgt69villefranche.fr\/index.php?rest_route=\/wp\/v2\/posts\/5474\/revisions"}],"predecessor-version":[{"id":5522,"href":"http:\/\/www.ulcgt69villefranche.fr\/index.php?rest_route=\/wp\/v2\/posts\/5474\/revisions\/5522"}],"wp:attachment":[{"href":"http:\/\/www.ulcgt69villefranche.fr\/index.php?rest_route=%2Fwp%2Fv2%2Fmedia&parent=5474"}],"wp:term":[{"taxonomy":"category","embeddable":true,"href":"http:\/\/www.ulcgt69villefranche.fr\/index.php?rest_route=%2Fwp%2Fv2%2Fcategories&post=5474"},{"taxonomy":"post_tag","embeddable":true,"href":"http:\/\/www.ulcgt69villefranche.fr\/index.php?rest_route=%2Fwp%2Fv2%2Ftags&post=5474"}],"curies":[{"name":"wp","href":"https:\/\/api.w.org\/{rel}","templated":true}]}}