{"id":5417,"date":"2025-04-24T16:27:56","date_gmt":"2025-04-24T14:27:56","guid":{"rendered":"http:\/\/www.ulcgt69villefranche.fr\/?p=5417"},"modified":"2025-04-24T16:49:24","modified_gmt":"2025-04-24T14:49:24","slug":"1er-mai-2025-manifestation-de-la-place-de-la-liberation-a-la-rue-de-la-paix","status":"publish","type":"post","link":"http:\/\/www.ulcgt69villefranche.fr\/?p=5417","title":{"rendered":"1er Mai 2025 Manifestation de la place de la Lib\u00e9ration \u00e0 la rue de la Paix"},"content":{"rendered":"\n<h1>Jeudi 1er Mai 2025 \u00e0 10h30 Manifestation de la place de la Lib\u00e9ration \u00e0 la rue de la Paix<\/h1>\n\n\n\n<figure class=\"wp-container-2 wp-block-gallery-1 wp-block-gallery has-nested-images columns-default is-cropped\">\n<figure class=\"wp-block-image size-large\"><a href=\"http:\/\/www.ulcgt69villefranche.fr\/wp-content\/uploads\/2025\/04\/Tract-1er-2025-Recto.jpg\"><img loading=\"lazy\" width=\"724\" height=\"1024\" data-id=\"5418\"  src=\"http:\/\/www.ulcgt69villefranche.fr\/wp-content\/uploads\/2025\/04\/Tract-1er-2025-Recto-724x1024.jpg\" alt=\"\" class=\"wp-image-5418\" srcset=\"http:\/\/www.ulcgt69villefranche.fr\/wp-content\/uploads\/2025\/04\/Tract-1er-2025-Recto-724x1024.jpg 724w, http:\/\/www.ulcgt69villefranche.fr\/wp-content\/uploads\/2025\/04\/Tract-1er-2025-Recto-212x300.jpg 212w, http:\/\/www.ulcgt69villefranche.fr\/wp-content\/uploads\/2025\/04\/Tract-1er-2025-Recto-768x1086.jpg 768w, http:\/\/www.ulcgt69villefranche.fr\/wp-content\/uploads\/2025\/04\/Tract-1er-2025-Recto-1087x1536.jpg 1087w, http:\/\/www.ulcgt69villefranche.fr\/wp-content\/uploads\/2025\/04\/Tract-1er-2025-Recto.jpg 1240w\" sizes=\"(max-width: 724px) 100vw, 724px\" \/><\/a><\/figure>\n\n\n\n<figure class=\"wp-block-image\"><img src=\"http:\/\/www.ulcgt69villefranche.fr\/wp-content\/uploads\/2025\/04\/Tract-1er-2025-Verso-724x1024.jpg\" alt=\"L\u2019attribut alt de cette image est vide, son nom de fichier est Tract-1er-2025-Verso-724x1024.jpg.\"\/><\/figure>\n<\/figure>\n\n\n\n<h2 class=\"has-text-align-center\"><a href=\"http:\/\/www.ulcgt69villefranche.fr\/wp-content\/uploads\/2025\/04\/Tract-1er-2025.pdf\" target=\"_blank\" rel=\"noreferrer noopener\">Tract 1er Mai (format pdf)<\/a><\/h2>\n\n\n<h2>Manifester pour la d\u00e9mocratie et la justice sociale<\/h2>\n<p>Le 1er mai,\u00a0<strong>journ\u00e9e internationale de lutte des travailleurs et des travailleuses<\/strong>, a cette ann\u00e9e un sens particulier.\u00a0<\/p>\n<p>Alors que les guerres se propagent pour les profits de quelques-uns, les syndicats appellent partout sur la plan\u00e8te les salari\u00e9\u00b7es \u00e0 manifester pour d\u00e9fendre la paix juste et durable, c\u2019est-\u00e0-dire non pas aux conditions des agresseurs mais dans le<strong>\u00a0respect du droit international<\/strong>.\u00a0<\/p>\n<p>Apr\u00e8s les drames de centaines de milliers de morts, notamment en Ukraine et en Palestine,\u00a0<strong>le droit des peuples\u00a0<\/strong>doit \u00eatre urgemment appliqu\u00e9. Il en va de notre humanit\u00e9.<\/p>\n<h2>Agir face \u00e0 l&rsquo;internationale r\u00e9actionnaire<\/h2>\n<p>Trump et ses alli\u00e9s milliardaires attaquent le droit \u00e0 l\u2019avortement, \u00e0 l\u2019\u00e9ducation ou encore l\u2019aide au d\u00e9veloppement. D\u00e9fendons une soci\u00e9t\u00e9 d\u00e9mocratique et de justice sociale.<\/p>\n<p>Racisme, antis\u00e9mitisme, discriminations :\u00a0<strong>partout le poison de la division progresse, instrumentalis\u00e9, voire organis\u00e9 par l\u2019extr\u00eame droite et les m\u00e9dias des milliardaires.\u00a0<\/strong><\/p>\n<p>\u00c0 l\u2019inverse,<strong>\u00a0<\/strong>les salari\u00e9\u00b7es avec leur syndicat, d\u00e9fendent la coop\u00e9ration et la solidarit\u00e9 concr\u00e8te entre les travailleur\u00b7euses du monde entier. Plut\u00f4t que le moins-disant social et la concurrence entre les salari\u00e9\u00b7es organis\u00e9e par les d\u00e9tenteurs des multinationales pour leurs seuls int\u00e9r\u00eats, le meilleur \u00ab protectionnisme \u00bb est l\u2019am\u00e9lioration des droits sociaux et environnementaux, ici et l\u00e0-bas.<\/p>\n<h2>Augmenter nos salaires<\/h2>\n<p>Dans de nombreuses entreprises, avec la CGT, les salari\u00e9\u00b7es revendiquent, se mobilisent et obtiennent des augmentations de salaire.\u00a0<\/p>\n<p>Plut\u00f4t que des primes occasionnelles non-cotis\u00e9es,\u00a0<strong>n\u00e9gocier des augmentations de salaire brut<\/strong>, c\u2019est + de cotisations sociales et donc de meilleures pensions de retraites, et c\u2019est aussi + de salaire net pour vivre dignement de son travail.<\/p>\n<h2>Gagner l&rsquo;abrogation de la retraite \u00e0 64 ans<\/h2>\n<p>Pr\u00e8s de 70% de la population d\u00e9fend, comme la CGT, l\u2019abrogation de la contre-r\u00e9forme des retraites pass\u00e9e en force par 49-3 en 2023. Le gouvernement est fragile : le pr\u00e9c\u00e9dent a d\u2019ailleurs \u00e9t\u00e9 renvers\u00e9 par une motion de censure.\u00a0<\/p>\n<p>En se mobilisant on peut les faire reculer sur cette r\u00e9forme injuste<strong>\u00a0<\/strong>(1 salari\u00e9 sur 2 n\u2019est d\u00e9j\u00e0 plus en emploi apr\u00e8s 60 ans) et injustifi\u00e9e (les caisses de retraites sont, contrairement au budget de l\u2019\u00c9tat, tr\u00e8s peu d\u00e9ficitaires).\u00a0<\/p>\n<p>Face \u00e0 leur volont\u00e9 de\u00a0<strong>privatiser nos retraites en les jouant en bourse par la capitalisation<\/strong>,<strong>\u00a0<\/strong>d\u00e9fendons notre syst\u00e8me par r\u00e9partition solide et solidaire !<\/p>\n<div class=\"field field-paragraph--field-titre-3 field-name-field-titre-3 field-type-string field-label-hidden\">\n<div class=\"field-items\">\n<div class=\"field-item\">Retraites : de l&rsquo;argent, il y en a !<\/div>\n<\/div>\n<\/div>\n<h3 class=\"small field-sep-32\">\u00a0<\/h3>\n<div class=\"field-sep-32\">\n<div class=\"field field-paragraph--field-text-3 field-name-field-text-3 field-type-text-long field-label-hidden\">\n<div class=\"field-items\">\n<div class=\"field-item\">\n<p><strong>La CGT propose des solutions pour financer les 15 milliards \u20ac n\u00e9cessaires pour gagner le retour aux 62 ans, \u00e9tape vers les 60 ans :<\/strong>\u00a0\u00e9galit\u00e9 salariale femmes-hommes, faire contribuer les dividendes des actionnaires, lutte contre la fraude patronale aux cotisations sociales, soumettre aux cotisations les primes d\u2019int\u00e9ressement et de participation, hausse de 1% des cotisations dites patronales\u2026<\/p>\n<\/div>\n<\/div>\n<\/div>\n<\/div>\n<p><a class=\"more-link\" href=\"https:\/\/www.cgt.fr\/retraites2025\" target=\"_blank\" rel=\"noopener\">Voir la campagne et les outils de mobilisation<\/a><\/p>\n\n\n<figure class=\"wp-container-4 wp-block-gallery-3 wp-block-gallery has-nested-images columns-default is-cropped\">\n<figure class=\"wp-block-image size-large\"><a href=\"http:\/\/www.ulcgt69villefranche.fr\/wp-content\/uploads\/2025\/04\/Tract-1er-2025-Recto-1.jpg\"><img loading=\"lazy\" width=\"724\" height=\"1024\" data-id=\"5425\"  src=\"http:\/\/www.ulcgt69villefranche.fr\/wp-content\/uploads\/2025\/04\/Tract-1er-2025-Recto-1-724x1024.jpg\" alt=\"\" class=\"wp-image-5425\" srcset=\"http:\/\/www.ulcgt69villefranche.fr\/wp-content\/uploads\/2025\/04\/Tract-1er-2025-Recto-1-724x1024.jpg 724w, http:\/\/www.ulcgt69villefranche.fr\/wp-content\/uploads\/2025\/04\/Tract-1er-2025-Recto-1-212x300.jpg 212w, http:\/\/www.ulcgt69villefranche.fr\/wp-content\/uploads\/2025\/04\/Tract-1er-2025-Recto-1-768x1086.jpg 768w, http:\/\/www.ulcgt69villefranche.fr\/wp-content\/uploads\/2025\/04\/Tract-1er-2025-Recto-1-1087x1536.jpg 1087w, http:\/\/www.ulcgt69villefranche.fr\/wp-content\/uploads\/2025\/04\/Tract-1er-2025-Recto-1.jpg 1240w\" sizes=\"(max-width: 724px) 100vw, 724px\" \/><\/a><\/figure>\n\n\n\n<figure class=\"wp-block-image size-large\"><a href=\"http:\/\/www.ulcgt69villefranche.fr\/wp-content\/uploads\/2025\/04\/Tract-1er-2025-Verso-1.jpg\"><img loading=\"lazy\" width=\"724\" height=\"1024\" data-id=\"5424\"  src=\"http:\/\/www.ulcgt69villefranche.fr\/wp-content\/uploads\/2025\/04\/Tract-1er-2025-Verso-1-724x1024.jpg\" alt=\"\" class=\"wp-image-5424\" srcset=\"http:\/\/www.ulcgt69villefranche.fr\/wp-content\/uploads\/2025\/04\/Tract-1er-2025-Verso-1-724x1024.jpg 724w, http:\/\/www.ulcgt69villefranche.fr\/wp-content\/uploads\/2025\/04\/Tract-1er-2025-Verso-1-212x300.jpg 212w, http:\/\/www.ulcgt69villefranche.fr\/wp-content\/uploads\/2025\/04\/Tract-1er-2025-Verso-1-768x1086.jpg 768w, http:\/\/www.ulcgt69villefranche.fr\/wp-content\/uploads\/2025\/04\/Tract-1er-2025-Verso-1-1087x1536.jpg 1087w, http:\/\/www.ulcgt69villefranche.fr\/wp-content\/uploads\/2025\/04\/Tract-1er-2025-Verso-1.jpg 1240w\" sizes=\"(max-width: 724px) 100vw, 724px\" \/><\/a><\/figure>\n<\/figure>\n\n\n\n<h2 class=\"has-text-align-center\"><a rel=\"noreferrer noopener\" href=\"http:\/\/www.ulcgt69villefranche.fr\/wp-content\/uploads\/2025\/04\/Tract-1er-2025.pdf\" target=\"_blank\">Tract 1er Mai (format pdf)<\/a><\/h2>\n","protected":false},"excerpt":{"rendered":"<p>Jeudi 1er Mai 2025 \u00e0 10h30 Manifestation de la place de la Lib\u00e9ration \u00e0 la rue de la Paix Tract 1er Mai (format pdf) Manifester pour la d\u00e9mocratie et la justice sociale Le 1er mai,\u00a0journ\u00e9e internationale de lutte des travailleurs et des travailleuses, a cette ann\u00e9e un sens particulier.\u00a0 Alors que les guerres se propagent [&hellip;]<\/p>\n","protected":false},"author":7,"featured_media":0,"comment_status":"closed","ping_status":"closed","sticky":false,"template":"","format":"standard","meta":[],"categories":[1],"tags":[],"_links":{"self":[{"href":"http:\/\/www.ulcgt69villefranche.fr\/index.php?rest_route=\/wp\/v2\/posts\/5417"}],"collection":[{"href":"http:\/\/www.ulcgt69villefranche.fr\/index.php?rest_route=\/wp\/v2\/posts"}],"about":[{"href":"http:\/\/www.ulcgt69villefranche.fr\/index.php?rest_route=\/wp\/v2\/types\/post"}],"author":[{"embeddable":true,"href":"http:\/\/www.ulcgt69villefranche.fr\/index.php?rest_route=\/wp\/v2\/users\/7"}],"replies":[{"embeddable":true,"href":"http:\/\/www.ulcgt69villefranche.fr\/index.php?rest_route=%2Fwp%2Fv2%2Fcomments&post=5417"}],"version-history":[{"count":5,"href":"http:\/\/www.ulcgt69villefranche.fr\/index.php?rest_route=\/wp\/v2\/posts\/5417\/revisions"}],"predecessor-version":[{"id":5430,"href":"http:\/\/www.ulcgt69villefranche.fr\/index.php?rest_route=\/wp\/v2\/posts\/5417\/revisions\/5430"}],"wp:attachment":[{"href":"http:\/\/www.ulcgt69villefranche.fr\/index.php?rest_route=%2Fwp%2Fv2%2Fmedia&parent=5417"}],"wp:term":[{"taxonomy":"category","embeddable":true,"href":"http:\/\/www.ulcgt69villefranche.fr\/index.php?rest_route=%2Fwp%2Fv2%2Fcategories&post=5417"},{"taxonomy":"post_tag","embeddable":true,"href":"http:\/\/www.ulcgt69villefranche.fr\/index.php?rest_route=%2Fwp%2Fv2%2Ftags&post=5417"}],"curies":[{"name":"wp","href":"https:\/\/api.w.org\/{rel}","templated":true}]}}