{"id":5403,"date":"2025-04-18T13:55:44","date_gmt":"2025-04-18T11:55:44","guid":{"rendered":"http:\/\/www.ulcgt69villefranche.fr\/?p=5403"},"modified":"2025-04-22T17:21:55","modified_gmt":"2025-04-22T15:21:55","slug":"24-avril-2025-mobilisation-le-24-avril-en-soutien-a-notre-camarade-convoquee-a-un-entretien-prealable-a-sanction","status":"publish","type":"post","link":"http:\/\/www.ulcgt69villefranche.fr\/?p=5403","title":{"rendered":"24 Avril 2025 Mobilisation le 24 Avril en soutien \u00e0 notre camarade convoqu\u00e9e \u00e0 un entretien pr\u00e9alable \u00e0 sanction"},"content":{"rendered":"\n<h1>Mobilisation le  jeudi 24 Avril \u00e0 8h30 devant le si\u00e8ge de l&rsquo;AGIVR 408 Rue des Remparts 69400 Villefranche sur Sa\u00f4ne<\/h1>\n\n\n\n<h2>Notre camarade\u00a0<strong>Kherra Firouze<\/strong>,\u00a0d\u00e9l\u00e9gu\u00e9e syndicale CGT,\u00a0est convoqu\u00e9e ce jeudi \u00e0 un entretien pr\u00e9alable \u00e0 sanction, pouvant aller jusqu\u2019\u00e0 un licenciement.\u00a0<\/h2>\n\n\n\n<h2>Une proc\u00e9dure engag\u00e9e alors m\u00eame que les camarades CGT AGIVR d\u00e9fendent les droits de tous.tes les\u00a0<a rel=\"noreferrer noopener\" href=\"http:\/\/xn--salari-gva.es\/\" target=\"_blank\">salari\u00e9.es<\/a>\u00a0et alertent sur les conditions de travail d\u00e9grad\u00e9es \u00e0 l\u2019AGIVR\u00a0\u00a0<\/h2>\n\n\n\n<h2>Soyons nombreux et&nbsp; nombreuses \u00e0 la soutenir&nbsp;<\/h2>\n\n\n\n<h2>Fraternellement<\/h2>\n\n\n<div class=\"wp-block-image\">\n<figure class=\"aligncenter size-large\"><a href=\"http:\/\/www.ulcgt69villefranche.fr\/wp-content\/uploads\/2025\/04\/Tract-SYNDICAT-CGT-AGIV1-V4.jpg\"><img loading=\"lazy\" width=\"791\" height=\"1024\" src=\"http:\/\/www.ulcgt69villefranche.fr\/wp-content\/uploads\/2025\/04\/Tract-SYNDICAT-CGT-AGIV1-V4-791x1024.jpg\" alt=\"\" class=\"wp-image-5411\" srcset=\"http:\/\/www.ulcgt69villefranche.fr\/wp-content\/uploads\/2025\/04\/Tract-SYNDICAT-CGT-AGIV1-V4-791x1024.jpg 791w, http:\/\/www.ulcgt69villefranche.fr\/wp-content\/uploads\/2025\/04\/Tract-SYNDICAT-CGT-AGIV1-V4-232x300.jpg 232w, http:\/\/www.ulcgt69villefranche.fr\/wp-content\/uploads\/2025\/04\/Tract-SYNDICAT-CGT-AGIV1-V4-768x994.jpg 768w, http:\/\/www.ulcgt69villefranche.fr\/wp-content\/uploads\/2025\/04\/Tract-SYNDICAT-CGT-AGIV1-V4-1187x1536.jpg 1187w, http:\/\/www.ulcgt69villefranche.fr\/wp-content\/uploads\/2025\/04\/Tract-SYNDICAT-CGT-AGIV1-V4.jpg 1275w\" sizes=\"(max-width: 791px) 100vw, 791px\" \/><\/a><figcaption><strong><a rel=\"noreferrer noopener\" href=\"http:\/\/www.ulcgt69villefranche.fr\/wp-content\/uploads\/2025\/04\/Tract-SYNDICAT-CGT-AGIV1-V4.pdf\" target=\"_blank\">Tract SYNDICAT CGT AGIV1 V4<\/a><\/strong><\/figcaption><\/figure><\/div>","protected":false},"excerpt":{"rendered":"<p>Mobilisation le jeudi 24 Avril \u00e0 8h30 devant le si\u00e8ge de l&rsquo;AGIVR 408 Rue des Remparts 69400 Villefranche sur Sa\u00f4ne Notre camarade\u00a0Kherra Firouze,\u00a0d\u00e9l\u00e9gu\u00e9e syndicale CGT,\u00a0est convoqu\u00e9e ce jeudi \u00e0 un entretien pr\u00e9alable \u00e0 sanction, pouvant aller jusqu\u2019\u00e0 un licenciement.\u00a0 Une proc\u00e9dure engag\u00e9e alors m\u00eame que les camarades CGT AGIVR d\u00e9fendent les droits de tous.tes les\u00a0salari\u00e9.es\u00a0et [&hellip;]<\/p>\n","protected":false},"author":7,"featured_media":0,"comment_status":"closed","ping_status":"closed","sticky":false,"template":"","format":"standard","meta":[],"categories":[1],"tags":[],"_links":{"self":[{"href":"http:\/\/www.ulcgt69villefranche.fr\/index.php?rest_route=\/wp\/v2\/posts\/5403"}],"collection":[{"href":"http:\/\/www.ulcgt69villefranche.fr\/index.php?rest_route=\/wp\/v2\/posts"}],"about":[{"href":"http:\/\/www.ulcgt69villefranche.fr\/index.php?rest_route=\/wp\/v2\/types\/post"}],"author":[{"embeddable":true,"href":"http:\/\/www.ulcgt69villefranche.fr\/index.php?rest_route=\/wp\/v2\/users\/7"}],"replies":[{"embeddable":true,"href":"http:\/\/www.ulcgt69villefranche.fr\/index.php?rest_route=%2Fwp%2Fv2%2Fcomments&post=5403"}],"version-history":[{"count":5,"href":"http:\/\/www.ulcgt69villefranche.fr\/index.php?rest_route=\/wp\/v2\/posts\/5403\/revisions"}],"predecessor-version":[{"id":5416,"href":"http:\/\/www.ulcgt69villefranche.fr\/index.php?rest_route=\/wp\/v2\/posts\/5403\/revisions\/5416"}],"wp:attachment":[{"href":"http:\/\/www.ulcgt69villefranche.fr\/index.php?rest_route=%2Fwp%2Fv2%2Fmedia&parent=5403"}],"wp:term":[{"taxonomy":"category","embeddable":true,"href":"http:\/\/www.ulcgt69villefranche.fr\/index.php?rest_route=%2Fwp%2Fv2%2Fcategories&post=5403"},{"taxonomy":"post_tag","embeddable":true,"href":"http:\/\/www.ulcgt69villefranche.fr\/index.php?rest_route=%2Fwp%2Fv2%2Ftags&post=5403"}],"curies":[{"name":"wp","href":"https:\/\/api.w.org\/{rel}","templated":true}]}}