{"id":5389,"date":"2025-03-10T18:26:51","date_gmt":"2025-03-10T17:26:51","guid":{"rendered":"http:\/\/www.ulcgt69villefranche.fr\/?p=5389"},"modified":"2025-03-19T15:02:25","modified_gmt":"2025-03-19T14:02:25","slug":"10-aout-2025-quelques-photos-du-rassemblement-pour-la-journee-internationale-des-droits-des-femmes","status":"publish","type":"post","link":"http:\/\/www.ulcgt69villefranche.fr\/?p=5389","title":{"rendered":"8 mars 2025 Quelques photos du rassemblement pour la Journ\u00e9e internationale des droits des femmes"},"content":{"rendered":"\n<h1 class=\"has-text-align-center\">8 mars 2025 Quelques photos du rassemblement pour la Journ\u00e9e internationale des droits des femmes<\/h1>\n\n\n\n<figure class=\"wp-container-2 wp-block-gallery-1 wp-block-gallery has-nested-images columns-default is-cropped\">\n<figure class=\"wp-block-image size-large\"><a href=\"http:\/\/www.ulcgt69villefranche.fr\/wp-content\/uploads\/2025\/03\/DSC_0030-scaled.jpg\"><img loading=\"lazy\" width=\"1024\" height=\"678\" data-id=\"5393\"  src=\"http:\/\/www.ulcgt69villefranche.fr\/wp-content\/uploads\/2025\/03\/DSC_0030-1024x678.jpg\" alt=\"\" class=\"wp-image-5393\" srcset=\"http:\/\/www.ulcgt69villefranche.fr\/wp-content\/uploads\/2025\/03\/DSC_0030-1024x678.jpg 1024w, http:\/\/www.ulcgt69villefranche.fr\/wp-content\/uploads\/2025\/03\/DSC_0030-300x199.jpg 300w, http:\/\/www.ulcgt69villefranche.fr\/wp-content\/uploads\/2025\/03\/DSC_0030-768x509.jpg 768w, http:\/\/www.ulcgt69villefranche.fr\/wp-content\/uploads\/2025\/03\/DSC_0030-1536x1017.jpg 1536w, http:\/\/www.ulcgt69villefranche.fr\/wp-content\/uploads\/2025\/03\/DSC_0030-2048x1356.jpg 2048w\" sizes=\"(max-width: 1024px) 100vw, 1024px\" \/><\/a><\/figure>\n\n\n\n<figure class=\"wp-block-image size-large\"><a href=\"http:\/\/www.ulcgt69villefranche.fr\/wp-content\/uploads\/2025\/03\/DSC_0036-scaled.jpg\"><img loading=\"lazy\" width=\"1024\" height=\"678\" data-id=\"5395\"  src=\"http:\/\/www.ulcgt69villefranche.fr\/wp-content\/uploads\/2025\/03\/DSC_0036-1024x678.jpg\" alt=\"\" class=\"wp-image-5395\" srcset=\"http:\/\/www.ulcgt69villefranche.fr\/wp-content\/uploads\/2025\/03\/DSC_0036-1024x678.jpg 1024w, http:\/\/www.ulcgt69villefranche.fr\/wp-content\/uploads\/2025\/03\/DSC_0036-300x199.jpg 300w, http:\/\/www.ulcgt69villefranche.fr\/wp-content\/uploads\/2025\/03\/DSC_0036-768x509.jpg 768w, http:\/\/www.ulcgt69villefranche.fr\/wp-content\/uploads\/2025\/03\/DSC_0036-1536x1017.jpg 1536w, http:\/\/www.ulcgt69villefranche.fr\/wp-content\/uploads\/2025\/03\/DSC_0036-2048x1356.jpg 2048w\" sizes=\"(max-width: 1024px) 100vw, 1024px\" \/><\/a><\/figure>\n\n\n\n<figure class=\"wp-block-image size-large\"><a href=\"http:\/\/www.ulcgt69villefranche.fr\/wp-content\/uploads\/2025\/03\/DSC_0038-scaled.jpg\"><img loading=\"lazy\" width=\"1024\" height=\"678\" data-id=\"5390\"  src=\"http:\/\/www.ulcgt69villefranche.fr\/wp-content\/uploads\/2025\/03\/DSC_0038-1024x678.jpg\" alt=\"\" class=\"wp-image-5390\" srcset=\"http:\/\/www.ulcgt69villefranche.fr\/wp-content\/uploads\/2025\/03\/DSC_0038-1024x678.jpg 1024w, http:\/\/www.ulcgt69villefranche.fr\/wp-content\/uploads\/2025\/03\/DSC_0038-300x199.jpg 300w, http:\/\/www.ulcgt69villefranche.fr\/wp-content\/uploads\/2025\/03\/DSC_0038-768x509.jpg 768w, http:\/\/www.ulcgt69villefranche.fr\/wp-content\/uploads\/2025\/03\/DSC_0038-1536x1017.jpg 1536w, http:\/\/www.ulcgt69villefranche.fr\/wp-content\/uploads\/2025\/03\/DSC_0038-2048x1356.jpg 2048w\" sizes=\"(max-width: 1024px) 100vw, 1024px\" \/><\/a><\/figure>\n\n\n\n<figure class=\"wp-block-image size-large\"><a href=\"http:\/\/www.ulcgt69villefranche.fr\/wp-content\/uploads\/2025\/03\/DSC_0039-scaled.jpg\"><img loading=\"lazy\" width=\"1024\" height=\"678\" data-id=\"5392\"  src=\"http:\/\/www.ulcgt69villefranche.fr\/wp-content\/uploads\/2025\/03\/DSC_0039-1024x678.jpg\" alt=\"\" class=\"wp-image-5392\" srcset=\"http:\/\/www.ulcgt69villefranche.fr\/wp-content\/uploads\/2025\/03\/DSC_0039-1024x678.jpg 1024w, http:\/\/www.ulcgt69villefranche.fr\/wp-content\/uploads\/2025\/03\/DSC_0039-300x199.jpg 300w, http:\/\/www.ulcgt69villefranche.fr\/wp-content\/uploads\/2025\/03\/DSC_0039-768x509.jpg 768w, http:\/\/www.ulcgt69villefranche.fr\/wp-content\/uploads\/2025\/03\/DSC_0039-1536x1017.jpg 1536w, http:\/\/www.ulcgt69villefranche.fr\/wp-content\/uploads\/2025\/03\/DSC_0039-2048x1356.jpg 2048w\" sizes=\"(max-width: 1024px) 100vw, 1024px\" \/><\/a><\/figure>\n\n\n\n<figure class=\"wp-block-image size-large\"><a href=\"http:\/\/www.ulcgt69villefranche.fr\/wp-content\/uploads\/2025\/03\/DSC_0040-scaled.jpg\"><img loading=\"lazy\" width=\"1024\" height=\"678\" data-id=\"5394\"  src=\"http:\/\/www.ulcgt69villefranche.fr\/wp-content\/uploads\/2025\/03\/DSC_0040-1024x678.jpg\" alt=\"\" class=\"wp-image-5394\" srcset=\"http:\/\/www.ulcgt69villefranche.fr\/wp-content\/uploads\/2025\/03\/DSC_0040-1024x678.jpg 1024w, http:\/\/www.ulcgt69villefranche.fr\/wp-content\/uploads\/2025\/03\/DSC_0040-300x199.jpg 300w, http:\/\/www.ulcgt69villefranche.fr\/wp-content\/uploads\/2025\/03\/DSC_0040-768x509.jpg 768w, http:\/\/www.ulcgt69villefranche.fr\/wp-content\/uploads\/2025\/03\/DSC_0040-1536x1017.jpg 1536w, http:\/\/www.ulcgt69villefranche.fr\/wp-content\/uploads\/2025\/03\/DSC_0040-2048x1356.jpg 2048w\" sizes=\"(max-width: 1024px) 100vw, 1024px\" \/><\/a><\/figure>\n\n\n\n<figure class=\"wp-block-image size-large\"><a href=\"http:\/\/www.ulcgt69villefranche.fr\/wp-content\/uploads\/2025\/03\/DSC_0041-scaled.jpg\"><img loading=\"lazy\" width=\"1024\" height=\"678\" data-id=\"5391\"  src=\"http:\/\/www.ulcgt69villefranche.fr\/wp-content\/uploads\/2025\/03\/DSC_0041-1024x678.jpg\" alt=\"\" class=\"wp-image-5391\" srcset=\"http:\/\/www.ulcgt69villefranche.fr\/wp-content\/uploads\/2025\/03\/DSC_0041-1024x678.jpg 1024w, http:\/\/www.ulcgt69villefranche.fr\/wp-content\/uploads\/2025\/03\/DSC_0041-300x199.jpg 300w, http:\/\/www.ulcgt69villefranche.fr\/wp-content\/uploads\/2025\/03\/DSC_0041-768x509.jpg 768w, http:\/\/www.ulcgt69villefranche.fr\/wp-content\/uploads\/2025\/03\/DSC_0041-1536x1017.jpg 1536w, http:\/\/www.ulcgt69villefranche.fr\/wp-content\/uploads\/2025\/03\/DSC_0041-2048x1356.jpg 2048w\" sizes=\"(max-width: 1024px) 100vw, 1024px\" \/><\/a><\/figure>\n\n\n\n<figure class=\"wp-block-image size-large\"><a href=\"http:\/\/www.ulcgt69villefranche.fr\/wp-content\/uploads\/2025\/03\/DSC_0043-scaled.jpg\"><img loading=\"lazy\" width=\"1024\" height=\"678\" data-id=\"5396\"  src=\"http:\/\/www.ulcgt69villefranche.fr\/wp-content\/uploads\/2025\/03\/DSC_0043-1024x678.jpg\" alt=\"\" class=\"wp-image-5396\" srcset=\"http:\/\/www.ulcgt69villefranche.fr\/wp-content\/uploads\/2025\/03\/DSC_0043-1024x678.jpg 1024w, http:\/\/www.ulcgt69villefranche.fr\/wp-content\/uploads\/2025\/03\/DSC_0043-300x199.jpg 300w, http:\/\/www.ulcgt69villefranche.fr\/wp-content\/uploads\/2025\/03\/DSC_0043-768x509.jpg 768w, http:\/\/www.ulcgt69villefranche.fr\/wp-content\/uploads\/2025\/03\/DSC_0043-1536x1017.jpg 1536w, http:\/\/www.ulcgt69villefranche.fr\/wp-content\/uploads\/2025\/03\/DSC_0043-2048x1356.jpg 2048w\" sizes=\"(max-width: 1024px) 100vw, 1024px\" \/><\/a><\/figure>\n\n\n\n<figure class=\"wp-block-image size-large\"><a href=\"http:\/\/www.ulcgt69villefranche.fr\/wp-content\/uploads\/2025\/03\/DSC_0044-scaled.jpg\"><img loading=\"lazy\" width=\"1024\" height=\"678\" data-id=\"5397\"  src=\"http:\/\/www.ulcgt69villefranche.fr\/wp-content\/uploads\/2025\/03\/DSC_0044-1024x678.jpg\" alt=\"\" class=\"wp-image-5397\" srcset=\"http:\/\/www.ulcgt69villefranche.fr\/wp-content\/uploads\/2025\/03\/DSC_0044-1024x678.jpg 1024w, http:\/\/www.ulcgt69villefranche.fr\/wp-content\/uploads\/2025\/03\/DSC_0044-300x199.jpg 300w, http:\/\/www.ulcgt69villefranche.fr\/wp-content\/uploads\/2025\/03\/DSC_0044-768x509.jpg 768w, http:\/\/www.ulcgt69villefranche.fr\/wp-content\/uploads\/2025\/03\/DSC_0044-1536x1017.jpg 1536w, http:\/\/www.ulcgt69villefranche.fr\/wp-content\/uploads\/2025\/03\/DSC_0044-2048x1356.jpg 2048w\" sizes=\"(max-width: 1024px) 100vw, 1024px\" \/><\/a><\/figure>\n<\/figure>\n\n\n\n<h2 class=\"has-text-align-center\">D\u00e9claration de la secr\u00e9taire de l&rsquo;Union Locale<\/h2>\n\n\n\n<figure class=\"wp-block-video aligncenter\"><video controls src=\"http:\/\/www.ulcgt69villefranche.fr\/wp-content\/uploads\/2025\/03\/Declaration-pour-le-8-mars-2025.mp4\"><\/video><\/figure>\n","protected":false},"excerpt":{"rendered":"<p>8 mars 2025 Quelques photos du rassemblement pour la Journ\u00e9e internationale des droits des femmes D\u00e9claration de la secr\u00e9taire de l&rsquo;Union Locale<\/p>\n","protected":false},"author":7,"featured_media":0,"comment_status":"closed","ping_status":"closed","sticky":false,"template":"","format":"standard","meta":[],"categories":[1],"tags":[],"_links":{"self":[{"href":"http:\/\/www.ulcgt69villefranche.fr\/index.php?rest_route=\/wp\/v2\/posts\/5389"}],"collection":[{"href":"http:\/\/www.ulcgt69villefranche.fr\/index.php?rest_route=\/wp\/v2\/posts"}],"about":[{"href":"http:\/\/www.ulcgt69villefranche.fr\/index.php?rest_route=\/wp\/v2\/types\/post"}],"author":[{"embeddable":true,"href":"http:\/\/www.ulcgt69villefranche.fr\/index.php?rest_route=\/wp\/v2\/users\/7"}],"replies":[{"embeddable":true,"href":"http:\/\/www.ulcgt69villefranche.fr\/index.php?rest_route=%2Fwp%2Fv2%2Fcomments&post=5389"}],"version-history":[{"count":2,"href":"http:\/\/www.ulcgt69villefranche.fr\/index.php?rest_route=\/wp\/v2\/posts\/5389\/revisions"}],"predecessor-version":[{"id":5401,"href":"http:\/\/www.ulcgt69villefranche.fr\/index.php?rest_route=\/wp\/v2\/posts\/5389\/revisions\/5401"}],"wp:attachment":[{"href":"http:\/\/www.ulcgt69villefranche.fr\/index.php?rest_route=%2Fwp%2Fv2%2Fmedia&parent=5389"}],"wp:term":[{"taxonomy":"category","embeddable":true,"href":"http:\/\/www.ulcgt69villefranche.fr\/index.php?rest_route=%2Fwp%2Fv2%2Fcategories&post=5389"},{"taxonomy":"post_tag","embeddable":true,"href":"http:\/\/www.ulcgt69villefranche.fr\/index.php?rest_route=%2Fwp%2Fv2%2Ftags&post=5389"}],"curies":[{"name":"wp","href":"https:\/\/api.w.org\/{rel}","templated":true}]}}