{"id":5368,"date":"2025-03-03T18:08:07","date_gmt":"2025-03-03T17:08:07","guid":{"rendered":"http:\/\/www.ulcgt69villefranche.fr\/?p=5368"},"modified":"2025-03-06T16:14:49","modified_gmt":"2025-03-06T15:14:49","slug":"08-mars-2025-journee-internationale-de-lutte-pour-le-droits-des-femmes","status":"publish","type":"post","link":"http:\/\/www.ulcgt69villefranche.fr\/?p=5368","title":{"rendered":"08 Mars 2025 Journ\u00e9e Internationale de lutte pour le droits des femmes"},"content":{"rendered":"\n<h1>08 Mars 2025 Journ\u00e9e Internationale de lutte pour le droits des femmes  10h00 Jardin de la Mairie<\/h1>\n\n\n<div class=\"wp-block-image\">\n<figure class=\"aligncenter size-large\"><a href=\"http:\/\/www.ulcgt69villefranche.fr\/wp-content\/uploads\/2025\/03\/Journee-Internationale-de-lutte-pour-le-droits-des-femmes.jpg\"><img loading=\"lazy\" width=\"730\" height=\"1024\" src=\"http:\/\/www.ulcgt69villefranche.fr\/wp-content\/uploads\/2025\/03\/Journee-Internationale-de-lutte-pour-le-droits-des-femmes-730x1024.jpg\" alt=\"\" class=\"wp-image-5370\" srcset=\"http:\/\/www.ulcgt69villefranche.fr\/wp-content\/uploads\/2025\/03\/Journee-Internationale-de-lutte-pour-le-droits-des-femmes-730x1024.jpg 730w, http:\/\/www.ulcgt69villefranche.fr\/wp-content\/uploads\/2025\/03\/Journee-Internationale-de-lutte-pour-le-droits-des-femmes-214x300.jpg 214w, http:\/\/www.ulcgt69villefranche.fr\/wp-content\/uploads\/2025\/03\/Journee-Internationale-de-lutte-pour-le-droits-des-femmes-768x1077.jpg 768w, http:\/\/www.ulcgt69villefranche.fr\/wp-content\/uploads\/2025\/03\/Journee-Internationale-de-lutte-pour-le-droits-des-femmes.jpg 913w\" sizes=\"(max-width: 730px) 100vw, 730px\" \/><\/a><figcaption><a href=\"https:\/\/www.google.fr\/maps\/place\/Square+de+l'h%C3%B4tel+de+ville\/@45.9882917,4.7147601,19z\/data=!4m6!3m5!1s0x47f485509b4eb663:0x22994495ac911749!8m2!3d45.9882159!4d4.7153835!16s%2Fg%2F11tcv3mj_y?entry=ttu&amp;g_ep=EgoyMDI1MDIyNi4xIKXMDSoASAFQAw%3D%3D\" target=\"_blank\" rel=\"noreferrer noopener\">Square de l&rsquo;H\u00f4tel de Ville<\/a><\/figcaption><\/figure><\/div>\n\n<h1 class=\"field-sep-24\">8 mars 2025 : on se l\u00e8ve et on manifeste !<\/h1>\n<div class=\"intro summary body-summary parag-sep\">Ecarts de salaires, temps partiels impos\u00e9s, retraites amput\u00e9es, violences sexistes et sexuelles, surcharge des t\u00e2ches domestiques et familiales\u2026 Malgr\u00e9 des d\u00e9cennies de luttes, l&rsquo;\u00e9galit\u00e9 entre les femmes et les hommes au travail est encore loin d&rsquo;\u00eatre une r\u00e9alit\u00e9. Alors, le 8 mars, on se l\u00e8ve et on manifeste pour les droits des femmes.<\/div>\n<div class=\"field-node--body field-body body parag-sep\">\n<div class=\"field field-node--body field-name-body field-type-text-with-summary field-label-hidden\">\n<div class=\"field-items\">\n<div class=\"field-item\">\n<p>Malgr\u00e9 les discours officiels, les in\u00e9galit\u00e9s femmes-hommes persistent : \u00e9carts de salaires, temps partiel impos\u00e9, retraites amput\u00e9es, violences sexistes et sexuelles, surcharge des t\u00e2ches domestiques et familiales\u2026&nbsp;<\/p>\n<h3>Les femmes ne demandent pas la lune, mais l&rsquo;\u00c9-GA-LI-T\u00c9 !<\/h3>\n<p>Le 8 mars, journ\u00e9e internationale de lutte pour les droits des femmes, n\u2019est ni une f\u00eate ni une comm\u00e9moration : c\u2019est une journ\u00e9e de gr\u00e8ve et de mobilisation !&nbsp;<\/p>\n<p>A l&rsquo;occasion du 8 mars, la CGT appelle l\u2019ensemble des travailleuses et travailleurs \u00e0 se mobiliser pour l\u2019\u00e9galit\u00e9 r\u00e9elle, l\u2019augmentation des salaires, la fin des violences et la reconnaissance de toutes les professions majoritairement f\u00e9minines.&nbsp;<\/p>\n<p>Retrouver sur le site&nbsp;<a href=\"https:\/\/www.grevefeministe.fr\/8mars2025\/\">grevefeministe.fr&nbsp;<\/a>les infos concernant les mobilisations en France et dans ce dossier les outils CGT pour organiser le 8 mars sur les lieux de travail.<\/p>\n<\/div>\n<\/div>\n<\/div>\n<\/div>\n\n<div class=\"wp-block-image\">\n<figure class=\"aligncenter size-full\"><a href=\"http:\/\/www.ulcgt69villefranche.fr\/wp-content\/uploads\/2025\/03\/On-veut-legalite-entre-les-femmes-et-les-hommes-Recto.jpg\"><img loading=\"lazy\" width=\"560\" height=\"780\" src=\"http:\/\/www.ulcgt69villefranche.fr\/wp-content\/uploads\/2025\/03\/On-veut-legalite-entre-les-femmes-et-les-hommes-Recto.jpg\" alt=\"\" class=\"wp-image-5374\" srcset=\"http:\/\/www.ulcgt69villefranche.fr\/wp-content\/uploads\/2025\/03\/On-veut-legalite-entre-les-femmes-et-les-hommes-Recto.jpg 560w, http:\/\/www.ulcgt69villefranche.fr\/wp-content\/uploads\/2025\/03\/On-veut-legalite-entre-les-femmes-et-les-hommes-Recto-215x300.jpg 215w\" sizes=\"(max-width: 560px) 100vw, 560px\" \/><\/a><\/figure><\/div>\n\n<div class=\"wp-block-image\">\n<figure class=\"aligncenter size-full\"><a href=\"http:\/\/www.ulcgt69villefranche.fr\/wp-content\/uploads\/2025\/03\/On-veut-legalite-entre-les-femmes-et-les-hommes-Verso.jpg\"><img loading=\"lazy\" width=\"549\" height=\"780\" src=\"http:\/\/www.ulcgt69villefranche.fr\/wp-content\/uploads\/2025\/03\/On-veut-legalite-entre-les-femmes-et-les-hommes-Verso.jpg\" alt=\"\" class=\"wp-image-5375\" srcset=\"http:\/\/www.ulcgt69villefranche.fr\/wp-content\/uploads\/2025\/03\/On-veut-legalite-entre-les-femmes-et-les-hommes-Verso.jpg 549w, http:\/\/www.ulcgt69villefranche.fr\/wp-content\/uploads\/2025\/03\/On-veut-legalite-entre-les-femmes-et-les-hommes-Verso-211x300.jpg 211w\" sizes=\"(max-width: 549px) 100vw, 549px\" \/><\/a><figcaption><a href=\"http:\/\/www.ulcgt69villefranche.fr\/wp-content\/uploads\/2025\/03\/On-veut-legalite-entre-les-femmes-et-les-hommes-2025.pdf\" target=\"_blank\" rel=\"noreferrer noopener\">On veut l&rsquo;\u00e9galit\u00e9 entre les femmes et les hommes 2025<\/a><\/figcaption><\/figure><\/div>","protected":false},"excerpt":{"rendered":"<p>08 Mars 2025 Journ\u00e9e Internationale de lutte pour le droits des femmes 10h00 Jardin de la Mairie 8 mars 2025 : on se l\u00e8ve et on manifeste ! Ecarts de salaires, temps partiels impos\u00e9s, retraites amput\u00e9es, violences sexistes et sexuelles, surcharge des t\u00e2ches domestiques et familiales\u2026 Malgr\u00e9 des d\u00e9cennies de luttes, l&rsquo;\u00e9galit\u00e9 entre les femmes [&hellip;]<\/p>\n","protected":false},"author":7,"featured_media":0,"comment_status":"closed","ping_status":"closed","sticky":false,"template":"","format":"standard","meta":[],"categories":[1],"tags":[],"_links":{"self":[{"href":"http:\/\/www.ulcgt69villefranche.fr\/index.php?rest_route=\/wp\/v2\/posts\/5368"}],"collection":[{"href":"http:\/\/www.ulcgt69villefranche.fr\/index.php?rest_route=\/wp\/v2\/posts"}],"about":[{"href":"http:\/\/www.ulcgt69villefranche.fr\/index.php?rest_route=\/wp\/v2\/types\/post"}],"author":[{"embeddable":true,"href":"http:\/\/www.ulcgt69villefranche.fr\/index.php?rest_route=\/wp\/v2\/users\/7"}],"replies":[{"embeddable":true,"href":"http:\/\/www.ulcgt69villefranche.fr\/index.php?rest_route=%2Fwp%2Fv2%2Fcomments&post=5368"}],"version-history":[{"count":5,"href":"http:\/\/www.ulcgt69villefranche.fr\/index.php?rest_route=\/wp\/v2\/posts\/5368\/revisions"}],"predecessor-version":[{"id":5388,"href":"http:\/\/www.ulcgt69villefranche.fr\/index.php?rest_route=\/wp\/v2\/posts\/5368\/revisions\/5388"}],"wp:attachment":[{"href":"http:\/\/www.ulcgt69villefranche.fr\/index.php?rest_route=%2Fwp%2Fv2%2Fmedia&parent=5368"}],"wp:term":[{"taxonomy":"category","embeddable":true,"href":"http:\/\/www.ulcgt69villefranche.fr\/index.php?rest_route=%2Fwp%2Fv2%2Fcategories&post=5368"},{"taxonomy":"post_tag","embeddable":true,"href":"http:\/\/www.ulcgt69villefranche.fr\/index.php?rest_route=%2Fwp%2Fv2%2Ftags&post=5368"}],"curies":[{"name":"wp","href":"https:\/\/api.w.org\/{rel}","templated":true}]}}