{"id":5360,"date":"2025-02-11T19:22:12","date_gmt":"2025-02-11T18:22:12","guid":{"rendered":"http:\/\/www.ulcgt69villefranche.fr\/?p=5360"},"modified":"2025-02-13T08:36:38","modified_gmt":"2025-02-13T07:36:38","slug":"11-fevrier-2025-exigeons-la-reouverture-du-centre-de-sante-dentaire","status":"publish","type":"post","link":"http:\/\/www.ulcgt69villefranche.fr\/?p=5360","title":{"rendered":"11 F\u00e9vrier 2025 Exigeons la r\u00e9ouverture du centre de sant\u00e9 dentaire"},"content":{"rendered":"\n<h1>11 F\u00e9vrier 2025 Exigeons la r\u00e9ouverture du centre de sant\u00e9 dentaire <\/h1>\n\n\n<p>Dans un projet de r\u00e9organisation, Ia CPAM du Rh\u00f4ne a ferm\u00e9 le Centre de Sant\u00e9 Dentaire de Villefranche sur Sa\u00f4ne le 30 novembre 2024, la direction invoquant un manque de chirurgiens-dentistes. Mais comment peut-on rendre responsables les dentistes ?&nbsp;&nbsp;<\/p>\n<p><\/p>\n<p>Comment en parall\u00e8le, peut-on pr\u00e9coniser un basculement vers la m\u00e9decine lib\u00e9rale sous pr\u00e9texte d\u2019une offre suffisante sur Villefranche et du panier 100 % sant\u00e9 alors que tous les soins ne figurent pas dans ce panier de soins ?&nbsp;&nbsp;<\/p>\n<p><\/p>\n<p>Les soins dentaires sont un avantage pr\u00e9cieux offert par la CPAM aux assur\u00e9s qui permet de garantir une bonne sant\u00e9 bucco-dentaire pour tous, ind\u00e9pendamment de leur situation financi\u00e8re. Alors, comment peut-on ignorer que le nouveau Rh\u00f4ne n\u2019a, de fait, plus de centre de soins dentaire ?<\/p>\n<p><\/p>\n<p>Les cons\u00e9quences sont sans communes mesures :&nbsp;<\/p>\n<p><\/p>\n<p>&#8211; Disparition d\u2019une offre de sant\u00e9 solidaire de proximit\u00e9,&nbsp;<\/p>\n<p><\/p>\n<p>&#8211; D\u00e9sertification m\u00e9dicale accentu\u00e9e d&rsquo;une zone beaujolaise fortement peupl\u00e9e,<\/p>\n<p><\/p>\n<p>&#8211; D\u00e9lai d\u2019attente de plus de 3 mois pour un rendez-vous dans un centre dentaire CPAM lyonnais, avec des frais de d\u00e9placement suppl\u00e9mentaires<\/p>\n<p><\/p>\n<p>&#8211; D\u00e9mant\u00e8lement continuel de Ia S\u00e9curit\u00e9 Sociale, \u2026<\/p>\n<p><\/p>\n<p>Les enfants appareill\u00e9s, les adultes en cours de soins, les populations pr\u00e9caris\u00e9es, les s\u00e9niors qui repr\u00e9sentent la majorit\u00e9 de la patient\u00e8le, les assur\u00e9s sociaux de toute la Calade et du Beaujolais en ont pourtant le plus grand besoin.&nbsp;<\/p>\n<p><\/p>\n<p>Malgr\u00e9 que plus de 1600 assur\u00e9s sociaux se sont adress\u00e9s \u00e0 la Direction de la CPAM dans une premi\u00e8re p\u00e9tition pour qu&rsquo;elle renonce \u00e0 cette fermeture : Salari\u00e9 du centre, syndicalistes, \u00e9lus, responsables et militants politiques et associatifs, tous signataires dans l\u2019unit\u00e9 pour le maintien du centre de sant\u00e9 dentaire, la Direction de la CPAM n\u2019a pas r\u00e9pondu \u00e0 cette mobilisation sociale et a maintenu sa d\u00e9cision unilat\u00e9rale, injustifi\u00e9e et brutale.<\/p>\n<p><\/p>\n<p>La logique comptable ne doit pas s&rsquo;imposer au bien-\u00eatre de la population de Villefranche et des villes et villages alentours.<\/p>\n<p><\/p>\n<p>MAINTENANT EXIGEONS LA REOUVERTURE DU CENTRE DE SANTE DENTAIRE DE LA CPAM A VILLEFRANCHE s\/SAONE<\/p>\n<p><\/p>\n<p>TOUS ENSEMBLE MOBILISONS NOUS POUR DEFENDRE CE SERVICE ESSENTIEL AU BIEN ETRE DE LA POPULATION&nbsp;<\/p>\n<p><\/p>\n<p>POUR DIRE OUI A LA REOUVERTURE DU CENTRE DE SANTE DENTAIRE<\/p>\n<p><\/p>\n<p>Soutenir maintenant<\/p>\n<p>Signez cette p\u00e9tition<\/p>\n<p><\/p>\n<p>Partagez cette p\u00e9tition en personne ou ajoutez le code QR aux supports que vous imprimez.<\/p>\n<p>T\u00e9l\u00e9charger le code QR<\/p>\n<p><\/p>\n\n\n<figure class=\"wp-block-image size-full\"><a href=\"http:\/\/www.ulcgt69villefranche.fr\/wp-content\/uploads\/2025\/02\/1000015880.png\"><img loading=\"lazy\" width=\"275\" height=\"275\" src=\"http:\/\/www.ulcgt69villefranche.fr\/wp-content\/uploads\/2025\/02\/1000015880.png\" alt=\"\" class=\"wp-image-5365\" srcset=\"http:\/\/www.ulcgt69villefranche.fr\/wp-content\/uploads\/2025\/02\/1000015880.png 275w, http:\/\/www.ulcgt69villefranche.fr\/wp-content\/uploads\/2025\/02\/1000015880-150x150.png 150w\" sizes=\"(max-width: 275px) 100vw, 275px\" \/><\/a><\/figure>\n","protected":false},"excerpt":{"rendered":"<p>11 F\u00e9vrier 2025 Exigeons la r\u00e9ouverture du centre de sant\u00e9 dentaire Dans un projet de r\u00e9organisation, Ia CPAM du Rh\u00f4ne a ferm\u00e9 le Centre de Sant\u00e9 Dentaire de Villefranche sur Sa\u00f4ne le 30 novembre 2024, la direction invoquant un manque de chirurgiens-dentistes. Mais comment peut-on rendre responsables les dentistes ?&nbsp;&nbsp; Comment en parall\u00e8le, peut-on pr\u00e9coniser [&hellip;]<\/p>\n","protected":false},"author":7,"featured_media":0,"comment_status":"closed","ping_status":"closed","sticky":false,"template":"","format":"standard","meta":[],"categories":[1],"tags":[],"_links":{"self":[{"href":"http:\/\/www.ulcgt69villefranche.fr\/index.php?rest_route=\/wp\/v2\/posts\/5360"}],"collection":[{"href":"http:\/\/www.ulcgt69villefranche.fr\/index.php?rest_route=\/wp\/v2\/posts"}],"about":[{"href":"http:\/\/www.ulcgt69villefranche.fr\/index.php?rest_route=\/wp\/v2\/types\/post"}],"author":[{"embeddable":true,"href":"http:\/\/www.ulcgt69villefranche.fr\/index.php?rest_route=\/wp\/v2\/users\/7"}],"replies":[{"embeddable":true,"href":"http:\/\/www.ulcgt69villefranche.fr\/index.php?rest_route=%2Fwp%2Fv2%2Fcomments&post=5360"}],"version-history":[{"count":3,"href":"http:\/\/www.ulcgt69villefranche.fr\/index.php?rest_route=\/wp\/v2\/posts\/5360\/revisions"}],"predecessor-version":[{"id":5366,"href":"http:\/\/www.ulcgt69villefranche.fr\/index.php?rest_route=\/wp\/v2\/posts\/5360\/revisions\/5366"}],"wp:attachment":[{"href":"http:\/\/www.ulcgt69villefranche.fr\/index.php?rest_route=%2Fwp%2Fv2%2Fmedia&parent=5360"}],"wp:term":[{"taxonomy":"category","embeddable":true,"href":"http:\/\/www.ulcgt69villefranche.fr\/index.php?rest_route=%2Fwp%2Fv2%2Fcategories&post=5360"},{"taxonomy":"post_tag","embeddable":true,"href":"http:\/\/www.ulcgt69villefranche.fr\/index.php?rest_route=%2Fwp%2Fv2%2Ftags&post=5360"}],"curies":[{"name":"wp","href":"https:\/\/api.w.org\/{rel}","templated":true}]}}