{"id":5354,"date":"2025-02-10T16:46:15","date_gmt":"2025-02-10T15:46:15","guid":{"rendered":"http:\/\/www.ulcgt69villefranche.fr\/?p=5354"},"modified":"2025-02-10T16:48:34","modified_gmt":"2025-02-10T15:48:34","slug":"10-fevrier-2025-democratie-et-reseau-sociaux","status":"publish","type":"post","link":"http:\/\/www.ulcgt69villefranche.fr\/?p=5354","title":{"rendered":"10 F\u00e9vrier 2025 D\u00e9mocratie et R\u00e9seau Sociaux"},"content":{"rendered":"\n<h1 class=\"has-text-align-center\">10 F\u00e9vrier 2025 D\u00e9mocratie et R\u00e9seau Sociaux<\/h1>\n\n\n<div class=\"wp-block-image\">\n<figure class=\"aligncenter size-large is-resized\"><a href=\"http:\/\/www.ulcgt69villefranche.fr\/wp-content\/uploads\/2025\/02\/1000015858.jpg\"><img loading=\"lazy\" src=\"http:\/\/www.ulcgt69villefranche.fr\/wp-content\/uploads\/2025\/02\/1000015858-724x1024.jpg\" alt=\"\" class=\"wp-image-5355\" width=\"281\" height=\"397\" srcset=\"http:\/\/www.ulcgt69villefranche.fr\/wp-content\/uploads\/2025\/02\/1000015858-724x1024.jpg 724w, http:\/\/www.ulcgt69villefranche.fr\/wp-content\/uploads\/2025\/02\/1000015858-212x300.jpg 212w, http:\/\/www.ulcgt69villefranche.fr\/wp-content\/uploads\/2025\/02\/1000015858-768x1086.jpg 768w, http:\/\/www.ulcgt69villefranche.fr\/wp-content\/uploads\/2025\/02\/1000015858-1086x1536.jpg 1086w, http:\/\/www.ulcgt69villefranche.fr\/wp-content\/uploads\/2025\/02\/1000015858.jpg 1240w\" sizes=\"(max-width: 281px) 100vw, 281px\" \/><\/a><figcaption><a rel=\"noreferrer noopener\" href=\"https:\/\/indecosa.fr\/democratie-et-reseaux-sociaux\/\" target=\"_blank\">D\u00e9mocratie et R\u00e9seau Sociaux<\/a><\/figcaption><\/figure><\/div>\n\n<div class=\"wp-block-image\">\n<figure class=\"aligncenter size-large is-resized\"><a href=\"http:\/\/www.ulcgt69villefranche.fr\/wp-content\/uploads\/2025\/02\/1000015859.jpg\"><img loading=\"lazy\" src=\"http:\/\/www.ulcgt69villefranche.fr\/wp-content\/uploads\/2025\/02\/1000015859-724x1024.jpg\" alt=\"\" class=\"wp-image-5356\" width=\"358\" height=\"506\" srcset=\"http:\/\/www.ulcgt69villefranche.fr\/wp-content\/uploads\/2025\/02\/1000015859-724x1024.jpg 724w, http:\/\/www.ulcgt69villefranche.fr\/wp-content\/uploads\/2025\/02\/1000015859-212x300.jpg 212w, http:\/\/www.ulcgt69villefranche.fr\/wp-content\/uploads\/2025\/02\/1000015859-768x1086.jpg 768w, http:\/\/www.ulcgt69villefranche.fr\/wp-content\/uploads\/2025\/02\/1000015859-1086x1536.jpg 1086w, http:\/\/www.ulcgt69villefranche.fr\/wp-content\/uploads\/2025\/02\/1000015859.jpg 1240w\" sizes=\"(max-width: 358px) 100vw, 358px\" \/><\/a><\/figure><\/div>","protected":false},"excerpt":{"rendered":"<p>10 F\u00e9vrier 2025 D\u00e9mocratie et R\u00e9seau Sociaux<\/p>\n","protected":false},"author":7,"featured_media":0,"comment_status":"closed","ping_status":"closed","sticky":false,"template":"","format":"standard","meta":[],"categories":[1],"tags":[],"_links":{"self":[{"href":"http:\/\/www.ulcgt69villefranche.fr\/index.php?rest_route=\/wp\/v2\/posts\/5354"}],"collection":[{"href":"http:\/\/www.ulcgt69villefranche.fr\/index.php?rest_route=\/wp\/v2\/posts"}],"about":[{"href":"http:\/\/www.ulcgt69villefranche.fr\/index.php?rest_route=\/wp\/v2\/types\/post"}],"author":[{"embeddable":true,"href":"http:\/\/www.ulcgt69villefranche.fr\/index.php?rest_route=\/wp\/v2\/users\/7"}],"replies":[{"embeddable":true,"href":"http:\/\/www.ulcgt69villefranche.fr\/index.php?rest_route=%2Fwp%2Fv2%2Fcomments&post=5354"}],"version-history":[{"count":2,"href":"http:\/\/www.ulcgt69villefranche.fr\/index.php?rest_route=\/wp\/v2\/posts\/5354\/revisions"}],"predecessor-version":[{"id":5359,"href":"http:\/\/www.ulcgt69villefranche.fr\/index.php?rest_route=\/wp\/v2\/posts\/5354\/revisions\/5359"}],"wp:attachment":[{"href":"http:\/\/www.ulcgt69villefranche.fr\/index.php?rest_route=%2Fwp%2Fv2%2Fmedia&parent=5354"}],"wp:term":[{"taxonomy":"category","embeddable":true,"href":"http:\/\/www.ulcgt69villefranche.fr\/index.php?rest_route=%2Fwp%2Fv2%2Fcategories&post=5354"},{"taxonomy":"post_tag","embeddable":true,"href":"http:\/\/www.ulcgt69villefranche.fr\/index.php?rest_route=%2Fwp%2Fv2%2Ftags&post=5354"}],"curies":[{"name":"wp","href":"https:\/\/api.w.org\/{rel}","templated":true}]}}