{"id":5341,"date":"2025-01-27T12:43:16","date_gmt":"2025-01-27T11:43:16","guid":{"rendered":"http:\/\/www.ulcgt69villefranche.fr\/?p=5341"},"modified":"2025-01-27T12:43:17","modified_gmt":"2025-01-27T11:43:17","slug":"31-janvier-2025-mobilisation-pour-sauver-le-service-de-prevention-specialisee-de-villefranche-sur-saone","status":"publish","type":"post","link":"http:\/\/www.ulcgt69villefranche.fr\/?p=5341","title":{"rendered":"31 Janvier 2025 Mobilisation pour sauver le service de Pr\u00e9vention sp\u00e9cialis\u00e9e de Villefranche sur Sa\u00f4ne"},"content":{"rendered":"\n<h1 class=\"has-text-align-center\">31 Janvier 2025 \u00e0 partir de 12h Mobilisation pour sauver le service de Pr\u00e9vention sp\u00e9cialis\u00e9e de Villefranche sur Sa\u00f4ne<\/h1>\n\n\n\n<figure class=\"wp-container-2 wp-block-gallery-1 wp-block-gallery has-nested-images columns-default is-cropped\">\n<figure class=\"wp-block-image size-large\"><a href=\"http:\/\/www.ulcgt69villefranche.fr\/wp-content\/uploads\/2025\/01\/TRACT-SAUVONS-LE-SERVICE-DE-PREVENTION-SPECIALISEE-Recto.jpg\"><img loading=\"lazy\" width=\"721\" height=\"1024\" data-id=\"5342\"  src=\"http:\/\/www.ulcgt69villefranche.fr\/wp-content\/uploads\/2025\/01\/TRACT-SAUVONS-LE-SERVICE-DE-PREVENTION-SPECIALISEE-Recto-721x1024.jpg\" alt=\"\" class=\"wp-image-5342\" srcset=\"http:\/\/www.ulcgt69villefranche.fr\/wp-content\/uploads\/2025\/01\/TRACT-SAUVONS-LE-SERVICE-DE-PREVENTION-SPECIALISEE-Recto-721x1024.jpg 721w, http:\/\/www.ulcgt69villefranche.fr\/wp-content\/uploads\/2025\/01\/TRACT-SAUVONS-LE-SERVICE-DE-PREVENTION-SPECIALISEE-Recto-211x300.jpg 211w, http:\/\/www.ulcgt69villefranche.fr\/wp-content\/uploads\/2025\/01\/TRACT-SAUVONS-LE-SERVICE-DE-PREVENTION-SPECIALISEE-Recto-768x1090.jpg 768w, http:\/\/www.ulcgt69villefranche.fr\/wp-content\/uploads\/2025\/01\/TRACT-SAUVONS-LE-SERVICE-DE-PREVENTION-SPECIALISEE-Recto.jpg 874w\" sizes=\"(max-width: 721px) 100vw, 721px\" \/><\/a><\/figure>\n\n\n\n<figure class=\"wp-block-image size-large\"><a href=\"http:\/\/www.ulcgt69villefranche.fr\/wp-content\/uploads\/2025\/01\/TRACT-SAUVONS-LE-SERVICE-DE-PREVENTION-SPECIALISEE-Verso.jpg\"><img loading=\"lazy\" width=\"721\" height=\"1024\" data-id=\"5343\"  src=\"http:\/\/www.ulcgt69villefranche.fr\/wp-content\/uploads\/2025\/01\/TRACT-SAUVONS-LE-SERVICE-DE-PREVENTION-SPECIALISEE-Verso-721x1024.jpg\" alt=\"\" class=\"wp-image-5343\" srcset=\"http:\/\/www.ulcgt69villefranche.fr\/wp-content\/uploads\/2025\/01\/TRACT-SAUVONS-LE-SERVICE-DE-PREVENTION-SPECIALISEE-Verso-721x1024.jpg 721w, http:\/\/www.ulcgt69villefranche.fr\/wp-content\/uploads\/2025\/01\/TRACT-SAUVONS-LE-SERVICE-DE-PREVENTION-SPECIALISEE-Verso-211x300.jpg 211w, http:\/\/www.ulcgt69villefranche.fr\/wp-content\/uploads\/2025\/01\/TRACT-SAUVONS-LE-SERVICE-DE-PREVENTION-SPECIALISEE-Verso-768x1090.jpg 768w, http:\/\/www.ulcgt69villefranche.fr\/wp-content\/uploads\/2025\/01\/TRACT-SAUVONS-LE-SERVICE-DE-PREVENTION-SPECIALISEE-Verso.jpg 874w\" sizes=\"(max-width: 721px) 100vw, 721px\" \/><\/a><\/figure>\n<\/figure>\n\n\n\n<p class=\"has-text-align-center\"><strong><a href=\"http:\/\/www.ulcgt69villefranche.fr\/wp-content\/uploads\/2025\/01\/TRACT-SAUVONS-LE-SERVICE-DE-PREVENTION-SPECIALISEE.pdf\" target=\"_blank\" rel=\"noreferrer noopener\">TRACT SAUVONS LE SERVICE DE PREVENTION SPECIALISEE<\/a><\/strong><\/p>\n","protected":false},"excerpt":{"rendered":"<p>31 Janvier 2025 \u00e0 partir de 12h Mobilisation pour sauver le service de Pr\u00e9vention sp\u00e9cialis\u00e9e de Villefranche sur Sa\u00f4ne TRACT SAUVONS LE SERVICE DE PREVENTION SPECIALISEE<\/p>\n","protected":false},"author":7,"featured_media":0,"comment_status":"closed","ping_status":"closed","sticky":false,"template":"","format":"standard","meta":[],"categories":[1],"tags":[],"_links":{"self":[{"href":"http:\/\/www.ulcgt69villefranche.fr\/index.php?rest_route=\/wp\/v2\/posts\/5341"}],"collection":[{"href":"http:\/\/www.ulcgt69villefranche.fr\/index.php?rest_route=\/wp\/v2\/posts"}],"about":[{"href":"http:\/\/www.ulcgt69villefranche.fr\/index.php?rest_route=\/wp\/v2\/types\/post"}],"author":[{"embeddable":true,"href":"http:\/\/www.ulcgt69villefranche.fr\/index.php?rest_route=\/wp\/v2\/users\/7"}],"replies":[{"embeddable":true,"href":"http:\/\/www.ulcgt69villefranche.fr\/index.php?rest_route=%2Fwp%2Fv2%2Fcomments&post=5341"}],"version-history":[{"count":1,"href":"http:\/\/www.ulcgt69villefranche.fr\/index.php?rest_route=\/wp\/v2\/posts\/5341\/revisions"}],"predecessor-version":[{"id":5345,"href":"http:\/\/www.ulcgt69villefranche.fr\/index.php?rest_route=\/wp\/v2\/posts\/5341\/revisions\/5345"}],"wp:attachment":[{"href":"http:\/\/www.ulcgt69villefranche.fr\/index.php?rest_route=%2Fwp%2Fv2%2Fmedia&parent=5341"}],"wp:term":[{"taxonomy":"category","embeddable":true,"href":"http:\/\/www.ulcgt69villefranche.fr\/index.php?rest_route=%2Fwp%2Fv2%2Fcategories&post=5341"},{"taxonomy":"post_tag","embeddable":true,"href":"http:\/\/www.ulcgt69villefranche.fr\/index.php?rest_route=%2Fwp%2Fv2%2Ftags&post=5341"}],"curies":[{"name":"wp","href":"https:\/\/api.w.org\/{rel}","templated":true}]}}