{"id":5333,"date":"2025-01-19T21:10:41","date_gmt":"2025-01-19T20:10:41","guid":{"rendered":"http:\/\/www.ulcgt69villefranche.fr\/?p=5333"},"modified":"2025-01-19T21:10:43","modified_gmt":"2025-01-19T20:10:43","slug":"19-janvier-2025-article-du-progres","status":"publish","type":"post","link":"http:\/\/www.ulcgt69villefranche.fr\/?p=5333","title":{"rendered":"19 Janvier 2025 Article du Progr\u00e8s"},"content":{"rendered":"\n<h1>16 Janvier 2025 Gr\u00e8ve des assistantes d&rsquo;\u00e9ducation et des AESH <\/h1>\n\n\n\n<figure class=\"wp-container-2 wp-block-gallery-1 wp-block-gallery has-nested-images columns-default is-cropped\">\n<figure class=\"wp-block-image size-large\"><a href=\"http:\/\/www.ulcgt69villefranche.fr\/wp-content\/uploads\/2025\/01\/19-Janvier-2025-Revalorisation-salariale-assistantes-deducation-et-AESH-mobilisees-Le-Progres.jpg\"><img loading=\"lazy\" width=\"1024\" height=\"739\" data-id=\"5334\"  src=\"http:\/\/www.ulcgt69villefranche.fr\/wp-content\/uploads\/2025\/01\/19-Janvier-2025-Revalorisation-salariale-assistantes-deducation-et-AESH-mobilisees-Le-Progres-1024x739.jpg\" alt=\"\" class=\"wp-image-5334\" srcset=\"http:\/\/www.ulcgt69villefranche.fr\/wp-content\/uploads\/2025\/01\/19-Janvier-2025-Revalorisation-salariale-assistantes-deducation-et-AESH-mobilisees-Le-Progres-1024x739.jpg 1024w, http:\/\/www.ulcgt69villefranche.fr\/wp-content\/uploads\/2025\/01\/19-Janvier-2025-Revalorisation-salariale-assistantes-deducation-et-AESH-mobilisees-Le-Progres-300x216.jpg 300w, http:\/\/www.ulcgt69villefranche.fr\/wp-content\/uploads\/2025\/01\/19-Janvier-2025-Revalorisation-salariale-assistantes-deducation-et-AESH-mobilisees-Le-Progres-768x554.jpg 768w, http:\/\/www.ulcgt69villefranche.fr\/wp-content\/uploads\/2025\/01\/19-Janvier-2025-Revalorisation-salariale-assistantes-deducation-et-AESH-mobilisees-Le-Progres-1536x1108.jpg 1536w, http:\/\/www.ulcgt69villefranche.fr\/wp-content\/uploads\/2025\/01\/19-Janvier-2025-Revalorisation-salariale-assistantes-deducation-et-AESH-mobilisees-Le-Progres.jpg 1569w\" sizes=\"(max-width: 1024px) 100vw, 1024px\" \/><\/a><\/figure>\n<\/figure>\n\n\n\n<p class=\"has-text-align-center\"><strong><a href=\"http:\/\/www.ulcgt69villefranche.fr\/wp-content\/uploads\/2025\/01\/19-Janvier-2025-Revalorisation-salariale-assistantes-deducation-et-AESH-mobilisees-Le-Progres.pdf\" target=\"_blank\" rel=\"noreferrer noopener\">Article du Progr\u00e8s<\/a><\/strong><\/p>\n","protected":false},"excerpt":{"rendered":"<p>16 Janvier 2025 Gr\u00e8ve des assistantes d&rsquo;\u00e9ducation et des AESH Article du Progr\u00e8s<\/p>\n","protected":false},"author":7,"featured_media":0,"comment_status":"closed","ping_status":"closed","sticky":false,"template":"","format":"standard","meta":[],"categories":[1],"tags":[],"_links":{"self":[{"href":"http:\/\/www.ulcgt69villefranche.fr\/index.php?rest_route=\/wp\/v2\/posts\/5333"}],"collection":[{"href":"http:\/\/www.ulcgt69villefranche.fr\/index.php?rest_route=\/wp\/v2\/posts"}],"about":[{"href":"http:\/\/www.ulcgt69villefranche.fr\/index.php?rest_route=\/wp\/v2\/types\/post"}],"author":[{"embeddable":true,"href":"http:\/\/www.ulcgt69villefranche.fr\/index.php?rest_route=\/wp\/v2\/users\/7"}],"replies":[{"embeddable":true,"href":"http:\/\/www.ulcgt69villefranche.fr\/index.php?rest_route=%2Fwp%2Fv2%2Fcomments&post=5333"}],"version-history":[{"count":1,"href":"http:\/\/www.ulcgt69villefranche.fr\/index.php?rest_route=\/wp\/v2\/posts\/5333\/revisions"}],"predecessor-version":[{"id":5336,"href":"http:\/\/www.ulcgt69villefranche.fr\/index.php?rest_route=\/wp\/v2\/posts\/5333\/revisions\/5336"}],"wp:attachment":[{"href":"http:\/\/www.ulcgt69villefranche.fr\/index.php?rest_route=%2Fwp%2Fv2%2Fmedia&parent=5333"}],"wp:term":[{"taxonomy":"category","embeddable":true,"href":"http:\/\/www.ulcgt69villefranche.fr\/index.php?rest_route=%2Fwp%2Fv2%2Fcategories&post=5333"},{"taxonomy":"post_tag","embeddable":true,"href":"http:\/\/www.ulcgt69villefranche.fr\/index.php?rest_route=%2Fwp%2Fv2%2Ftags&post=5333"}],"curies":[{"name":"wp","href":"https:\/\/api.w.org\/{rel}","templated":true}]}}