{"id":5327,"date":"2025-01-19T20:54:50","date_gmt":"2025-01-19T19:54:50","guid":{"rendered":"http:\/\/www.ulcgt69villefranche.fr\/?p=5327"},"modified":"2025-01-19T20:54:51","modified_gmt":"2025-01-19T19:54:51","slug":"article-du-patriote","status":"publish","type":"post","link":"http:\/\/www.ulcgt69villefranche.fr\/?p=5327","title":{"rendered":"Article du Patriote"},"content":{"rendered":"\n<h1><a href=\"https:\/\/mesinfos.fr\/69400-villefranche-sur-saone\/sante-chomage-licenciements-la-cgt-beaujolais-sur-le-qui-vive-214271.html\" target=\"_blank\" rel=\"noreferrer noopener\">15 Janvier 2025 Sant\u00e9, ch\u00f4mage, licenciements : la CGT Beaujolais sur le qui-vive<\/a><\/h1>\n\n\n\n<h2 class=\"has-text-align-center\">\u00c0 l&rsquo;occasion de ses v\u0153ux 2025, l&rsquo;union locale Villefranche Beaujolais Val de Sa\u00f4ne a dress\u00e9 un \u00e9tat des lieux de l&rsquo;actualit\u00e9 sociale du territoire.<\/h2>\n\n\n\n<figure class=\"wp-container-2 wp-block-gallery-1 wp-block-gallery has-nested-images columns-default is-cropped\">\n<figure class=\"wp-block-image size-large\"><a href=\"http:\/\/www.ulcgt69villefranche.fr\/wp-content\/uploads\/2025\/01\/big-cgt-beaujolais-union-locale.webp\"><img loading=\"lazy\" width=\"816\" height=\"459\" data-id=\"5330\"  src=\"http:\/\/www.ulcgt69villefranche.fr\/wp-content\/uploads\/2025\/01\/big-cgt-beaujolais-union-locale.webp\" alt=\"\" class=\"wp-image-5330\" srcset=\"http:\/\/www.ulcgt69villefranche.fr\/wp-content\/uploads\/2025\/01\/big-cgt-beaujolais-union-locale.webp 816w, http:\/\/www.ulcgt69villefranche.fr\/wp-content\/uploads\/2025\/01\/big-cgt-beaujolais-union-locale-300x169.webp 300w, http:\/\/www.ulcgt69villefranche.fr\/wp-content\/uploads\/2025\/01\/big-cgt-beaujolais-union-locale-768x432.webp 768w\" sizes=\"(max-width: 816px) 100vw, 816px\" \/><\/a><figcaption><em>\u00a9 Zo\u00e9 Besle &#8211; Laetitia Houssaye et Michel Catelin ont fait part de leurs points de vigilance sur le territoire.<\/em><\/figcaption><\/figure>\n<\/figure>\n\n\n<p>\u00a0<\/p>\n<p><em>\u00ab\u00a0Paix, sant\u00e9 et luttes fructueuses\u00a0\u00bb<\/em>\u00a0: telles sont les v\u0153ux de Laetitia Houssaye, secr\u00e9taire g\u00e9n\u00e9rale de l&rsquo;<strong>union locale CGT Villefranche Beaujolais Val de Sa\u00f4ne<\/strong>, pour le territoire en 2025.<\/p>\n<p>C&rsquo;est dans les locaux caladois du syndicat \u00e0 la Bourse du travail que celle qui entame son deuxi\u00e8me mandat \u00e0 ce poste a exprim\u00e9 les attentes et les enjeux de la CGT beaujolaise vendredi 10 janvier.<\/p>\n<p>Aux c\u00f4t\u00e9s de Michel Catelin,\u00a0<a href=\"https:\/\/mesinfos.fr\/69400-villefranche-sur-saone\/cgt-retraites-beaujolais-michel-catelin-passe-la-main-188996.html\" target=\"_blank\" rel=\"noopener\">ancien secr\u00e9taire g\u00e9n\u00e9ral de l&rsquo;union locale retrait\u00e9s<\/a>\u00a0devenu charg\u00e9 de communication et de relations presse, elle est revenue sur les combats \u00e0 mener en 2025, qui ne vont pas manquer en Beaujolais.<\/p>\n<h2>Une sant\u00e9 en crise<\/h2>\n<p>S&rsquo;attaquant d&rsquo;abord \u00e0 l&rsquo;<strong>acc\u00e8s aux soins<\/strong>\u00a0dans le territoire, le bilan dress\u00e9 par Laetitia Houssaye est peu reluisant.<\/p>\n<p><strong>P\u00e9nurie de m\u00e9decins traitants<\/strong>, urgences satur\u00e9es, manque de personnel\u2026 \u00ab\u00a0<em>C&rsquo;est une situation qui n&rsquo;est pas nouvelle et nationale mais on la ressent tout particuli\u00e8rement cette crise de la sant\u00e9 ici en cette p\u00e9riode \u00e9pid\u00e9mique hivernal o\u00f9 plusieurs virus comme la grippe circulent<\/em>, souligne la secr\u00e9taire de l&rsquo;union locale.\u00a0<em>\u00c7a devient inqui\u00e9tant quand on voit que des gens se retrouvent \u00e0 attendre 8 ou 9 heures dans un brancard faute de chambres parce que des lits ont d\u00fb \u00eatre ferm\u00e9s\u00a0\u00bb<\/em>.<\/p>\n<p>Un acc\u00e8s aux soins compliqu\u00e9 qui p\u00e9nalise tout particuli\u00e8rement les publics les plus pr\u00e9caires,\u00a0<em>\u00ab\u00a0car tout le monde n&rsquo;a pas les moyens d&rsquo;aller dans le priv\u00e9\u00a0\u00bb<\/em>, rappelle Laetitia Houssaye qui d\u00e9plore notamment la fermeture du\u00a0<a href=\"https:\/\/mesinfos.fr\/69400-villefranche-sur-saone\/cpam-de-villefranche-la-fermeture-du-centre-de-soins-dentaires-ne-passe-toujours-pas-211985.html\" target=\"_blank\" rel=\"noopener\">centre de soins dentaires<\/a>\u00a0de la CPAM \u00e0 Villefranche.<\/p>\n<p>Une probl\u00e9matique encore plus marqu\u00e9e dans la capitale du Beaujolais dont le<strong>\u00a0taux de pauvret\u00e9<\/strong>\u00a0atteignait 25 % en 2021 selon les derniers chiffres de l&rsquo;Insee, contre 14,5 % \u00e0 l&rsquo;\u00e9chelle nationale.<\/p>\n<h2><em>\u00ab\u00a0La pauvret\u00e9 est une r\u00e9alit\u00e9 qu&rsquo;on ne veut pas voir\u00a0\u00bb<\/em><\/h2>\n<p>Pour Michel Catelin, ces difficult\u00e9s sont\u00a0<em>\u00ab\u00a0en lien direct avec la r\u00e9alit\u00e9 du ch\u00f4mage, la pr\u00e9carit\u00e9 des emplois, avec beaucoup de temps partiels impos\u00e9s, notamment chez les femmes. La pauvret\u00e9 est une r\u00e9alit\u00e9 qu&rsquo;on ne veut pas voir dans notre territoire\u00a0\u00bb<\/em>.<\/p>\n<p>Apr\u00e8s avoir \u00e9pluch\u00e9 les<strong>\u00a0chiffres du ch\u00f4mage<\/strong>\u00a0fournis par France Travail des quatre communes du territoire couvert par l&rsquo;union locale \u2013 Villefranche, Belleville, Gleiz\u00e9 et Anse \u2013 il constate une augmentation de 2,4 % du nombre de ch\u00f4meurs toutes cat\u00e9gories confondues,\u00a0<em>\u00ab\u00a0alors que cette augmentation n&rsquo;est que d&rsquo;1,9 % dans le Rh\u00f4ne et d&rsquo;1,8 % dans la R\u00e9gion\u00a0\u00bb<\/em>, souligne le syndicaliste.<\/p>\n<p>Il souligne l&rsquo;importance de prendre en compte toutes les cat\u00e9gories de ch\u00f4meurs en compte et non pas seulement ceux de cat\u00e9gorie A, soit les demandeurs d&#8217;emploi ne poss\u00e9dant pas de travail et n&rsquo;ayant eu aucune activit\u00e9, comme c&rsquo;est le cas dans de nombreuses analyses.<\/p>\n<div class=\"ads-inread-dynamic pub-ads\">\u00a0<\/div>\n<p><em>\u00ab\u00a0\u00c0 Villefranche par exemple, si on ne compte que les cat\u00e9gories A, 40 % des ch\u00f4meurs disparaissent de la sph\u00e8re grand public\u00a0\u00bb<\/em>, explique Michel Catelin.<\/p>\n<p>Dans son analyse du territoire, il enregistre une augmentation de quasiment 15 ch\u00f4meurs par mois sur le territoire. Et cette situation en termes d&#8217;emploi pourrait s&rsquo;aggraver dans les mois \u00e0 venir.\u00a0<em>\u00ab\u00a0Il y a beaucoup de prestataires \u00e0 Villefranche, donc si de grosses entreprises ferment, il y aura un impact ici\u00a0\u00bb<\/em>, souligne Laetitia Houssaye. La CGT est dans une phase de vigilance sur plusieurs enseignes comme Gifi, actuellement en grande difficult\u00e9 financi\u00e8re.<\/p>\n<p>Au-del\u00e0 de ces entreprises de taille importante, beaucoup de salari\u00e9s de petites entreprises du territoire sollicitent actuellement l&rsquo;union locale.\u00a0<em>\u00ab\u00a0Depuis la reprise, on re\u00e7oit \u00e9norm\u00e9ment d&rsquo;appels de salari\u00e9s pour des licenciements abusifs, de la discrimination ou du non-paiement : \u00e7a ne d\u00e9semplit pas\u00a0\u00bb<\/em>, constate la secr\u00e9taire g\u00e9n\u00e9rale, qui annonce que la\u00a0<strong>pression syndicale\u00a0<\/strong>sera maintenue sur ce sujet comme sur les autres combats de la CGT.<\/p>","protected":false},"excerpt":{"rendered":"<p>15 Janvier 2025 Sant\u00e9, ch\u00f4mage, licenciements : la CGT Beaujolais sur le qui-vive \u00c0 l&rsquo;occasion de ses v\u0153ux 2025, l&rsquo;union locale Villefranche Beaujolais Val de Sa\u00f4ne a dress\u00e9 un \u00e9tat des lieux de l&rsquo;actualit\u00e9 sociale du territoire. \u00a0 \u00ab\u00a0Paix, sant\u00e9 et luttes fructueuses\u00a0\u00bb\u00a0: telles sont les v\u0153ux de Laetitia Houssaye, secr\u00e9taire g\u00e9n\u00e9rale de l&rsquo;union locale [&hellip;]<\/p>\n","protected":false},"author":7,"featured_media":0,"comment_status":"closed","ping_status":"closed","sticky":false,"template":"","format":"standard","meta":[],"categories":[1],"tags":[],"_links":{"self":[{"href":"http:\/\/www.ulcgt69villefranche.fr\/index.php?rest_route=\/wp\/v2\/posts\/5327"}],"collection":[{"href":"http:\/\/www.ulcgt69villefranche.fr\/index.php?rest_route=\/wp\/v2\/posts"}],"about":[{"href":"http:\/\/www.ulcgt69villefranche.fr\/index.php?rest_route=\/wp\/v2\/types\/post"}],"author":[{"embeddable":true,"href":"http:\/\/www.ulcgt69villefranche.fr\/index.php?rest_route=\/wp\/v2\/users\/7"}],"replies":[{"embeddable":true,"href":"http:\/\/www.ulcgt69villefranche.fr\/index.php?rest_route=%2Fwp%2Fv2%2Fcomments&post=5327"}],"version-history":[{"count":4,"href":"http:\/\/www.ulcgt69villefranche.fr\/index.php?rest_route=\/wp\/v2\/posts\/5327\/revisions"}],"predecessor-version":[{"id":5332,"href":"http:\/\/www.ulcgt69villefranche.fr\/index.php?rest_route=\/wp\/v2\/posts\/5327\/revisions\/5332"}],"wp:attachment":[{"href":"http:\/\/www.ulcgt69villefranche.fr\/index.php?rest_route=%2Fwp%2Fv2%2Fmedia&parent=5327"}],"wp:term":[{"taxonomy":"category","embeddable":true,"href":"http:\/\/www.ulcgt69villefranche.fr\/index.php?rest_route=%2Fwp%2Fv2%2Fcategories&post=5327"},{"taxonomy":"post_tag","embeddable":true,"href":"http:\/\/www.ulcgt69villefranche.fr\/index.php?rest_route=%2Fwp%2Fv2%2Ftags&post=5327"}],"curies":[{"name":"wp","href":"https:\/\/api.w.org\/{rel}","templated":true}]}}