{"id":5267,"date":"2024-12-08T19:22:14","date_gmt":"2024-12-08T18:22:14","guid":{"rendered":"http:\/\/www.ulcgt69villefranche.fr\/?p=5267"},"modified":"2024-12-10T16:54:18","modified_gmt":"2024-12-10T15:54:18","slug":"12-decembre-2024-urgence-industrie","status":"publish","type":"post","link":"http:\/\/www.ulcgt69villefranche.fr\/?p=5267","title":{"rendered":"12 D\u00e9cembre 2024 Urgence Industrie"},"content":{"rendered":"\n<h1 class=\"has-text-align-center\">Rassemblement \u00e0 Lyon \u00e0 partir de 11h30 devant la pr\u00e9fecture du Rh\u00f4ne                     Square Delestraint Quai Augagneur<\/h1>\n\n\n\n<h2 class=\"has-text-align-center\">La CGT appelle \u00e0 la mobilisation nationale pour l\u2019emploi et l\u2019industrie, le 12 d\u00e9cembre 2024<\/h2>\n\n\n<div class=\"field field-paragraph--field-titre-3 field-name-field-titre-3 field-type-string field-label-hidden\">\n<div class=\"field-items\">\n<div class=\"field-item\">Mobilisation nationale le 12 d\u00e9cembre 2024<\/div>\n<\/div>\n<\/div>\n<h3 class=\"small field-sep-32\">&nbsp;<\/h3>\n<div class=\"field-sep-32\">\n<div class=\"field field-paragraph--field-text-3 field-name-field-text-3 field-type-text-long field-label-hidden\">\n<div class=\"field-items\">\n<div class=\"field-item\">\n<h2>Une mobilisation nationale pour une industrie au service de tous<\/h2>\n<p>Pour d\u00e9fendre ces revendications,&nbsp;<strong>la CGT appelle \u00e0 une mobilisation nationale le 12 d\u00e9cembre 2024<\/strong>. Les rassemblements, organis\u00e9s devant les pr\u00e9fectures et sur des sites industriels embl\u00e9matiques, visent \u00e0 montrer l\u2019ampleur de la solidarit\u00e9 et la d\u00e9termination des travailleur\u00b7ses.&nbsp;<\/p>\n<p>La CGT appelle tous les salari\u00e9\u00b7es \u00e0 venir en tenue de travail ou avec leurs outils, pour symboliser leur engagement et leur attachement aux m\u00e9tiers de l\u2019industrie.<br>Refus de l\u2019aust\u00e9rit\u00e9 : pour une politique industrielle juste et durable<\/p>\n<h4>Au-del\u00e0 de la sauvegarde des emplois,&nbsp;<strong>la CGT insiste sur une politique industrielle qui respecte les travailleurs\u00b7ses, le territoire et l\u2019environnement<\/strong>. La crise ne doit pas \u00eatre un pr\u00e9texte pour d\u00e9manteler les droits sociaux ni pour imposer des sacrifices aux plus fragiles.&nbsp;<\/h4>\n<p>La CGT demande une r\u00e9ponse forte et collective pour une politique industrielle qui r\u00e9ponde \u00e0 l\u2019imp\u00e9ratif social et \u00e9cologique.&nbsp;<\/p>\n<p>Le 12 d\u00e9cembre 2024, la CGT appelle donc tous les travailleurs et les citoyens solidaires \u00e0 se mobiliser avec leurs syndicats pour d\u00e9fendre l\u2019industrie fran\u00e7aise, les emplois et exiger que les richesses b\u00e9n\u00e9ficient \u00e0 celles et ceux qui les ont produites ! &nbsp;<\/p>\n<h3>Ce n\u2019est pas aux salari\u00e9\u00b7es, jeunes et retrait\u00e9\u00b7es de payer la dette pour les plus fortun\u00e9s !<\/h3>\n<\/div>\n<\/div>\n<\/div>\n<\/div>\n\n\n<figure class=\"wp-container-2 wp-block-gallery-1 wp-block-gallery has-nested-images columns-default is-cropped\">\n<figure class=\"wp-block-image size-large\"><a href=\"http:\/\/www.ulcgt69villefranche.fr\/wp-content\/uploads\/2024\/12\/TRACT-A5-MANIF-12_12_2024-Recto.jpg\"><img loading=\"lazy\" width=\"742\" height=\"1024\" data-id=\"5318\"  src=\"http:\/\/www.ulcgt69villefranche.fr\/wp-content\/uploads\/2024\/12\/TRACT-A5-MANIF-12_12_2024-Recto-742x1024.jpg\" alt=\"\" class=\"wp-image-5318\" srcset=\"http:\/\/www.ulcgt69villefranche.fr\/wp-content\/uploads\/2024\/12\/TRACT-A5-MANIF-12_12_2024-Recto-742x1024.jpg 742w, http:\/\/www.ulcgt69villefranche.fr\/wp-content\/uploads\/2024\/12\/TRACT-A5-MANIF-12_12_2024-Recto-217x300.jpg 217w, http:\/\/www.ulcgt69villefranche.fr\/wp-content\/uploads\/2024\/12\/TRACT-A5-MANIF-12_12_2024-Recto-768x1060.jpg 768w, http:\/\/www.ulcgt69villefranche.fr\/wp-content\/uploads\/2024\/12\/TRACT-A5-MANIF-12_12_2024-Recto.jpg 962w\" sizes=\"(max-width: 742px) 100vw, 742px\" \/><\/a><\/figure>\n\n\n\n<figure class=\"wp-block-image size-large\"><a href=\"http:\/\/www.ulcgt69villefranche.fr\/wp-content\/uploads\/2024\/12\/TRACT-A5-MANIF-12_12_2024-Verso.jpg\"><img loading=\"lazy\" width=\"742\" height=\"1024\" data-id=\"5319\"  src=\"http:\/\/www.ulcgt69villefranche.fr\/wp-content\/uploads\/2024\/12\/TRACT-A5-MANIF-12_12_2024-Verso-742x1024.jpg\" alt=\"\" class=\"wp-image-5319\" srcset=\"http:\/\/www.ulcgt69villefranche.fr\/wp-content\/uploads\/2024\/12\/TRACT-A5-MANIF-12_12_2024-Verso-742x1024.jpg 742w, http:\/\/www.ulcgt69villefranche.fr\/wp-content\/uploads\/2024\/12\/TRACT-A5-MANIF-12_12_2024-Verso-217x300.jpg 217w, http:\/\/www.ulcgt69villefranche.fr\/wp-content\/uploads\/2024\/12\/TRACT-A5-MANIF-12_12_2024-Verso-768x1060.jpg 768w, http:\/\/www.ulcgt69villefranche.fr\/wp-content\/uploads\/2024\/12\/TRACT-A5-MANIF-12_12_2024-Verso.jpg 962w\" sizes=\"(max-width: 742px) 100vw, 742px\" \/><\/a><\/figure>\n<\/figure>\n\n\n\n<p class=\"has-text-align-center\"><strong><a href=\"http:\/\/www.ulcgt69villefranche.fr\/wp-content\/uploads\/2024\/12\/TRACT-A5-MANIF-12122024.pdf\" target=\"_blank\" rel=\"noreferrer noopener\">TRACT A5 MANIF &#8211; 12122024<\/a><\/strong><\/p>\n","protected":false},"excerpt":{"rendered":"<p>Rassemblement \u00e0 Lyon \u00e0 partir de 11h30 devant la pr\u00e9fecture du Rh\u00f4ne Square Delestraint Quai Augagneur La CGT appelle \u00e0 la mobilisation nationale pour l\u2019emploi et l\u2019industrie, le 12 d\u00e9cembre 2024 Mobilisation nationale le 12 d\u00e9cembre 2024 &nbsp; Une mobilisation nationale pour une industrie au service de tous Pour d\u00e9fendre ces revendications,&nbsp;la CGT appelle \u00e0 [&hellip;]<\/p>\n","protected":false},"author":7,"featured_media":0,"comment_status":"closed","ping_status":"closed","sticky":false,"template":"","format":"standard","meta":[],"categories":[1],"tags":[],"_links":{"self":[{"href":"http:\/\/www.ulcgt69villefranche.fr\/index.php?rest_route=\/wp\/v2\/posts\/5267"}],"collection":[{"href":"http:\/\/www.ulcgt69villefranche.fr\/index.php?rest_route=\/wp\/v2\/posts"}],"about":[{"href":"http:\/\/www.ulcgt69villefranche.fr\/index.php?rest_route=\/wp\/v2\/types\/post"}],"author":[{"embeddable":true,"href":"http:\/\/www.ulcgt69villefranche.fr\/index.php?rest_route=\/wp\/v2\/users\/7"}],"replies":[{"embeddable":true,"href":"http:\/\/www.ulcgt69villefranche.fr\/index.php?rest_route=%2Fwp%2Fv2%2Fcomments&post=5267"}],"version-history":[{"count":4,"href":"http:\/\/www.ulcgt69villefranche.fr\/index.php?rest_route=\/wp\/v2\/posts\/5267\/revisions"}],"predecessor-version":[{"id":5325,"href":"http:\/\/www.ulcgt69villefranche.fr\/index.php?rest_route=\/wp\/v2\/posts\/5267\/revisions\/5325"}],"wp:attachment":[{"href":"http:\/\/www.ulcgt69villefranche.fr\/index.php?rest_route=%2Fwp%2Fv2%2Fmedia&parent=5267"}],"wp:term":[{"taxonomy":"category","embeddable":true,"href":"http:\/\/www.ulcgt69villefranche.fr\/index.php?rest_route=%2Fwp%2Fv2%2Fcategories&post=5267"},{"taxonomy":"post_tag","embeddable":true,"href":"http:\/\/www.ulcgt69villefranche.fr\/index.php?rest_route=%2Fwp%2Fv2%2Ftags&post=5267"}],"curies":[{"name":"wp","href":"https:\/\/api.w.org\/{rel}","templated":true}]}}