{"id":5255,"date":"2024-11-15T13:54:54","date_gmt":"2024-11-15T12:54:54","guid":{"rendered":"http:\/\/www.ulcgt69villefranche.fr\/?p=5255"},"modified":"2024-11-15T13:54:55","modified_gmt":"2024-11-15T12:54:55","slug":"15-novembre-2024-des-services-publics-et-des-protections-sociales-en-danger","status":"publish","type":"post","link":"http:\/\/www.ulcgt69villefranche.fr\/?p=5255","title":{"rendered":"15 Novembre 2024 Des services publics et des protections sociales en danger"},"content":{"rendered":"\n<h1 class=\"has-text-align-center\">Budget de l&rsquo;Etat et de la S\u00e9curit\u00e9 Sociale<\/h1>\n\n\n<p>Les politiques d\u2019aust\u00e9rit\u00e9 mises en place par les gouvernements successifs depuis 2017 affectent \u00e9galement les services publics et le syst\u00e8me de protection sociale.\u00a0<\/p>\n<p><a href=\"https:\/\/www.cgt.fr\/dossiers\/budget-etat-et-securite-sociale\">Dans le projet de loi de finances pour 2025, le gouvernement envisage de nouvelles coupes budg\u00e9taires<\/a>, g\u00e9n\u00e9rant une opposition croissante chez les fonctionnaires, les enseignants, les retrait\u00e9s. La CGT Fonction publique d\u00e9nonce le gel salarial, la remise en cause de la prime de pouvoir d\u2019achat (GIPA) sp\u00e9cifique \u00e0 la fonction publique et l\u2019alignement du r\u00e9gime des arr\u00eats maladie des fonctionnaires sur celui du priv\u00e9.<\/p>\n<p>Alors que des dizaines de milliers de licenciements sont annonc\u00e9s,<a href=\"https:\/\/www.cgt.fr\/actualites\/france\/mobilisation\/assurance-chomage-la-poursuite-du-saccage-apres-la-reforme-des-retraites\">\u00a0l\u2019assurance ch\u00f4mage est \u00e9galement au centre des pr\u00e9occupations<\/a>. Le projet de loi pr\u00e9voit des \u00e9conomies suppl\u00e9mentaires, mena\u00e7ant encore davantage les droits des intermittents et des pr\u00e9caires.\u00a0<\/p>\n<p><a href=\"http:\/\/www.ulcgt69villefranche.fr\/wp-content\/uploads\/2024\/11\/Tract-CGT-Budget-2025-page-001-1.jpg\"><img loading=\"lazy\" class=\"wp-image-5260 aligncenter\" src=\"http:\/\/www.ulcgt69villefranche.fr\/wp-content\/uploads\/2024\/11\/Tract-CGT-Budget-2025-page-001-1-212x300.jpg\" alt=\"\" width=\"356\" height=\"503\" srcset=\"http:\/\/www.ulcgt69villefranche.fr\/wp-content\/uploads\/2024\/11\/Tract-CGT-Budget-2025-page-001-1-212x300.jpg 212w, http:\/\/www.ulcgt69villefranche.fr\/wp-content\/uploads\/2024\/11\/Tract-CGT-Budget-2025-page-001-1-724x1024.jpg 724w, http:\/\/www.ulcgt69villefranche.fr\/wp-content\/uploads\/2024\/11\/Tract-CGT-Budget-2025-page-001-1-768x1086.jpg 768w, http:\/\/www.ulcgt69villefranche.fr\/wp-content\/uploads\/2024\/11\/Tract-CGT-Budget-2025-page-001-1-1086x1536.jpg 1086w, http:\/\/www.ulcgt69villefranche.fr\/wp-content\/uploads\/2024\/11\/Tract-CGT-Budget-2025-page-001-1.jpg 1240w\" sizes=\"(max-width: 356px) 100vw, 356px\" \/><\/a><a href=\"http:\/\/www.ulcgt69villefranche.fr\/wp-content\/uploads\/2024\/11\/Infographie-CMJN-A4-page-001-1.jpg\"><img loading=\"lazy\" class=\"wp-image-5261 aligncenter\" src=\"http:\/\/www.ulcgt69villefranche.fr\/wp-content\/uploads\/2024\/11\/Infographie-CMJN-A4-page-001-1-300x212.jpg\" alt=\"\" width=\"554\" height=\"391\" srcset=\"http:\/\/www.ulcgt69villefranche.fr\/wp-content\/uploads\/2024\/11\/Infographie-CMJN-A4-page-001-1-300x212.jpg 300w, http:\/\/www.ulcgt69villefranche.fr\/wp-content\/uploads\/2024\/11\/Infographie-CMJN-A4-page-001-1-1024x724.jpg 1024w, http:\/\/www.ulcgt69villefranche.fr\/wp-content\/uploads\/2024\/11\/Infographie-CMJN-A4-page-001-1-768x543.jpg 768w, http:\/\/www.ulcgt69villefranche.fr\/wp-content\/uploads\/2024\/11\/Infographie-CMJN-A4-page-001-1-1536x1086.jpg 1536w, http:\/\/www.ulcgt69villefranche.fr\/wp-content\/uploads\/2024\/11\/Infographie-CMJN-A4-page-001-1.jpg 1754w\" sizes=\"(max-width: 554px) 100vw, 554px\" \/><\/a><\/p>\n<p>\u00a0<\/p>\n\n\n<div class=\"wp-block-file\"><object class=\"wp-block-file__embed\" data=\"http:\/\/www.ulcgt69villefranche.fr\/wp-content\/uploads\/2024\/11\/Analyse-CGT-PLF-et-PLFSS-2025-.pdf\" type=\"application\/pdf\" style=\"width:100%;height:600px\" aria-label=\"Contenu embarqu\u00e9 Analyse-CGT-PLF-et-PLFSS-2025-.\"><\/object><a id=\"wp-block-file--media-837ab2c6-7f96-42af-a2d2-8e296c176385\" href=\"http:\/\/www.ulcgt69villefranche.fr\/wp-content\/uploads\/2024\/11\/Analyse-CGT-PLF-et-PLFSS-2025-.pdf\">Analyse-CGT-PLF-et-PLFSS-2025-<\/a><a href=\"http:\/\/www.ulcgt69villefranche.fr\/wp-content\/uploads\/2024\/11\/Analyse-CGT-PLF-et-PLFSS-2025-.pdf\" class=\"wp-block-file__button\" download aria-describedby=\"wp-block-file--media-837ab2c6-7f96-42af-a2d2-8e296c176385\">T\u00e9l\u00e9charger<\/a><\/div>\n","protected":false},"excerpt":{"rendered":"<p>Budget de l&rsquo;Etat et de la S\u00e9curit\u00e9 Sociale Les politiques d\u2019aust\u00e9rit\u00e9 mises en place par les gouvernements successifs depuis 2017 affectent \u00e9galement les services publics et le syst\u00e8me de protection sociale.\u00a0 Dans le projet de loi de finances pour 2025, le gouvernement envisage de nouvelles coupes budg\u00e9taires, g\u00e9n\u00e9rant une opposition croissante chez les fonctionnaires, les [&hellip;]<\/p>\n","protected":false},"author":7,"featured_media":0,"comment_status":"closed","ping_status":"closed","sticky":false,"template":"","format":"standard","meta":[],"categories":[1],"tags":[],"_links":{"self":[{"href":"http:\/\/www.ulcgt69villefranche.fr\/index.php?rest_route=\/wp\/v2\/posts\/5255"}],"collection":[{"href":"http:\/\/www.ulcgt69villefranche.fr\/index.php?rest_route=\/wp\/v2\/posts"}],"about":[{"href":"http:\/\/www.ulcgt69villefranche.fr\/index.php?rest_route=\/wp\/v2\/types\/post"}],"author":[{"embeddable":true,"href":"http:\/\/www.ulcgt69villefranche.fr\/index.php?rest_route=\/wp\/v2\/users\/7"}],"replies":[{"embeddable":true,"href":"http:\/\/www.ulcgt69villefranche.fr\/index.php?rest_route=%2Fwp%2Fv2%2Fcomments&post=5255"}],"version-history":[{"count":6,"href":"http:\/\/www.ulcgt69villefranche.fr\/index.php?rest_route=\/wp\/v2\/posts\/5255\/revisions"}],"predecessor-version":[{"id":5266,"href":"http:\/\/www.ulcgt69villefranche.fr\/index.php?rest_route=\/wp\/v2\/posts\/5255\/revisions\/5266"}],"wp:attachment":[{"href":"http:\/\/www.ulcgt69villefranche.fr\/index.php?rest_route=%2Fwp%2Fv2%2Fmedia&parent=5255"}],"wp:term":[{"taxonomy":"category","embeddable":true,"href":"http:\/\/www.ulcgt69villefranche.fr\/index.php?rest_route=%2Fwp%2Fv2%2Fcategories&post=5255"},{"taxonomy":"post_tag","embeddable":true,"href":"http:\/\/www.ulcgt69villefranche.fr\/index.php?rest_route=%2Fwp%2Fv2%2Ftags&post=5255"}],"curies":[{"name":"wp","href":"https:\/\/api.w.org\/{rel}","templated":true}]}}