{"id":5240,"date":"2024-11-14T16:24:36","date_gmt":"2024-11-14T15:24:36","guid":{"rendered":"http:\/\/www.ulcgt69villefranche.fr\/?p=5240"},"modified":"2024-11-21T19:02:56","modified_gmt":"2024-11-21T18:02:56","slug":"14-novembre-2024-rassemblement-devant-la-cpam","status":"publish","type":"post","link":"http:\/\/www.ulcgt69villefranche.fr\/?p=5240","title":{"rendered":"19 Novembre 2024 Manifestation"},"content":{"rendered":"\n<h1>Manifestation le mardi 19 Novembre 2024 \u00e0 17h <\/h1>\n\n\n\n<h2 class=\"has-text-align-center\">D\u00e9part :  CPAM Boulevard Gambetta<\/h2>\n\n\n\n<h2 class=\"has-text-align-center\"> Arriv\u00e9:  Permanence de la d\u00e9put\u00e9e Rue Philippe H\u00e9ron<\/h2>\n\n\n\n<p><\/p>\n\n\n\n<p><strong>La CPAM du Rh\u00f4ne a, arbitrairement, d\u00e9cid\u00e9 de fermer le Centre de Sant\u00e9 dentaire du site de Villefranche. Nous nous opposons contre cette d\u00e9cision qui n&rsquo;est justifi\u00e9e en rien. En effet, ce centre re\u00e7oit en moyenne 1800 patients \u00e0 l&rsquo;ann\u00e9e et n&rsquo;est pas d\u00e9ficitaire.&nbsp;<\/strong><\/p>\n\n\n\n<p><strong>Nous nous interrogeons sur le devenir m\u00e9dical des patients qui trouvaient dans ce cabinet dentaire, outre des soins appropri\u00e9s, mais aussi des tarifs r\u00e9glement\u00e9s et, de fait ,raisonnables et rembours\u00e9s.&nbsp;<\/strong><\/p>\n\n\n\n<p><strong>Nous vous invitons donc \u00e0 venir nombreux au d\u00e9part de la manifestation qui aura lieu&nbsp;le mardi 19 novembre 2024 \u00e0 17 h devant les locaux de la CPAM .&nbsp;<\/strong>&nbsp;<\/p>\n\n\n\n<p class=\"has-text-align-center\"><strong><a href=\"https:\/\/chng.it\/wGx2Zsc4yn\" target=\"_blank\" rel=\"noreferrer noopener\">P\u00e9tition : Non \u00e0 la fermeture du Centre de Sant\u00e9 Dentaire de la CPAM \u00e0 Villefranche sur Sa\u00f4ne<\/a><\/strong><\/p>\n\n\n\n<figure class=\"wp-container-2 wp-block-gallery-1 wp-block-gallery has-nested-images columns-default is-cropped\">\n<figure class=\"wp-block-image size-large\"><a href=\"http:\/\/www.ulcgt69villefranche.fr\/wp-content\/uploads\/2024\/11\/image.png\"><img loading=\"lazy\" width=\"500\" height=\"500\" data-id=\"5242\"  src=\"http:\/\/www.ulcgt69villefranche.fr\/wp-content\/uploads\/2024\/11\/image.png\" alt=\"\" class=\"wp-image-5242\" srcset=\"http:\/\/www.ulcgt69villefranche.fr\/wp-content\/uploads\/2024\/11\/image.png 500w, http:\/\/www.ulcgt69villefranche.fr\/wp-content\/uploads\/2024\/11\/image-300x300.png 300w, http:\/\/www.ulcgt69villefranche.fr\/wp-content\/uploads\/2024\/11\/image-150x150.png 150w\" sizes=\"(max-width: 500px) 100vw, 500px\" \/><\/a><\/figure>\n<\/figure>\n\n\n\n<p><br><strong>Merci \u00e0 vous pour votre participation.&nbsp;Il en va de la survie de ce centre.<\/strong>&nbsp;<\/p>\n\n\n\n<p><strong>Nous comptons sur vous.<\/strong><\/p>\n","protected":false},"excerpt":{"rendered":"<p>Manifestation le mardi 19 Novembre 2024 \u00e0 17h D\u00e9part : CPAM Boulevard Gambetta Arriv\u00e9: Permanence de la d\u00e9put\u00e9e Rue Philippe H\u00e9ron La CPAM du Rh\u00f4ne a, arbitrairement, d\u00e9cid\u00e9 de fermer le Centre de Sant\u00e9 dentaire du site de Villefranche. Nous nous opposons contre cette d\u00e9cision qui n&rsquo;est justifi\u00e9e en rien. En effet, ce centre re\u00e7oit [&hellip;]<\/p>\n","protected":false},"author":7,"featured_media":0,"comment_status":"closed","ping_status":"closed","sticky":false,"template":"","format":"standard","meta":[],"categories":[1],"tags":[],"_links":{"self":[{"href":"http:\/\/www.ulcgt69villefranche.fr\/index.php?rest_route=\/wp\/v2\/posts\/5240"}],"collection":[{"href":"http:\/\/www.ulcgt69villefranche.fr\/index.php?rest_route=\/wp\/v2\/posts"}],"about":[{"href":"http:\/\/www.ulcgt69villefranche.fr\/index.php?rest_route=\/wp\/v2\/types\/post"}],"author":[{"embeddable":true,"href":"http:\/\/www.ulcgt69villefranche.fr\/index.php?rest_route=\/wp\/v2\/users\/7"}],"replies":[{"embeddable":true,"href":"http:\/\/www.ulcgt69villefranche.fr\/index.php?rest_route=%2Fwp%2Fv2%2Fcomments&post=5240"}],"version-history":[{"count":6,"href":"http:\/\/www.ulcgt69villefranche.fr\/index.php?rest_route=\/wp\/v2\/posts\/5240\/revisions"}],"predecessor-version":[{"id":5253,"href":"http:\/\/www.ulcgt69villefranche.fr\/index.php?rest_route=\/wp\/v2\/posts\/5240\/revisions\/5253"}],"wp:attachment":[{"href":"http:\/\/www.ulcgt69villefranche.fr\/index.php?rest_route=%2Fwp%2Fv2%2Fmedia&parent=5240"}],"wp:term":[{"taxonomy":"category","embeddable":true,"href":"http:\/\/www.ulcgt69villefranche.fr\/index.php?rest_route=%2Fwp%2Fv2%2Fcategories&post=5240"},{"taxonomy":"post_tag","embeddable":true,"href":"http:\/\/www.ulcgt69villefranche.fr\/index.php?rest_route=%2Fwp%2Fv2%2Ftags&post=5240"}],"curies":[{"name":"wp","href":"https:\/\/api.w.org\/{rel}","templated":true}]}}