{"id":521,"date":"2012-06-12T11:13:09","date_gmt":"2012-06-12T09:13:09","guid":{"rendered":"http:\/\/s319008135.onlinehome.fr\/WP\/?p=521"},"modified":"2013-03-14T17:20:37","modified_gmt":"2013-03-14T16:20:37","slug":"conference-sociale-des-9-et-10-juillet","status":"publish","type":"post","link":"http:\/\/www.ulcgt69villefranche.fr\/?p=521","title":{"rendered":"Conf\u00e9rence Sociale des 9 et 10 juillet"},"content":{"rendered":"<p><a href=\"http:\/\/www.ulcgt69villefranche.fr\/wp-content\/uploads\/2012\/06\/4p_sconf_sociale1.pdf\" target=\"_blank\">4p_sconf_sociale<\/a><\/p>\n<p style=\"text-align: justify;\">\u00a0\u00a0\u00a0\u00a0\u00a0\u00a0\u00a0\u00a0\u00a0\u00a0 La CGT se f\u00e9licite de l\u2019organisation en juillet d\u2019une conf\u00e9rence sociale organis\u00e9e par le gouvernement. Apr\u00e8s des ann\u00e9es de politique r\u00e9gressive dans le domaine de l\u2019emploi et du pouvoir d\u2019achat, des services publics, d\u2019atteintes aux libert\u00e9s syndicales, les attentes des salari\u00e9s sont grandes.<\/p>\n<p style=\"text-align: justify;\">\u00a0\u00a0\u00a0\u00a0\u00a0\u00a0\u00a0\u00a0\u00a0 Des mesures imm\u00e9diates sont attendues, elles doivent \u00eatre prises. Parall\u00e8lement, des changements structurels s\u2019imposent, par exemple en mati\u00e8re de reconnaissance et de valorisation du travail. De m\u00eame, une r\u00e9forme fiscale est n\u00e9cessaire et un v\u00e9ritable contr\u00f4le des aides publiques aux entreprises s\u2019impose.<\/p>\n<p style=\"text-align: justify;\">\u00a0\u00a0\u00a0\u00a0\u00a0\u00a0\u00a0\u00a0\u00a0 La CGT propose de lier l\u2019\u00e9conomique et le social et ainsi d\u00e9velopper une autre r\u00e9partition des richesses pour satisfaire les besoins sociaux<\/p>\n<p style=\"text-align: justify;\"><strong>Les 7 th\u00e8mes de la conf\u00e9rence sociale<\/strong><\/p>\n<p style=\"text-align: justify;\">1) L\u2019emploi, notamment des jeunes, les contrats de g\u00e9n\u00e9ration, les emplois d\u2019avenir, le march\u00e9 du travail et les licenciements<\/p>\n<p style=\"text-align: justify;\">2) Le d\u00e9veloppement des comp\u00e9tences, la formation tout au long de la vie, le cong\u00e9 individuel de formation<\/p>\n<p style=\"text-align: justify;\">3) Les syst\u00e8mes de r\u00e9mun\u00e9ration et la question du pouvoir d\u2019achat. Int\u00e9ressement et participation, Smic et indexation, n\u00e9gociation sur les minima de branches, bas salaires, heures suppl\u00e9mentaires, r\u00e9mun\u00e9ration des dirigeants<\/p>\n<p style=\"text-align: justify;\">4) Egalit\u00e9 professionnelle notamment entre femmes et hommes. Qualit\u00e9 de vie au travail, organisation du travail<\/p>\n<p style=\"text-align: justify;\">5) Redressement de l\u2019appareil productif. Mesures offensives<\/p>\n<p style=\"text-align: justify;\">6) Avenir des retraites, financement de la protection sociale<\/p>\n<p style=\"text-align: justify;\">7) Etat, puissance publique, collectivit\u00e9s locales et services publics<\/p>\n<p style=\"text-align: justify;\"><strong>Les autres th\u00e8mes port\u00e9s par la CGT :<\/strong><br \/>\nD\u00e9mocratie sociale<br \/>\nR\u00e9forme du syst\u00e8me de sant\u00e9<\/p>\n","protected":false},"excerpt":{"rendered":"<p>4p_sconf_sociale \u00a0\u00a0\u00a0\u00a0\u00a0\u00a0\u00a0\u00a0\u00a0\u00a0 La CGT se f\u00e9licite de l\u2019organisation en juillet d\u2019une conf\u00e9rence sociale organis\u00e9e par le gouvernement. Apr\u00e8s des ann\u00e9es de politique r\u00e9gressive dans le domaine de l\u2019emploi et du pouvoir d\u2019achat, des services publics, d\u2019atteintes aux libert\u00e9s syndicales, les attentes des salari\u00e9s sont grandes. \u00a0\u00a0\u00a0\u00a0\u00a0\u00a0\u00a0\u00a0\u00a0 Des mesures imm\u00e9diates sont attendues, elles doivent \u00eatre prises. [&hellip;]<\/p>\n","protected":false},"author":2,"featured_media":0,"comment_status":"closed","ping_status":"closed","sticky":false,"template":"","format":"standard","meta":[],"categories":[22,19],"tags":[29,30],"_links":{"self":[{"href":"http:\/\/www.ulcgt69villefranche.fr\/index.php?rest_route=\/wp\/v2\/posts\/521"}],"collection":[{"href":"http:\/\/www.ulcgt69villefranche.fr\/index.php?rest_route=\/wp\/v2\/posts"}],"about":[{"href":"http:\/\/www.ulcgt69villefranche.fr\/index.php?rest_route=\/wp\/v2\/types\/post"}],"author":[{"embeddable":true,"href":"http:\/\/www.ulcgt69villefranche.fr\/index.php?rest_route=\/wp\/v2\/users\/2"}],"replies":[{"embeddable":true,"href":"http:\/\/www.ulcgt69villefranche.fr\/index.php?rest_route=%2Fwp%2Fv2%2Fcomments&post=521"}],"version-history":[{"count":16,"href":"http:\/\/www.ulcgt69villefranche.fr\/index.php?rest_route=\/wp\/v2\/posts\/521\/revisions"}],"predecessor-version":[{"id":1151,"href":"http:\/\/www.ulcgt69villefranche.fr\/index.php?rest_route=\/wp\/v2\/posts\/521\/revisions\/1151"}],"wp:attachment":[{"href":"http:\/\/www.ulcgt69villefranche.fr\/index.php?rest_route=%2Fwp%2Fv2%2Fmedia&parent=521"}],"wp:term":[{"taxonomy":"category","embeddable":true,"href":"http:\/\/www.ulcgt69villefranche.fr\/index.php?rest_route=%2Fwp%2Fv2%2Fcategories&post=521"},{"taxonomy":"post_tag","embeddable":true,"href":"http:\/\/www.ulcgt69villefranche.fr\/index.php?rest_route=%2Fwp%2Fv2%2Ftags&post=521"}],"curies":[{"name":"wp","href":"https:\/\/api.w.org\/{rel}","templated":true}]}}