{"id":5180,"date":"2024-10-30T20:21:32","date_gmt":"2024-10-30T19:21:32","guid":{"rendered":"http:\/\/www.ulcgt69villefranche.fr\/?p=5180"},"modified":"2024-10-30T20:21:34","modified_gmt":"2024-10-30T19:21:34","slug":"30-octobre-2025-courrier-interpellation-intersyndicale","status":"publish","type":"post","link":"http:\/\/www.ulcgt69villefranche.fr\/?p=5180","title":{"rendered":"30 Octobre 2025 Courrier interpellation intersyndicale"},"content":{"rendered":"\n<h1 class=\"has-text-align-center\">Courrier interpellation intersyndicale ainsi que  Z\u00e9ro jour de carence pour toutes et tous PLFSS 2025<\/h1>\n\n\n\n<h2 class=\"has-text-align-center\">PLFSS : Projet de Loi de Financement de la S\u00e9curit\u00e9 Sociale<\/h2>\n\n\n\n<p><\/p>\n\n\n\n<figure class=\"wp-block-image size-large\"><a href=\"http:\/\/www.ulcgt69villefranche.fr\/wp-content\/uploads\/2024\/10\/2024-10-24-plfss2025-courrier-interpellation-intersyndicale-Recto.jpg\"><img loading=\"lazy\" width=\"724\" height=\"1024\" src=\"http:\/\/www.ulcgt69villefranche.fr\/wp-content\/uploads\/2024\/10\/2024-10-24-plfss2025-courrier-interpellation-intersyndicale-Recto-724x1024.jpg\" alt=\"\" class=\"wp-image-5182\" srcset=\"http:\/\/www.ulcgt69villefranche.fr\/wp-content\/uploads\/2024\/10\/2024-10-24-plfss2025-courrier-interpellation-intersyndicale-Recto-724x1024.jpg 724w, http:\/\/www.ulcgt69villefranche.fr\/wp-content\/uploads\/2024\/10\/2024-10-24-plfss2025-courrier-interpellation-intersyndicale-Recto-212x300.jpg 212w, http:\/\/www.ulcgt69villefranche.fr\/wp-content\/uploads\/2024\/10\/2024-10-24-plfss2025-courrier-interpellation-intersyndicale-Recto-768x1086.jpg 768w, http:\/\/www.ulcgt69villefranche.fr\/wp-content\/uploads\/2024\/10\/2024-10-24-plfss2025-courrier-interpellation-intersyndicale-Recto-1086x1536.jpg 1086w, http:\/\/www.ulcgt69villefranche.fr\/wp-content\/uploads\/2024\/10\/2024-10-24-plfss2025-courrier-interpellation-intersyndicale-Recto.jpg 1240w\" sizes=\"(max-width: 724px) 100vw, 724px\" \/><\/a><\/figure>\n\n\n\n<figure class=\"wp-block-image size-large\"><a href=\"http:\/\/www.ulcgt69villefranche.fr\/wp-content\/uploads\/2024\/10\/2024-10-24-plfss2025-courrier-interpellation-intersyndicale-Verso.jpg\"><img loading=\"lazy\" width=\"724\" height=\"1024\" src=\"http:\/\/www.ulcgt69villefranche.fr\/wp-content\/uploads\/2024\/10\/2024-10-24-plfss2025-courrier-interpellation-intersyndicale-Verso-724x1024.jpg\" alt=\"\" class=\"wp-image-5184\" srcset=\"http:\/\/www.ulcgt69villefranche.fr\/wp-content\/uploads\/2024\/10\/2024-10-24-plfss2025-courrier-interpellation-intersyndicale-Verso-724x1024.jpg 724w, http:\/\/www.ulcgt69villefranche.fr\/wp-content\/uploads\/2024\/10\/2024-10-24-plfss2025-courrier-interpellation-intersyndicale-Verso-212x300.jpg 212w, http:\/\/www.ulcgt69villefranche.fr\/wp-content\/uploads\/2024\/10\/2024-10-24-plfss2025-courrier-interpellation-intersyndicale-Verso-768x1086.jpg 768w, http:\/\/www.ulcgt69villefranche.fr\/wp-content\/uploads\/2024\/10\/2024-10-24-plfss2025-courrier-interpellation-intersyndicale-Verso-1086x1536.jpg 1086w, http:\/\/www.ulcgt69villefranche.fr\/wp-content\/uploads\/2024\/10\/2024-10-24-plfss2025-courrier-interpellation-intersyndicale-Verso.jpg 1240w\" sizes=\"(max-width: 724px) 100vw, 724px\" \/><\/a><figcaption><a href=\"http:\/\/www.ulcgt69villefranche.fr\/wp-content\/uploads\/2024\/10\/2024-10-24-plfss2025-courrier-interpellation-intersyndicale.pdf\" target=\"_blank\" rel=\"noreferrer noopener\">2024-10-24 plfss2025 courrier interpellation intersyndicale<\/a><\/figcaption><\/figure>\n\n\n\n<p><\/p>\n\n\n\n<figure class=\"wp-block-image size-large\"><a href=\"http:\/\/www.ulcgt69villefranche.fr\/wp-content\/uploads\/2024\/10\/2024-10-28-Zero-jour-de-carence-pour-tou\u00b7tes.jpg\"><img loading=\"lazy\" width=\"724\" height=\"1024\" src=\"http:\/\/www.ulcgt69villefranche.fr\/wp-content\/uploads\/2024\/10\/2024-10-28-Zero-jour-de-carence-pour-tou\u00b7tes-724x1024.jpg\" alt=\"\" class=\"wp-image-5186\" srcset=\"http:\/\/www.ulcgt69villefranche.fr\/wp-content\/uploads\/2024\/10\/2024-10-28-Zero-jour-de-carence-pour-tou\u00b7tes-724x1024.jpg 724w, http:\/\/www.ulcgt69villefranche.fr\/wp-content\/uploads\/2024\/10\/2024-10-28-Zero-jour-de-carence-pour-tou\u00b7tes-212x300.jpg 212w, http:\/\/www.ulcgt69villefranche.fr\/wp-content\/uploads\/2024\/10\/2024-10-28-Zero-jour-de-carence-pour-tou\u00b7tes-768x1086.jpg 768w, http:\/\/www.ulcgt69villefranche.fr\/wp-content\/uploads\/2024\/10\/2024-10-28-Zero-jour-de-carence-pour-tou\u00b7tes-1086x1536.jpg 1086w, http:\/\/www.ulcgt69villefranche.fr\/wp-content\/uploads\/2024\/10\/2024-10-28-Zero-jour-de-carence-pour-tou\u00b7tes.jpg 1241w\" sizes=\"(max-width: 724px) 100vw, 724px\" \/><\/a><figcaption><a href=\"http:\/\/www.ulcgt69villefranche.fr\/wp-content\/uploads\/2024\/10\/2024-10-28-Zero-jour-de-carence-pour-tou\u00b7tes.pdf\" target=\"_blank\" rel=\"noreferrer noopener\">2024-10-28 Z\u00e9ro jour de carence pour toutes et tous<\/a><\/figcaption><\/figure>\n","protected":false},"excerpt":{"rendered":"<p>Courrier interpellation intersyndicale ainsi que Z\u00e9ro jour de carence pour toutes et tous PLFSS 2025 PLFSS : Projet de Loi de Financement de la S\u00e9curit\u00e9 Sociale<\/p>\n","protected":false},"author":7,"featured_media":0,"comment_status":"closed","ping_status":"closed","sticky":false,"template":"","format":"standard","meta":[],"categories":[1],"tags":[],"_links":{"self":[{"href":"http:\/\/www.ulcgt69villefranche.fr\/index.php?rest_route=\/wp\/v2\/posts\/5180"}],"collection":[{"href":"http:\/\/www.ulcgt69villefranche.fr\/index.php?rest_route=\/wp\/v2\/posts"}],"about":[{"href":"http:\/\/www.ulcgt69villefranche.fr\/index.php?rest_route=\/wp\/v2\/types\/post"}],"author":[{"embeddable":true,"href":"http:\/\/www.ulcgt69villefranche.fr\/index.php?rest_route=\/wp\/v2\/users\/7"}],"replies":[{"embeddable":true,"href":"http:\/\/www.ulcgt69villefranche.fr\/index.php?rest_route=%2Fwp%2Fv2%2Fcomments&post=5180"}],"version-history":[{"count":4,"href":"http:\/\/www.ulcgt69villefranche.fr\/index.php?rest_route=\/wp\/v2\/posts\/5180\/revisions"}],"predecessor-version":[{"id":5189,"href":"http:\/\/www.ulcgt69villefranche.fr\/index.php?rest_route=\/wp\/v2\/posts\/5180\/revisions\/5189"}],"wp:attachment":[{"href":"http:\/\/www.ulcgt69villefranche.fr\/index.php?rest_route=%2Fwp%2Fv2%2Fmedia&parent=5180"}],"wp:term":[{"taxonomy":"category","embeddable":true,"href":"http:\/\/www.ulcgt69villefranche.fr\/index.php?rest_route=%2Fwp%2Fv2%2Fcategories&post=5180"},{"taxonomy":"post_tag","embeddable":true,"href":"http:\/\/www.ulcgt69villefranche.fr\/index.php?rest_route=%2Fwp%2Fv2%2Ftags&post=5180"}],"curies":[{"name":"wp","href":"https:\/\/api.w.org\/{rel}","templated":true}]}}