{"id":5157,"date":"2024-10-10T16:41:05","date_gmt":"2024-10-10T14:41:05","guid":{"rendered":"http:\/\/www.ulcgt69villefranche.fr\/?p=5157"},"modified":"2024-10-10T16:41:07","modified_gmt":"2024-10-10T14:41:07","slug":"11-octobre-2024-cgt-agivr","status":"publish","type":"post","link":"http:\/\/www.ulcgt69villefranche.fr\/?p=5157","title":{"rendered":"11 Octobre 2024 CGT AGIVR"},"content":{"rendered":"\n<h1 class=\"has-text-align-center\">Salari\u00e9s de la MAS, en gr\u00e8ve demain, ce vendredi 11 Octobre pour la justice salariale et les conditions de travail !<\/h1>\n\n\n\n<h2 class=\"has-text-align-center\"><a href=\"http:\/\/www.ulcgt69villefranche.fr\/wp-content\/uploads\/2024\/10\/TRACT-DE-GREVE-1.pdf\" target=\"_blank\" rel=\"noreferrer noopener\">Tract de gr\u00e8ve<\/a><\/h2>\n\n\n\n<figure class=\"wp-block-image size-large\"><a href=\"http:\/\/www.ulcgt69villefranche.fr\/wp-content\/uploads\/2024\/10\/TRACT-DE-GREVE-page-1-1.jpg\"><img loading=\"lazy\" width=\"724\" height=\"1024\" src=\"http:\/\/www.ulcgt69villefranche.fr\/wp-content\/uploads\/2024\/10\/TRACT-DE-GREVE-page-1-1-724x1024.jpg\" alt=\"\" class=\"wp-image-5162\" srcset=\"http:\/\/www.ulcgt69villefranche.fr\/wp-content\/uploads\/2024\/10\/TRACT-DE-GREVE-page-1-1-724x1024.jpg 724w, http:\/\/www.ulcgt69villefranche.fr\/wp-content\/uploads\/2024\/10\/TRACT-DE-GREVE-page-1-1-212x300.jpg 212w, http:\/\/www.ulcgt69villefranche.fr\/wp-content\/uploads\/2024\/10\/TRACT-DE-GREVE-page-1-1-768x1086.jpg 768w, http:\/\/www.ulcgt69villefranche.fr\/wp-content\/uploads\/2024\/10\/TRACT-DE-GREVE-page-1-1-1086x1536.jpg 1086w, http:\/\/www.ulcgt69villefranche.fr\/wp-content\/uploads\/2024\/10\/TRACT-DE-GREVE-page-1-1.jpg 1240w\" sizes=\"(max-width: 724px) 100vw, 724px\" \/><\/a><\/figure>\n\n\n\n<figure class=\"wp-block-image size-large\"><a href=\"http:\/\/www.ulcgt69villefranche.fr\/wp-content\/uploads\/2024\/10\/TRACT-DE-GREVE-page-2-1.jpg\"><img loading=\"lazy\" width=\"724\" height=\"1024\" src=\"http:\/\/www.ulcgt69villefranche.fr\/wp-content\/uploads\/2024\/10\/TRACT-DE-GREVE-page-2-1-724x1024.jpg\" alt=\"\" class=\"wp-image-5163\" srcset=\"http:\/\/www.ulcgt69villefranche.fr\/wp-content\/uploads\/2024\/10\/TRACT-DE-GREVE-page-2-1-724x1024.jpg 724w, http:\/\/www.ulcgt69villefranche.fr\/wp-content\/uploads\/2024\/10\/TRACT-DE-GREVE-page-2-1-212x300.jpg 212w, http:\/\/www.ulcgt69villefranche.fr\/wp-content\/uploads\/2024\/10\/TRACT-DE-GREVE-page-2-1-768x1086.jpg 768w, http:\/\/www.ulcgt69villefranche.fr\/wp-content\/uploads\/2024\/10\/TRACT-DE-GREVE-page-2-1-1086x1536.jpg 1086w, http:\/\/www.ulcgt69villefranche.fr\/wp-content\/uploads\/2024\/10\/TRACT-DE-GREVE-page-2-1.jpg 1240w\" sizes=\"(max-width: 724px) 100vw, 724px\" \/><\/a><\/figure>\n\n\n\n<figure class=\"wp-block-image size-large\"><a href=\"http:\/\/www.ulcgt69villefranche.fr\/wp-content\/uploads\/2024\/10\/TRACT-DE-GREVE-page-3-1.jpg\"><img loading=\"lazy\" width=\"724\" height=\"1024\" src=\"http:\/\/www.ulcgt69villefranche.fr\/wp-content\/uploads\/2024\/10\/TRACT-DE-GREVE-page-3-1-724x1024.jpg\" alt=\"\" class=\"wp-image-5164\" srcset=\"http:\/\/www.ulcgt69villefranche.fr\/wp-content\/uploads\/2024\/10\/TRACT-DE-GREVE-page-3-1-724x1024.jpg 724w, http:\/\/www.ulcgt69villefranche.fr\/wp-content\/uploads\/2024\/10\/TRACT-DE-GREVE-page-3-1-212x300.jpg 212w, http:\/\/www.ulcgt69villefranche.fr\/wp-content\/uploads\/2024\/10\/TRACT-DE-GREVE-page-3-1-768x1086.jpg 768w, http:\/\/www.ulcgt69villefranche.fr\/wp-content\/uploads\/2024\/10\/TRACT-DE-GREVE-page-3-1-1086x1536.jpg 1086w, http:\/\/www.ulcgt69villefranche.fr\/wp-content\/uploads\/2024\/10\/TRACT-DE-GREVE-page-3-1.jpg 1240w\" sizes=\"(max-width: 724px) 100vw, 724px\" \/><\/a><\/figure>\n","protected":false},"excerpt":{"rendered":"<p>Salari\u00e9s de la MAS, en gr\u00e8ve demain, ce vendredi 11 Octobre pour la justice salariale et les conditions de travail ! Tract de gr\u00e8ve<\/p>\n","protected":false},"author":7,"featured_media":0,"comment_status":"closed","ping_status":"closed","sticky":false,"template":"","format":"standard","meta":[],"categories":[1],"tags":[],"_links":{"self":[{"href":"http:\/\/www.ulcgt69villefranche.fr\/index.php?rest_route=\/wp\/v2\/posts\/5157"}],"collection":[{"href":"http:\/\/www.ulcgt69villefranche.fr\/index.php?rest_route=\/wp\/v2\/posts"}],"about":[{"href":"http:\/\/www.ulcgt69villefranche.fr\/index.php?rest_route=\/wp\/v2\/types\/post"}],"author":[{"embeddable":true,"href":"http:\/\/www.ulcgt69villefranche.fr\/index.php?rest_route=\/wp\/v2\/users\/7"}],"replies":[{"embeddable":true,"href":"http:\/\/www.ulcgt69villefranche.fr\/index.php?rest_route=%2Fwp%2Fv2%2Fcomments&post=5157"}],"version-history":[{"count":2,"href":"http:\/\/www.ulcgt69villefranche.fr\/index.php?rest_route=\/wp\/v2\/posts\/5157\/revisions"}],"predecessor-version":[{"id":5166,"href":"http:\/\/www.ulcgt69villefranche.fr\/index.php?rest_route=\/wp\/v2\/posts\/5157\/revisions\/5166"}],"wp:attachment":[{"href":"http:\/\/www.ulcgt69villefranche.fr\/index.php?rest_route=%2Fwp%2Fv2%2Fmedia&parent=5157"}],"wp:term":[{"taxonomy":"category","embeddable":true,"href":"http:\/\/www.ulcgt69villefranche.fr\/index.php?rest_route=%2Fwp%2Fv2%2Fcategories&post=5157"},{"taxonomy":"post_tag","embeddable":true,"href":"http:\/\/www.ulcgt69villefranche.fr\/index.php?rest_route=%2Fwp%2Fv2%2Ftags&post=5157"}],"curies":[{"name":"wp","href":"https:\/\/api.w.org\/{rel}","templated":true}]}}