{"id":515,"date":"2012-11-07T06:00:22","date_gmt":"2012-11-07T05:00:22","guid":{"rendered":"http:\/\/s319008135.onlinehome.fr\/WP\/?p=515"},"modified":"2012-12-23T14:21:54","modified_gmt":"2012-12-23T13:21:54","slug":"ouverture-de-la-democratie-sociale-pour-les-salaries-des-tres-petites-entreprises","status":"publish","type":"post","link":"http:\/\/www.ulcgt69villefranche.fr\/?p=515","title":{"rendered":"Elections 2012 dans les Tr\u00e8s Petites Entreprises"},"content":{"rendered":"<h1 style=\"text-align: center;\"><strong><a title=\"Vid\u00e9o TPE\" href=\"http:\/\/mm1.cgt.fr\/cgt\/EXPRESSION-DIRECTE-nov2012.flv\" target=\"_blank\"><img loading=\"lazy\" class=\"aligncenter  wp-image-1047\" title=\"Elections TPE 2012\" src=\"http:\/\/www.ulcgt69villefranche.fr\/wp-content\/uploads\/2012\/11\/logo-election-tpe.jpg\" alt=\"\" width=\"460\" height=\"340\" srcset=\"http:\/\/www.ulcgt69villefranche.fr\/wp-content\/uploads\/2012\/11\/logo-election-tpe.jpg 511w, http:\/\/www.ulcgt69villefranche.fr\/wp-content\/uploads\/2012\/11\/logo-election-tpe-300x221.jpg 300w, http:\/\/www.ulcgt69villefranche.fr\/wp-content\/uploads\/2012\/11\/logo-election-tpe-158x116.jpg 158w\" sizes=\"(max-width: 460px) 100vw, 460px\" \/><\/a><\/strong><strong><\/strong><\/h1>\n<h6 style=\"text-align: center;\"><a href=\"http:\/\/www.ulcgt69villefranche.fr\/wp-content\/uploads\/2012\/07\/Elections-TPE-HD5.pdf\" target=\"_blank\">Lire le\u00a03 pages<\/a>\u00a0ou\u00a0<a title=\"Elections TPE 2012\" href=\"http:\/\/www.tpe2012.cgt.fr\/\" target=\"_blank\">Visiter le site Elections TPE 2012<\/a>\u00a0ou\u00a0<a title=\"Vid\u00e9o TPE\" href=\"http:\/\/mm1.cgt.fr\/cgt\/EXPRESSION-DIRECTE-nov2012.flv\" target=\"_blank\">Voir la Vid\u00e9o<\/a><\/h6>\n<h1 style=\"text-align: center;\"><strong><a title=\"Vid\u00e9o TPE\" href=\"http:\/\/mm1.cgt.fr\/cgt\/EXPRESSION-DIRECTE-nov2012.flv\" target=\"_blank\">Campagne pour les \u00e9lections TPE 2012<\/a><\/strong><\/h1>\n<p style=\"text-align: justify;\">\u00a0 \u00a0 Le camion de l\u2019Union D\u00e9partemental a \u00e9t\u00e9 retenu pour la distribution des tracts\u00a0les <strong>14\/09, 28\/09, 19\/10, 26\/10, 9\/11, 23\/11, 30\/11 et 07\/12\/2012<\/strong>.<\/p>\n<p style=\"text-align: justify;\">\u00a0 \u00a0 \u00a0Une campagne de collage aura lieu les <strong>12\/11, 19\/11, 26\/11, 3\/12 et 10\/12.<\/strong><\/p>\n<p style=\"text-align: justify;\">\u00a0 \u00a0 \u00a0La propagande \u00e9lectorale aura lieu du <strong>3 au 7 d\u00e9cembre 2012.<\/strong><\/p>\n<p style=\"text-align: justify;\"><strong><span style=\"text-decoration: underline;\">Ces dates sont \u00e0 inscrire dans vos agendas afin d&rsquo;\u00eatre nombreux ces jours-l\u00e0. Pour participer \u00e0 la campagne \u00e9lectorale, se rapprocher de l&rsquo;Union Locale.<\/span><\/strong><\/p>\n<p><!--more--><\/p>\n<p style=\"text-align: justify;\">\u00a0\u00a0\u00a0\u00a0\u00a0\u00a0\u00a0\u00a0 C\u2019est une premi\u00e8re dans l\u2019histoire sociale de notre pays ; Les salari\u00e9s des petites entreprises, comme ceux qui travaillent pour des Particuliers employeurs vont pouvoir exprimer leur confiance \u00e0 l\u2019organisation syndicale de leur choix entre le 28\/11 et le 12\/12\/2012.<\/p>\n<p style=\"text-align: justify;\">\u00a0\u00a0\u00a0\u00a0\u00a0\u00a0\u00a0\u00a0\u00a0 Ce scrutin rev\u00eat une importance particuli\u00e8re pour plusieurs raisons :<\/p>\n<p style=\"text-align: justify;\">\u00a0\u00a0\u00a0\u00a0\u00a0\u00a0\u00a0\u00a0\u00a0\u00a0Il va permettre de mesurer l\u2019audience r\u00e9elle de chaque syndicat, et ainsi, d\u2019\u00e9tablir la repr\u00e9sentativit\u00e9 de chaque organisation. La loi du 20 ao\u00fbt 2008 qui a profond\u00e9ment r\u00e9form\u00e9 les r\u00e8gles applicables dans ce domaine va donner beaucoup plus de l\u00e9gitimit\u00e9 aux accords de branches et aux conventions collectives qui impactent directement le quotidien des millions de salari\u00e9s qui travaillent dans notre pays.<\/p>\n<p style=\"text-align: justify;\">\u00a0\u00a0\u00a0\u00a0\u00a0\u00a0\u00a0\u00a0\u00a0 Pour les salari\u00e9s des tr\u00e8s petites entreprises (moins de 11 salari\u00e9s), ou encore ceux qui travaillent dans l\u2019artisanat et dans les m\u00e9tiers des services \u00e0 la personne, pour des Particuliers employeurs, il constitue un premier pas tr\u00e8s important pour gagner de nouveaux droits.<\/p>\n","protected":false},"excerpt":{"rendered":"<p>Lire le\u00a03 pages\u00a0ou\u00a0Visiter le site Elections TPE 2012\u00a0ou\u00a0Voir la Vid\u00e9o Campagne pour les \u00e9lections TPE 2012 \u00a0 \u00a0 Le camion de l\u2019Union D\u00e9partemental a \u00e9t\u00e9 retenu pour la distribution des tracts\u00a0les 14\/09, 28\/09, 19\/10, 26\/10, 9\/11, 23\/11, 30\/11 et 07\/12\/2012. \u00a0 \u00a0 \u00a0Une campagne de collage aura lieu les 12\/11, 19\/11, 26\/11, 3\/12 et 10\/12. [&hellip;]<\/p>\n","protected":false},"author":3,"featured_media":0,"comment_status":"closed","ping_status":"closed","sticky":false,"template":"","format":"standard","meta":[],"categories":[22,19],"tags":[36,25],"_links":{"self":[{"href":"http:\/\/www.ulcgt69villefranche.fr\/index.php?rest_route=\/wp\/v2\/posts\/515"}],"collection":[{"href":"http:\/\/www.ulcgt69villefranche.fr\/index.php?rest_route=\/wp\/v2\/posts"}],"about":[{"href":"http:\/\/www.ulcgt69villefranche.fr\/index.php?rest_route=\/wp\/v2\/types\/post"}],"author":[{"embeddable":true,"href":"http:\/\/www.ulcgt69villefranche.fr\/index.php?rest_route=\/wp\/v2\/users\/3"}],"replies":[{"embeddable":true,"href":"http:\/\/www.ulcgt69villefranche.fr\/index.php?rest_route=%2Fwp%2Fv2%2Fcomments&post=515"}],"version-history":[{"count":44,"href":"http:\/\/www.ulcgt69villefranche.fr\/index.php?rest_route=\/wp\/v2\/posts\/515\/revisions"}],"predecessor-version":[{"id":587,"href":"http:\/\/www.ulcgt69villefranche.fr\/index.php?rest_route=\/wp\/v2\/posts\/515\/revisions\/587"}],"wp:attachment":[{"href":"http:\/\/www.ulcgt69villefranche.fr\/index.php?rest_route=%2Fwp%2Fv2%2Fmedia&parent=515"}],"wp:term":[{"taxonomy":"category","embeddable":true,"href":"http:\/\/www.ulcgt69villefranche.fr\/index.php?rest_route=%2Fwp%2Fv2%2Fcategories&post=515"},{"taxonomy":"post_tag","embeddable":true,"href":"http:\/\/www.ulcgt69villefranche.fr\/index.php?rest_route=%2Fwp%2Fv2%2Ftags&post=515"}],"curies":[{"name":"wp","href":"https:\/\/api.w.org\/{rel}","templated":true}]}}