{"id":5109,"date":"2024-09-23T18:11:18","date_gmt":"2024-09-23T16:11:18","guid":{"rendered":"http:\/\/www.ulcgt69villefranche.fr\/?p=5109"},"modified":"2024-09-23T18:11:19","modified_gmt":"2024-09-23T16:11:19","slug":"01-octobre-2024-en-greve-et-en-manifestation","status":"publish","type":"post","link":"http:\/\/www.ulcgt69villefranche.fr\/?p=5109","title":{"rendered":"01 Octobre 2024 En Gr\u00e8ve et en Manifestation"},"content":{"rendered":"\n<h1 class=\"has-text-align-center\">01 Octobre 2024 Nous avons \u00e9vit\u00e9 le pire; gagnons le meilleur !<\/h1>\n\n\n\n<figure class=\"wp-block-image size-large\"><a href=\"http:\/\/www.ulcgt69villefranche.fr\/wp-content\/uploads\/2024\/09\/Affiche-1er-Octobre.jpg\"><img loading=\"lazy\" width=\"742\" height=\"1024\" src=\"http:\/\/www.ulcgt69villefranche.fr\/wp-content\/uploads\/2024\/09\/Affiche-1er-Octobre-742x1024.jpg\" alt=\"\" class=\"wp-image-5127\" srcset=\"http:\/\/www.ulcgt69villefranche.fr\/wp-content\/uploads\/2024\/09\/Affiche-1er-Octobre-742x1024.jpg 742w, http:\/\/www.ulcgt69villefranche.fr\/wp-content\/uploads\/2024\/09\/Affiche-1er-Octobre-217x300.jpg 217w, http:\/\/www.ulcgt69villefranche.fr\/wp-content\/uploads\/2024\/09\/Affiche-1er-Octobre-768x1060.jpg 768w, http:\/\/www.ulcgt69villefranche.fr\/wp-content\/uploads\/2024\/09\/Affiche-1er-Octobre.jpg 1089w\" sizes=\"(max-width: 742px) 100vw, 742px\" \/><\/a><\/figure>\n\n\n\n<h1 class=\"has-text-align-center\">Prenons les choses en  main 17h00 place du Promenoir ( de la Lib\u00e9ration) <\/h1>\n\n\n\n<figure class=\"wp-block-image size-large\"><a href=\"http:\/\/www.ulcgt69villefranche.fr\/wp-content\/uploads\/2024\/09\/1727107377990.jpg\"><img loading=\"lazy\" width=\"734\" height=\"1024\" src=\"http:\/\/www.ulcgt69villefranche.fr\/wp-content\/uploads\/2024\/09\/1727107377990-734x1024.jpg\" alt=\"\" class=\"wp-image-5126\" srcset=\"http:\/\/www.ulcgt69villefranche.fr\/wp-content\/uploads\/2024\/09\/1727107377990-734x1024.jpg 734w, http:\/\/www.ulcgt69villefranche.fr\/wp-content\/uploads\/2024\/09\/1727107377990-215x300.jpg 215w, http:\/\/www.ulcgt69villefranche.fr\/wp-content\/uploads\/2024\/09\/1727107377990-768x1071.jpg 768w, http:\/\/www.ulcgt69villefranche.fr\/wp-content\/uploads\/2024\/09\/1727107377990-1101x1536.jpg 1101w, http:\/\/www.ulcgt69villefranche.fr\/wp-content\/uploads\/2024\/09\/1727107377990.jpg 1220w\" sizes=\"(max-width: 734px) 100vw, 734px\" \/><\/a><\/figure>\n\n\n\n<p><\/p>\n\n\n\n<figure class=\"wp-block-image size-large\"><a href=\"http:\/\/www.ulcgt69villefranche.fr\/wp-content\/uploads\/2024\/09\/UD-CGT-69_TRACT-1er-OCTOBRE_VDF_compressed-Recto-3.jpg\"><img loading=\"lazy\" width=\"722\" height=\"1024\" src=\"http:\/\/www.ulcgt69villefranche.fr\/wp-content\/uploads\/2024\/09\/UD-CGT-69_TRACT-1er-OCTOBRE_VDF_compressed-Recto-3-722x1024.jpg\" alt=\"\" class=\"wp-image-5117\" srcset=\"http:\/\/www.ulcgt69villefranche.fr\/wp-content\/uploads\/2024\/09\/UD-CGT-69_TRACT-1er-OCTOBRE_VDF_compressed-Recto-3-722x1024.jpg 722w, http:\/\/www.ulcgt69villefranche.fr\/wp-content\/uploads\/2024\/09\/UD-CGT-69_TRACT-1er-OCTOBRE_VDF_compressed-Recto-3-211x300.jpg 211w, http:\/\/www.ulcgt69villefranche.fr\/wp-content\/uploads\/2024\/09\/UD-CGT-69_TRACT-1er-OCTOBRE_VDF_compressed-Recto-3-768x1090.jpg 768w, http:\/\/www.ulcgt69villefranche.fr\/wp-content\/uploads\/2024\/09\/UD-CGT-69_TRACT-1er-OCTOBRE_VDF_compressed-Recto-3.jpg 874w\" sizes=\"(max-width: 722px) 100vw, 722px\" \/><\/a><\/figure>\n\n\n\n<figure class=\"wp-block-image size-large\"><a href=\"http:\/\/www.ulcgt69villefranche.fr\/wp-content\/uploads\/2024\/09\/UD-CGT-69_TRACT-1er-OCTOBRE_VDF_compressed-Verso-3.jpg\"><img loading=\"lazy\" width=\"722\" height=\"1024\" src=\"http:\/\/www.ulcgt69villefranche.fr\/wp-content\/uploads\/2024\/09\/UD-CGT-69_TRACT-1er-OCTOBRE_VDF_compressed-Verso-3-722x1024.jpg\" alt=\"\" class=\"wp-image-5118\" srcset=\"http:\/\/www.ulcgt69villefranche.fr\/wp-content\/uploads\/2024\/09\/UD-CGT-69_TRACT-1er-OCTOBRE_VDF_compressed-Verso-3-722x1024.jpg 722w, http:\/\/www.ulcgt69villefranche.fr\/wp-content\/uploads\/2024\/09\/UD-CGT-69_TRACT-1er-OCTOBRE_VDF_compressed-Verso-3-211x300.jpg 211w, http:\/\/www.ulcgt69villefranche.fr\/wp-content\/uploads\/2024\/09\/UD-CGT-69_TRACT-1er-OCTOBRE_VDF_compressed-Verso-3-768x1090.jpg 768w, http:\/\/www.ulcgt69villefranche.fr\/wp-content\/uploads\/2024\/09\/UD-CGT-69_TRACT-1er-OCTOBRE_VDF_compressed-Verso-3.jpg 874w\" sizes=\"(max-width: 722px) 100vw, 722px\" \/><\/a><figcaption><strong><a href=\"http:\/\/www.ulcgt69villefranche.fr\/wp-content\/uploads\/2024\/09\/UD-CGT-69_TRACT-1er-OCTOBRE_VDF_compressed.pdf\" target=\"_blank\" rel=\"noreferrer noopener\">TRACT UD CGT 69 1er OCTOBRE<\/a><\/strong><\/figcaption><\/figure>\n\n\n\n<figure class=\"wp-block-image size-large\"><a href=\"http:\/\/www.ulcgt69villefranche.fr\/wp-content\/uploads\/2024\/09\/Le-1er-Octobre-on-se-mobilise-pour-gagner-des-avancees-Recto-2.jpg\"><img loading=\"lazy\" width=\"724\" height=\"1024\" src=\"http:\/\/www.ulcgt69villefranche.fr\/wp-content\/uploads\/2024\/09\/Le-1er-Octobre-on-se-mobilise-pour-gagner-des-avancees-Recto-2-724x1024.jpg\" alt=\"\" class=\"wp-image-5124\" srcset=\"http:\/\/www.ulcgt69villefranche.fr\/wp-content\/uploads\/2024\/09\/Le-1er-Octobre-on-se-mobilise-pour-gagner-des-avancees-Recto-2-724x1024.jpg 724w, http:\/\/www.ulcgt69villefranche.fr\/wp-content\/uploads\/2024\/09\/Le-1er-Octobre-on-se-mobilise-pour-gagner-des-avancees-Recto-2-212x300.jpg 212w, http:\/\/www.ulcgt69villefranche.fr\/wp-content\/uploads\/2024\/09\/Le-1er-Octobre-on-se-mobilise-pour-gagner-des-avancees-Recto-2-768x1086.jpg 768w, http:\/\/www.ulcgt69villefranche.fr\/wp-content\/uploads\/2024\/09\/Le-1er-Octobre-on-se-mobilise-pour-gagner-des-avancees-Recto-2-1086x1536.jpg 1086w, http:\/\/www.ulcgt69villefranche.fr\/wp-content\/uploads\/2024\/09\/Le-1er-Octobre-on-se-mobilise-pour-gagner-des-avancees-Recto-2.jpg 1143w\" sizes=\"(max-width: 724px) 100vw, 724px\" \/><\/a><\/figure>\n\n\n\n<figure class=\"wp-block-image size-large\"><a href=\"http:\/\/www.ulcgt69villefranche.fr\/wp-content\/uploads\/2024\/09\/Le-1er-Octobre-on-se-mobilise-pour-gagner-des-avancees-Verso-1.jpg\"><img loading=\"lazy\" width=\"724\" height=\"1024\" src=\"http:\/\/www.ulcgt69villefranche.fr\/wp-content\/uploads\/2024\/09\/Le-1er-Octobre-on-se-mobilise-pour-gagner-des-avancees-Verso-1-724x1024.jpg\" alt=\"\" class=\"wp-image-5125\" srcset=\"http:\/\/www.ulcgt69villefranche.fr\/wp-content\/uploads\/2024\/09\/Le-1er-Octobre-on-se-mobilise-pour-gagner-des-avancees-Verso-1-724x1024.jpg 724w, http:\/\/www.ulcgt69villefranche.fr\/wp-content\/uploads\/2024\/09\/Le-1er-Octobre-on-se-mobilise-pour-gagner-des-avancees-Verso-1-212x300.jpg 212w, http:\/\/www.ulcgt69villefranche.fr\/wp-content\/uploads\/2024\/09\/Le-1er-Octobre-on-se-mobilise-pour-gagner-des-avancees-Verso-1-768x1086.jpg 768w, http:\/\/www.ulcgt69villefranche.fr\/wp-content\/uploads\/2024\/09\/Le-1er-Octobre-on-se-mobilise-pour-gagner-des-avancees-Verso-1-1086x1536.jpg 1086w, http:\/\/www.ulcgt69villefranche.fr\/wp-content\/uploads\/2024\/09\/Le-1er-Octobre-on-se-mobilise-pour-gagner-des-avancees-Verso-1.jpg 1142w\" sizes=\"(max-width: 724px) 100vw, 724px\" \/><\/a><\/figure>\n","protected":false},"excerpt":{"rendered":"<p>01 Octobre 2024 Nous avons \u00e9vit\u00e9 le pire; gagnons le meilleur ! Prenons les choses en main 17h00 place du Promenoir ( de la Lib\u00e9ration)<\/p>\n","protected":false},"author":7,"featured_media":0,"comment_status":"closed","ping_status":"closed","sticky":false,"template":"","format":"standard","meta":[],"categories":[1],"tags":[],"_links":{"self":[{"href":"http:\/\/www.ulcgt69villefranche.fr\/index.php?rest_route=\/wp\/v2\/posts\/5109"}],"collection":[{"href":"http:\/\/www.ulcgt69villefranche.fr\/index.php?rest_route=\/wp\/v2\/posts"}],"about":[{"href":"http:\/\/www.ulcgt69villefranche.fr\/index.php?rest_route=\/wp\/v2\/types\/post"}],"author":[{"embeddable":true,"href":"http:\/\/www.ulcgt69villefranche.fr\/index.php?rest_route=\/wp\/v2\/users\/7"}],"replies":[{"embeddable":true,"href":"http:\/\/www.ulcgt69villefranche.fr\/index.php?rest_route=%2Fwp%2Fv2%2Fcomments&post=5109"}],"version-history":[{"count":3,"href":"http:\/\/www.ulcgt69villefranche.fr\/index.php?rest_route=\/wp\/v2\/posts\/5109\/revisions"}],"predecessor-version":[{"id":5128,"href":"http:\/\/www.ulcgt69villefranche.fr\/index.php?rest_route=\/wp\/v2\/posts\/5109\/revisions\/5128"}],"wp:attachment":[{"href":"http:\/\/www.ulcgt69villefranche.fr\/index.php?rest_route=%2Fwp%2Fv2%2Fmedia&parent=5109"}],"wp:term":[{"taxonomy":"category","embeddable":true,"href":"http:\/\/www.ulcgt69villefranche.fr\/index.php?rest_route=%2Fwp%2Fv2%2Fcategories&post=5109"},{"taxonomy":"post_tag","embeddable":true,"href":"http:\/\/www.ulcgt69villefranche.fr\/index.php?rest_route=%2Fwp%2Fv2%2Ftags&post=5109"}],"curies":[{"name":"wp","href":"https:\/\/api.w.org\/{rel}","templated":true}]}}