{"id":5090,"date":"2024-09-05T15:13:36","date_gmt":"2024-09-05T13:13:36","guid":{"rendered":"http:\/\/www.ulcgt69villefranche.fr\/?p=5090"},"modified":"2024-09-05T15:13:37","modified_gmt":"2024-09-05T13:13:37","slug":"les-3-et-4-decembre-2024-congres-de-lunion-locale-cgt","status":"publish","type":"post","link":"http:\/\/www.ulcgt69villefranche.fr\/?p=5090","title":{"rendered":"Les 3 et 4 D\u00e9cembre 2024 Congr\u00e8s de l&rsquo;Union Locale CGT"},"content":{"rendered":"\n<h1><strong><em> <\/em><\/strong>3 et 4 D\u00e9cembre Congr\u00e8s de notre Union Locale Villefranche sur Sa\u00f4ne &#8211; Beaujolais &#8211; Val de Sa\u00f4ne<\/h1>\n\n\n\n<figure class=\"wp-block-image size-large\"><a href=\"http:\/\/www.ulcgt69villefranche.fr\/wp-content\/uploads\/2024\/09\/DSC_0001-scaled.jpg\"><img loading=\"lazy\" width=\"1024\" height=\"678\" src=\"http:\/\/www.ulcgt69villefranche.fr\/wp-content\/uploads\/2024\/09\/DSC_0001-1024x678.jpg\" alt=\"\" class=\"wp-image-5093\" srcset=\"http:\/\/www.ulcgt69villefranche.fr\/wp-content\/uploads\/2024\/09\/DSC_0001-1024x678.jpg 1024w, http:\/\/www.ulcgt69villefranche.fr\/wp-content\/uploads\/2024\/09\/DSC_0001-300x199.jpg 300w, http:\/\/www.ulcgt69villefranche.fr\/wp-content\/uploads\/2024\/09\/DSC_0001-768x509.jpg 768w, http:\/\/www.ulcgt69villefranche.fr\/wp-content\/uploads\/2024\/09\/DSC_0001-1536x1017.jpg 1536w, http:\/\/www.ulcgt69villefranche.fr\/wp-content\/uploads\/2024\/09\/DSC_0001-2048x1356.jpg 2048w\" sizes=\"(max-width: 1024px) 100vw, 1024px\" \/><\/a><figcaption>Congr\u00e8s de l&rsquo;Union Locale CGT du 25 et 26 Novembre 2021<\/figcaption><\/figure>\n\n\n\n<p><\/p>\n\n\n\n<p class=\"has-text-align-left\"><strong>Le Congr\u00e8s est un moment essentiel de la vie de notre organisation, il permet de r\u00e9pondre aux obligations statutaires mais aussi de tracer des perspectives pour d\u00e9finir notre strat\u00e9gie et notre d\u00e9marche syndicale pour les trois ann\u00e9es \u00e0 venir. Il nous offre \u00e9galement l\u2019opportunit\u00e9 de confronter nos contradictions, nos divergences et les difficult\u00e9s auxquelles nous sommes confront\u00e9s<\/strong>.<\/p>\n","protected":false},"excerpt":{"rendered":"<p>3 et 4 D\u00e9cembre Congr\u00e8s de notre Union Locale Villefranche sur Sa\u00f4ne &#8211; Beaujolais &#8211; Val de Sa\u00f4ne Le Congr\u00e8s est un moment essentiel de la vie de notre organisation, il permet de r\u00e9pondre aux obligations statutaires mais aussi de tracer des perspectives pour d\u00e9finir notre strat\u00e9gie et notre d\u00e9marche syndicale pour les trois ann\u00e9es [&hellip;]<\/p>\n","protected":false},"author":7,"featured_media":0,"comment_status":"closed","ping_status":"closed","sticky":false,"template":"","format":"standard","meta":[],"categories":[1],"tags":[],"_links":{"self":[{"href":"http:\/\/www.ulcgt69villefranche.fr\/index.php?rest_route=\/wp\/v2\/posts\/5090"}],"collection":[{"href":"http:\/\/www.ulcgt69villefranche.fr\/index.php?rest_route=\/wp\/v2\/posts"}],"about":[{"href":"http:\/\/www.ulcgt69villefranche.fr\/index.php?rest_route=\/wp\/v2\/types\/post"}],"author":[{"embeddable":true,"href":"http:\/\/www.ulcgt69villefranche.fr\/index.php?rest_route=\/wp\/v2\/users\/7"}],"replies":[{"embeddable":true,"href":"http:\/\/www.ulcgt69villefranche.fr\/index.php?rest_route=%2Fwp%2Fv2%2Fcomments&post=5090"}],"version-history":[{"count":3,"href":"http:\/\/www.ulcgt69villefranche.fr\/index.php?rest_route=\/wp\/v2\/posts\/5090\/revisions"}],"predecessor-version":[{"id":5094,"href":"http:\/\/www.ulcgt69villefranche.fr\/index.php?rest_route=\/wp\/v2\/posts\/5090\/revisions\/5094"}],"wp:attachment":[{"href":"http:\/\/www.ulcgt69villefranche.fr\/index.php?rest_route=%2Fwp%2Fv2%2Fmedia&parent=5090"}],"wp:term":[{"taxonomy":"category","embeddable":true,"href":"http:\/\/www.ulcgt69villefranche.fr\/index.php?rest_route=%2Fwp%2Fv2%2Fcategories&post=5090"},{"taxonomy":"post_tag","embeddable":true,"href":"http:\/\/www.ulcgt69villefranche.fr\/index.php?rest_route=%2Fwp%2Fv2%2Ftags&post=5090"}],"curies":[{"name":"wp","href":"https:\/\/api.w.org\/{rel}","templated":true}]}}