{"id":5061,"date":"2024-06-15T21:47:50","date_gmt":"2024-06-15T19:47:50","guid":{"rendered":"http:\/\/www.ulcgt69villefranche.fr\/?p=5061"},"modified":"2024-06-17T18:26:10","modified_gmt":"2024-06-17T16:26:10","slug":"22-juin-2024-manifestation-contre-lextreme-droite","status":"publish","type":"post","link":"http:\/\/www.ulcgt69villefranche.fr\/?p=5061","title":{"rendered":"20 Juin 2024 Manifestation contre l&rsquo;extr\u00eame droite"},"content":{"rendered":"\n<h1 class=\"has-text-align-center\"><strong><strong>Manifestation contre l&rsquo;extr\u00eame droite le <mark style=\"background-color:rgba(0, 0, 0, 0)\" class=\"has-inline-color has-vivid-cyan-blue-color\">Jeudi 20<\/mark> Juin \u00e0 <mark style=\"background-color:rgba(0, 0, 0, 0)\" class=\"has-inline-color has-vivid-cyan-blue-color\">17h00<\/mark> place du Promenoir (ou de la Lib\u00e9ration)<\/strong><\/strong><\/h1>\n\n\n<div class=\"wp-block-image\">\n<figure class=\"aligncenter size-large\"><a href=\"http:\/\/www.ulcgt69villefranche.fr\/wp-content\/uploads\/2024\/06\/Manifestation-jeudi-20-Juin.jpg\"><img loading=\"lazy\" width=\"656\" height=\"1024\" src=\"http:\/\/www.ulcgt69villefranche.fr\/wp-content\/uploads\/2024\/06\/Manifestation-jeudi-20-Juin-656x1024.jpg\" alt=\"\" class=\"wp-image-5068\" srcset=\"http:\/\/www.ulcgt69villefranche.fr\/wp-content\/uploads\/2024\/06\/Manifestation-jeudi-20-Juin-656x1024.jpg 656w, http:\/\/www.ulcgt69villefranche.fr\/wp-content\/uploads\/2024\/06\/Manifestation-jeudi-20-Juin-192x300.jpg 192w, http:\/\/www.ulcgt69villefranche.fr\/wp-content\/uploads\/2024\/06\/Manifestation-jeudi-20-Juin-768x1199.jpg 768w, http:\/\/www.ulcgt69villefranche.fr\/wp-content\/uploads\/2024\/06\/Manifestation-jeudi-20-Juin-984x1536.jpg 984w, http:\/\/www.ulcgt69villefranche.fr\/wp-content\/uploads\/2024\/06\/Manifestation-jeudi-20-Juin.jpg 1026w\" sizes=\"(max-width: 656px) 100vw, 656px\" \/><\/a><\/figure><\/div>\n\n<div class=\"wp-block-image\">\n<figure class=\"aligncenter size-large\"><a href=\"http:\/\/www.ulcgt69villefranche.fr\/wp-content\/uploads\/2024\/06\/Tract-Unite-avec-modalites-jeudi-20-Juin-Recto-2.jpg\"><img loading=\"lazy\" width=\"720\" height=\"1024\" src=\"http:\/\/www.ulcgt69villefranche.fr\/wp-content\/uploads\/2024\/06\/Tract-Unite-avec-modalites-jeudi-20-Juin-Recto-2-720x1024.jpg\" alt=\"\" class=\"wp-image-5074\" srcset=\"http:\/\/www.ulcgt69villefranche.fr\/wp-content\/uploads\/2024\/06\/Tract-Unite-avec-modalites-jeudi-20-Juin-Recto-2-720x1024.jpg 720w, http:\/\/www.ulcgt69villefranche.fr\/wp-content\/uploads\/2024\/06\/Tract-Unite-avec-modalites-jeudi-20-Juin-Recto-2-211x300.jpg 211w, http:\/\/www.ulcgt69villefranche.fr\/wp-content\/uploads\/2024\/06\/Tract-Unite-avec-modalites-jeudi-20-Juin-Recto-2-768x1092.jpg 768w, http:\/\/www.ulcgt69villefranche.fr\/wp-content\/uploads\/2024\/06\/Tract-Unite-avec-modalites-jeudi-20-Juin-Recto-2-1081x1536.jpg 1081w, http:\/\/www.ulcgt69villefranche.fr\/wp-content\/uploads\/2024\/06\/Tract-Unite-avec-modalites-jeudi-20-Juin-Recto-2.jpg 1234w\" sizes=\"(max-width: 720px) 100vw, 720px\" \/><\/a><\/figure><\/div>\n\n<div class=\"wp-block-image\">\n<figure class=\"aligncenter size-large\"><a href=\"http:\/\/www.ulcgt69villefranche.fr\/wp-content\/uploads\/2024\/06\/Tract-Unite-avec-modalites-jeudi-20-Juin-Verso-2.jpg\"><img loading=\"lazy\" width=\"724\" height=\"1024\" src=\"http:\/\/www.ulcgt69villefranche.fr\/wp-content\/uploads\/2024\/06\/Tract-Unite-avec-modalites-jeudi-20-Juin-Verso-2-724x1024.jpg\" alt=\"\" class=\"wp-image-5075\" srcset=\"http:\/\/www.ulcgt69villefranche.fr\/wp-content\/uploads\/2024\/06\/Tract-Unite-avec-modalites-jeudi-20-Juin-Verso-2-724x1024.jpg 724w, http:\/\/www.ulcgt69villefranche.fr\/wp-content\/uploads\/2024\/06\/Tract-Unite-avec-modalites-jeudi-20-Juin-Verso-2-212x300.jpg 212w, http:\/\/www.ulcgt69villefranche.fr\/wp-content\/uploads\/2024\/06\/Tract-Unite-avec-modalites-jeudi-20-Juin-Verso-2-768x1086.jpg 768w, http:\/\/www.ulcgt69villefranche.fr\/wp-content\/uploads\/2024\/06\/Tract-Unite-avec-modalites-jeudi-20-Juin-Verso-2-1086x1536.jpg 1086w, http:\/\/www.ulcgt69villefranche.fr\/wp-content\/uploads\/2024\/06\/Tract-Unite-avec-modalites-jeudi-20-Juin-Verso-2.jpg 1240w\" sizes=\"(max-width: 724px) 100vw, 724px\" \/><\/a><\/figure><\/div>","protected":false},"excerpt":{"rendered":"<p>Manifestation contre l&rsquo;extr\u00eame droite le Jeudi 20 Juin \u00e0 17h00 place du Promenoir (ou de la Lib\u00e9ration)<\/p>\n","protected":false},"author":7,"featured_media":0,"comment_status":"closed","ping_status":"closed","sticky":false,"template":"","format":"standard","meta":[],"categories":[1],"tags":[],"_links":{"self":[{"href":"http:\/\/www.ulcgt69villefranche.fr\/index.php?rest_route=\/wp\/v2\/posts\/5061"}],"collection":[{"href":"http:\/\/www.ulcgt69villefranche.fr\/index.php?rest_route=\/wp\/v2\/posts"}],"about":[{"href":"http:\/\/www.ulcgt69villefranche.fr\/index.php?rest_route=\/wp\/v2\/types\/post"}],"author":[{"embeddable":true,"href":"http:\/\/www.ulcgt69villefranche.fr\/index.php?rest_route=\/wp\/v2\/users\/7"}],"replies":[{"embeddable":true,"href":"http:\/\/www.ulcgt69villefranche.fr\/index.php?rest_route=%2Fwp%2Fv2%2Fcomments&post=5061"}],"version-history":[{"count":5,"href":"http:\/\/www.ulcgt69villefranche.fr\/index.php?rest_route=\/wp\/v2\/posts\/5061\/revisions"}],"predecessor-version":[{"id":5077,"href":"http:\/\/www.ulcgt69villefranche.fr\/index.php?rest_route=\/wp\/v2\/posts\/5061\/revisions\/5077"}],"wp:attachment":[{"href":"http:\/\/www.ulcgt69villefranche.fr\/index.php?rest_route=%2Fwp%2Fv2%2Fmedia&parent=5061"}],"wp:term":[{"taxonomy":"category","embeddable":true,"href":"http:\/\/www.ulcgt69villefranche.fr\/index.php?rest_route=%2Fwp%2Fv2%2Fcategories&post=5061"},{"taxonomy":"post_tag","embeddable":true,"href":"http:\/\/www.ulcgt69villefranche.fr\/index.php?rest_route=%2Fwp%2Fv2%2Ftags&post=5061"}],"curies":[{"name":"wp","href":"https:\/\/api.w.org\/{rel}","templated":true}]}}