{"id":5047,"date":"2024-06-13T16:16:28","date_gmt":"2024-06-13T14:16:28","guid":{"rendered":"http:\/\/www.ulcgt69villefranche.fr\/?p=5047"},"modified":"2024-06-13T16:16:30","modified_gmt":"2024-06-13T14:16:30","slug":"15-juin-2024-manifestation","status":"publish","type":"post","link":"http:\/\/www.ulcgt69villefranche.fr\/?p=5047","title":{"rendered":"15 Juin 2024 Manifestation"},"content":{"rendered":"\n<h1 class=\"has-text-align-center\"><strong>Manifestation contre l&rsquo;extr\u00eame droite le samedi 15 Juin \u00e0 10h00 place du Promenoir (ou de la Lib\u00e9ration)<\/strong><\/h1>\n\n\n<div class=\"wp-block-image\">\n<figure class=\"aligncenter size-large\"><a href=\"http:\/\/www.ulcgt69villefranche.fr\/wp-content\/uploads\/2024\/06\/Tract-Front-Populaire-rotated.jpg\"><img loading=\"lazy\" width=\"724\" height=\"1024\" src=\"http:\/\/www.ulcgt69villefranche.fr\/wp-content\/uploads\/2024\/06\/Tract-Front-Populaire-724x1024.jpg\" alt=\"\" class=\"wp-image-5048\" srcset=\"http:\/\/www.ulcgt69villefranche.fr\/wp-content\/uploads\/2024\/06\/Tract-Front-Populaire-724x1024.jpg 724w, http:\/\/www.ulcgt69villefranche.fr\/wp-content\/uploads\/2024\/06\/Tract-Front-Populaire-212x300.jpg 212w, http:\/\/www.ulcgt69villefranche.fr\/wp-content\/uploads\/2024\/06\/Tract-Front-Populaire-768x1086.jpg 768w, http:\/\/www.ulcgt69villefranche.fr\/wp-content\/uploads\/2024\/06\/Tract-Front-Populaire-1087x1536.jpg 1087w, http:\/\/www.ulcgt69villefranche.fr\/wp-content\/uploads\/2024\/06\/Tract-Front-Populaire-rotated.jpg 1240w\" sizes=\"(max-width: 724px) 100vw, 724px\" \/><\/a><figcaption><strong><a href=\"http:\/\/www.ulcgt69villefranche.fr\/wp-content\/uploads\/2024\/06\/Tract-Front-Populaire.pdf\" target=\"_blank\" rel=\"noreferrer noopener\">Tract contre l&rsquo;extr\u00eame droite<\/a><\/strong><\/figcaption><\/figure><\/div>\n\n<h2 style=\"text-align: center;\"><strong>Slogans pour le 15 juin<\/strong><\/h2>\n<h3>\u00a0<\/h3>\n<ul>\n<li>Pas d&rsquo;r\u00e9pit pour les racistes, action, action antifasciste !<\/li>\n<\/ul>\n<p>\u00a0<\/p>\n<ul>\n<li>\u00ab\u00a0Siamo tutti Antifascisti\u00a0\u00bb<\/li>\n<\/ul>\n<p>\u00a0<\/p>\n<ul>\n<li>On n&rsquo;oublie pas, on pardonne pas, l\u2019extr\u00eame droite ne passera pas.<\/li>\n<\/ul>\n<p>\u00a0<\/p>\n<ul>\n<li>Le fascisme c&rsquo;est la gangr\u00e8ne, on l&rsquo;\u00e9limine ou on en cr\u00e8ve<\/li>\n<\/ul>\n<p>\u00a0<\/p>\n<ul>\n<li>Pas de fachos dans nos quartiers, Pas de quartiers pour les fachos<\/li>\n<\/ul>\n<p>\u00a0<\/p>\n<ul>\n<li>P\u00e9tain revient, t&rsquo;as oubli\u00e9 tes chiens !<\/li>\n<\/ul>\n<p>\u00a0<\/p>\n<ul>\n<li>Contre le racisme, et la mis\u00e8re, la lutte sociale est n\u00e9cessaire<\/li>\n<\/ul>\n<p>\u00a0<\/p>\n<ul>\n<li>Travailleurs unis contre l&rsquo;extr\u00eame droite, tous ensemble on a les vaincra<\/li>\n<\/ul>\n<p>\u00a0<\/p>\n<ul>\n<li>La CGT contre le fascisme, debout debout pour l&rsquo;humanisme !<\/li>\n<\/ul>\n<p>\u00a0<\/p>\n<ul>\n<li>L&rsquo;extr\u00eame droite nous divise, la solidarit\u00e9 nous mobilise !<\/li>\n<\/ul>\n<p>\u00a0<\/p>\n<ul>\n<li>Derri\u00e8re le fascisme se cache le capital, la lutte antifasciste est internationale<\/li>\n<\/ul>\n<p>\u00a0<\/p>\n<ul>\n<li>Le fascisme, n&rsquo;est pas une option, Tous ensemble, nous le combattrons\u00a0!<\/li>\n<\/ul>\n<p>\u00a0<\/p>\n<p>\u00a0<\/p>\n\n\n<h2 class=\"has-text-align-center\"><a href=\"http:\/\/www.ulcgt69villefranche.fr\/wp-content\/uploads\/2024\/06\/DISCOURS.pdf\" target=\"_blank\" rel=\"noreferrer noopener\">DISCOURS<\/a><\/h2>\n\n\n\n<figure class=\"wp-block-image size-large\"><a href=\"http:\/\/www.ulcgt69villefranche.fr\/wp-content\/uploads\/2024\/06\/DISCOURS-Recto.jpg\"><img loading=\"lazy\" width=\"724\" height=\"1024\" src=\"http:\/\/www.ulcgt69villefranche.fr\/wp-content\/uploads\/2024\/06\/DISCOURS-Recto-724x1024.jpg\" alt=\"\" class=\"wp-image-5052\" srcset=\"http:\/\/www.ulcgt69villefranche.fr\/wp-content\/uploads\/2024\/06\/DISCOURS-Recto-724x1024.jpg 724w, http:\/\/www.ulcgt69villefranche.fr\/wp-content\/uploads\/2024\/06\/DISCOURS-Recto-212x300.jpg 212w, http:\/\/www.ulcgt69villefranche.fr\/wp-content\/uploads\/2024\/06\/DISCOURS-Recto-768x1086.jpg 768w, http:\/\/www.ulcgt69villefranche.fr\/wp-content\/uploads\/2024\/06\/DISCOURS-Recto-1087x1536.jpg 1087w, http:\/\/www.ulcgt69villefranche.fr\/wp-content\/uploads\/2024\/06\/DISCOURS-Recto.jpg 1240w\" sizes=\"(max-width: 724px) 100vw, 724px\" \/><\/a><\/figure>\n\n\n\n<figure class=\"wp-block-image size-large\"><a href=\"http:\/\/www.ulcgt69villefranche.fr\/wp-content\/uploads\/2024\/06\/DISCOURS-Verso.jpg\"><img loading=\"lazy\" width=\"724\" height=\"1024\" src=\"http:\/\/www.ulcgt69villefranche.fr\/wp-content\/uploads\/2024\/06\/DISCOURS-Verso-724x1024.jpg\" alt=\"\" class=\"wp-image-5053\" srcset=\"http:\/\/www.ulcgt69villefranche.fr\/wp-content\/uploads\/2024\/06\/DISCOURS-Verso-724x1024.jpg 724w, http:\/\/www.ulcgt69villefranche.fr\/wp-content\/uploads\/2024\/06\/DISCOURS-Verso-212x300.jpg 212w, http:\/\/www.ulcgt69villefranche.fr\/wp-content\/uploads\/2024\/06\/DISCOURS-Verso-768x1086.jpg 768w, http:\/\/www.ulcgt69villefranche.fr\/wp-content\/uploads\/2024\/06\/DISCOURS-Verso-1087x1536.jpg 1087w, http:\/\/www.ulcgt69villefranche.fr\/wp-content\/uploads\/2024\/06\/DISCOURS-Verso.jpg 1240w\" sizes=\"(max-width: 724px) 100vw, 724px\" \/><\/a><\/figure>\n","protected":false},"excerpt":{"rendered":"<p>Manifestation contre l&rsquo;extr\u00eame droite le samedi 15 Juin \u00e0 10h00 place du Promenoir (ou de la Lib\u00e9ration) Slogans pour le 15 juin \u00a0 Pas d&rsquo;r\u00e9pit pour les racistes, action, action antifasciste ! \u00a0 \u00ab\u00a0Siamo tutti Antifascisti\u00a0\u00bb \u00a0 On n&rsquo;oublie pas, on pardonne pas, l\u2019extr\u00eame droite ne passera pas. \u00a0 Le fascisme c&rsquo;est la gangr\u00e8ne, on [&hellip;]<\/p>\n","protected":false},"author":7,"featured_media":0,"comment_status":"closed","ping_status":"closed","sticky":false,"template":"","format":"standard","meta":[],"categories":[1],"tags":[],"_links":{"self":[{"href":"http:\/\/www.ulcgt69villefranche.fr\/index.php?rest_route=\/wp\/v2\/posts\/5047"}],"collection":[{"href":"http:\/\/www.ulcgt69villefranche.fr\/index.php?rest_route=\/wp\/v2\/posts"}],"about":[{"href":"http:\/\/www.ulcgt69villefranche.fr\/index.php?rest_route=\/wp\/v2\/types\/post"}],"author":[{"embeddable":true,"href":"http:\/\/www.ulcgt69villefranche.fr\/index.php?rest_route=\/wp\/v2\/users\/7"}],"replies":[{"embeddable":true,"href":"http:\/\/www.ulcgt69villefranche.fr\/index.php?rest_route=%2Fwp%2Fv2%2Fcomments&post=5047"}],"version-history":[{"count":2,"href":"http:\/\/www.ulcgt69villefranche.fr\/index.php?rest_route=\/wp\/v2\/posts\/5047\/revisions"}],"predecessor-version":[{"id":5054,"href":"http:\/\/www.ulcgt69villefranche.fr\/index.php?rest_route=\/wp\/v2\/posts\/5047\/revisions\/5054"}],"wp:attachment":[{"href":"http:\/\/www.ulcgt69villefranche.fr\/index.php?rest_route=%2Fwp%2Fv2%2Fmedia&parent=5047"}],"wp:term":[{"taxonomy":"category","embeddable":true,"href":"http:\/\/www.ulcgt69villefranche.fr\/index.php?rest_route=%2Fwp%2Fv2%2Fcategories&post=5047"},{"taxonomy":"post_tag","embeddable":true,"href":"http:\/\/www.ulcgt69villefranche.fr\/index.php?rest_route=%2Fwp%2Fv2%2Ftags&post=5047"}],"curies":[{"name":"wp","href":"https:\/\/api.w.org\/{rel}","templated":true}]}}