{"id":5042,"date":"2024-06-11T12:38:07","date_gmt":"2024-06-11T10:38:07","guid":{"rendered":"http:\/\/www.ulcgt69villefranche.fr\/?p=5042"},"modified":"2024-06-11T12:38:08","modified_gmt":"2024-06-11T10:38:08","slug":"11-juin-2024-apres-le-choc-des-europeennes-les-exigences-sociales-doivent-etre-entendues","status":"publish","type":"post","link":"http:\/\/www.ulcgt69villefranche.fr\/?p=5042","title":{"rendered":"11 Juin 2024 Apr\u00e8s le choc des europ\u00e9ennes les exigences sociales doivent \u00eatre entendues !"},"content":{"rendered":"\n<h1 class=\"has-text-align-center\"><strong>Apr\u00e8s le choc des europ\u00e9ennes les exigences sociales doivent \u00eatre entendues !<\/strong><\/h1>\n\n\n<p>[Appel intersyndical] L\u2019abstention et l\u2019extr\u00eame droite ont atteint un record lors des \u00e9lections europ\u00e9ennes de ce 9 juin. Cette tendance est \u00e0 l\u2019\u0153uvre dans toute l\u2019Europe mais la France est le pays dans lequel les listes d\u2019extr\u00eame droite font le score le plus \u00e9lev\u00e9.<\/p>\n<p>\u00a0<\/p>\n<p><a href=\"http:\/\/www.ulcgt69villefranche.fr\/wp-content\/uploads\/2024\/06\/Intersyndical.png\"><img loading=\"lazy\" class=\"wp-image-5044 aligncenter\" src=\"http:\/\/www.ulcgt69villefranche.fr\/wp-content\/uploads\/2024\/06\/Intersyndical-300x170.png\" alt=\"\" width=\"839\" height=\"476\" srcset=\"http:\/\/www.ulcgt69villefranche.fr\/wp-content\/uploads\/2024\/06\/Intersyndical-300x170.png 300w, http:\/\/www.ulcgt69villefranche.fr\/wp-content\/uploads\/2024\/06\/Intersyndical-1024x582.png 1024w, http:\/\/www.ulcgt69villefranche.fr\/wp-content\/uploads\/2024\/06\/Intersyndical-768x436.png 768w, http:\/\/www.ulcgt69villefranche.fr\/wp-content\/uploads\/2024\/06\/Intersyndical-1536x873.png 1536w, http:\/\/www.ulcgt69villefranche.fr\/wp-content\/uploads\/2024\/06\/Intersyndical.png 1936w\" sizes=\"(max-width: 839px) 100vw, 839px\" \/><\/a><\/p>\n<p>\u00a0<\/p>\n<h2><u>Appel commun CFDT &#8211; CGT &#8211; Unsa &#8211; FSU &#8211; Solidaires<\/u><\/h2>\n<h2>\u00a0<\/h2>\n<h2>Les organisations syndicales alertent depuis des ann\u00e9es sur la crise sociale et d\u00e9mocratique qui traverse notre pays.\u00a0<\/h2>\n<p>Une politique qui\u00a0<strong>tourne le dos au social et qui cr\u00e9e d\u00e9classement :<\/strong><\/p>\n<ul>\n<li>abandon de nos industries et de nos services publics,\u00a0<\/li>\n<li>le passage en force contre la mobilisation historique contre la r\u00e9forme des retraites,\u00a0<\/li>\n<li>l\u2019absence de perspectives de progr\u00e8s et la banalisation des th\u00e8ses racistes<\/li>\n<\/ul>\n<p>constituent le terreau sur lequel l\u2019extr\u00eame droite prosp\u00e8re. \u00a0<\/p>\n<p>En d\u00e9cidant de dissoudre l\u2019Assembl\u00e9e nationale, et d\u2019organiser des \u00e9lections l\u00e9gislatives en trois semaines, apr\u00e8s les premiers d\u00e9parts en vacances et \u00e0 la veille des Jeux Olympiques, le pr\u00e9sident de la R\u00e9publique prend une\u00a0<strong>lourde responsabilit\u00e9.<\/strong><\/p>\n<h3>Il faut un sursaut d\u00e9mocratique et social. \u00c0 d\u00e9faut, l\u2019extr\u00eame droite arrivera au pouvoir.\u00a0<\/h3>\n<p>Nous l\u2019avons vue \u00e0 l\u2019\u0153uvre dans l\u2019histoire et aujourd\u2019hui en Italie ou en Argentine par exemple :\u00a0<\/p>\n<ul>\n<li>aust\u00e9rit\u00e9 pour les salaires et les services publics,\u00a0<\/li>\n<li>r\u00e9formes constitutionnelles remettant en cause l\u2019ind\u00e9pendance de la justice et le r\u00f4le des syndicats,\u00a0<\/li>\n<li>attaques contre les droits des femmes et des personnes LGBTQIA+,\u00a0<\/li>\n<li>remise en cause du droit \u00e0 l\u2019IVG,\u00a0<\/li>\n<li>politiques racistes qui mettent en opposition les travailleuses et les travailleurs en fonction de leur religion, de leur couleur ou de leur nationalit\u00e9.\u00a0<\/li>\n<\/ul>\n<p>Nous connaissons ses votes en France comme en Europe,\u00a0<strong>ils sont toujours d\u00e9favorables aux travailleuses et aux travailleurs<\/strong>. \u00a0<\/p>\n<h3>Notre R\u00e9publique et notre d\u00e9mocratie sont en danger<\/h3>\n<p><strong>Il faut r\u00e9pondre \u00e0 l\u2019urgence sociale et environnementale et entendre les aspirations des travailleuses et des travailleurs et notamment :<\/strong><\/p>\n<ul>\n<li>Augmenter les\u00a0<strong>salaires<\/strong>\u00a0et les\u00a0<strong>pensions<\/strong>\u00a0;<\/li>\n<li><strong>Revenir sur la r\u00e9forme des retraites<\/strong>\u00a0et sur celles de l\u2019<strong>assurance ch\u00f4mage<\/strong>\u00a0;<\/li>\n<li><strong>D\u00e9fendre nos services publics<\/strong>\u00a0et en garantir l\u2019acc\u00e8s \u00e0 toutes et tous sans condition de nationalit\u00e9 et sur tout le territoire. Notre \u00e9cole, notre recherche, notre syst\u00e8me de sant\u00e9, de prise en charge de la d\u00e9pendance, notre syst\u00e8me de justice sont asphyxi\u00e9s et ont besoin d\u2019investissements massifs ;<\/li>\n<li><strong>Mettre fin \u00e0 la verticalit\u00e9<\/strong>\u00a0du pouvoir en commen\u00e7ant par restaurer la d\u00e9mocratie sociale \u00e0 tous les niveaux, entreprise, branche, territoire et interprofessionnel ;<\/li>\n<li><strong>Mettre en place des mesures de justice fiscale<\/strong>\u00a0et notamment taxer les super profits, dividendes et rachats d\u2019actions ;<\/li>\n<li>Instaurer enfin l<strong>\u2019\u00e9galit\u00e9 salariale<\/strong>\u00a0et \u00e9radiquer les violences sexistes et sexuelles ;<\/li>\n<li><strong>Instaurer le droit \u00e0 la r\u00e9gularisation pour tous les travailleurs et travailleuses \u00e9tranger\u00b7es\u00a0<\/strong>sur la base d\u2019un certificat de travail ;<\/li>\n<li><strong>Relocaliser et transformer notre industrie<\/strong>\u00a0pour r\u00e9pondre aux besoins sociaux en environnementaux en la prot\u00e9geant du dumping social, fiscal et environnemental ;<\/li>\n<li><strong>Cr\u00e9er de nouveaux droits\u00a0<\/strong>pour permettre aux travailleuses et aux travailleurs d\u2019<strong>anticiper les transformations environnementales<\/strong>\u00a0et de s\u00e9curiser leur emploi ;\u00a0<\/li>\n<\/ul>\n<h3>Dans l\u2019imm\u00e9diat, nous appelons le pr\u00e9sident de la R\u00e9publique \u00e0 la coh\u00e9rence<\/h3>\n<p>L\u2019Assembl\u00e9e nationale est dissoute,<strong>\u00a0les r\u00e9formes doivent donc \u00eatre interrompues<\/strong>\u00a0\u00e9tant donn\u00e9 qu\u2019il n\u2019y a plus aucun contr\u00f4le d\u00e9mocratique. Le gouvernement doit en particulier imm\u00e9diatement\u00a0<strong>renoncer \u00e0 sa r\u00e9forme de l&rsquo;assurance ch\u00f4mage<\/strong>.<\/p>\n<h2>Nous appelons \u00e0 manifester le plus largement possible ce week-end 15 et 16 juin pour porter la n\u00e9cessit\u00e9 d\u2019alternatives de progr\u00e8s pour le monde du travail.<\/h2>\n<p><a href=\"https:\/\/www.cgt.fr\/actualites\/france\/extreme-droite\/apres-le-choc-des-europeennes-les-exigences-sociales-doivent-etre-entendues\">Apr\u00e8s le choc des europ\u00e9ennes les exigences sociales doivent \u00eatre entendues ! | CGT<\/a><\/p>","protected":false},"excerpt":{"rendered":"<p>Apr\u00e8s le choc des europ\u00e9ennes les exigences sociales doivent \u00eatre entendues ! [Appel intersyndical] L\u2019abstention et l\u2019extr\u00eame droite ont atteint un record lors des \u00e9lections europ\u00e9ennes de ce 9 juin. Cette tendance est \u00e0 l\u2019\u0153uvre dans toute l\u2019Europe mais la France est le pays dans lequel les listes d\u2019extr\u00eame droite font le score le plus [&hellip;]<\/p>\n","protected":false},"author":7,"featured_media":0,"comment_status":"closed","ping_status":"closed","sticky":false,"template":"","format":"standard","meta":[],"categories":[1],"tags":[],"_links":{"self":[{"href":"http:\/\/www.ulcgt69villefranche.fr\/index.php?rest_route=\/wp\/v2\/posts\/5042"}],"collection":[{"href":"http:\/\/www.ulcgt69villefranche.fr\/index.php?rest_route=\/wp\/v2\/posts"}],"about":[{"href":"http:\/\/www.ulcgt69villefranche.fr\/index.php?rest_route=\/wp\/v2\/types\/post"}],"author":[{"embeddable":true,"href":"http:\/\/www.ulcgt69villefranche.fr\/index.php?rest_route=\/wp\/v2\/users\/7"}],"replies":[{"embeddable":true,"href":"http:\/\/www.ulcgt69villefranche.fr\/index.php?rest_route=%2Fwp%2Fv2%2Fcomments&post=5042"}],"version-history":[{"count":2,"href":"http:\/\/www.ulcgt69villefranche.fr\/index.php?rest_route=\/wp\/v2\/posts\/5042\/revisions"}],"predecessor-version":[{"id":5045,"href":"http:\/\/www.ulcgt69villefranche.fr\/index.php?rest_route=\/wp\/v2\/posts\/5042\/revisions\/5045"}],"wp:attachment":[{"href":"http:\/\/www.ulcgt69villefranche.fr\/index.php?rest_route=%2Fwp%2Fv2%2Fmedia&parent=5042"}],"wp:term":[{"taxonomy":"category","embeddable":true,"href":"http:\/\/www.ulcgt69villefranche.fr\/index.php?rest_route=%2Fwp%2Fv2%2Fcategories&post=5042"},{"taxonomy":"post_tag","embeddable":true,"href":"http:\/\/www.ulcgt69villefranche.fr\/index.php?rest_route=%2Fwp%2Fv2%2Ftags&post=5042"}],"curies":[{"name":"wp","href":"https:\/\/api.w.org\/{rel}","templated":true}]}}