{"id":5039,"date":"2024-06-10T12:44:08","date_gmt":"2024-06-10T10:44:08","guid":{"rendered":"http:\/\/www.ulcgt69villefranche.fr\/?p=5039"},"modified":"2024-06-10T12:44:09","modified_gmt":"2024-06-10T10:44:09","slug":"face-a-lextreme-droite-le-front-populaire","status":"publish","type":"post","link":"http:\/\/www.ulcgt69villefranche.fr\/?p=5039","title":{"rendered":"Face \u00e0 l&rsquo;extr\u00eame droite, le Front Populaire !"},"content":{"rendered":"\n<h1 class=\"has-text-align-center\">10 Juin 2024 <strong><em>Face \u00e0 l&rsquo;extr\u00eame droite, le Front Populaire !<\/em><\/strong><\/h1>\n\n\n<p>\u00a0<\/p>\n<p><br \/>Communiqu\u00e9 de presse<\/p>\n<p>Face \u00e0 l\u2019extr\u00eame droite, le front populaire !<\/p>\n<p>L\u2019abstention et l\u2019extr\u00eame droite ont atteint un record lors des \u00e9lections europ\u00e9ennes de ce 9 juin. Cette tendance est \u00e0 l\u2019\u0153uvre dans toute l\u2019Europe mais la France est le pays dans lequel les listes d\u2019extr\u00eame droite font le score le plus \u00e9lev\u00e9 et progressent le plus.<\/p>\n<p>C\u2019est avec une \u00e9norme col\u00e8re que la CGT accueille ces r\u00e9sultats alors qu\u2019elle alerte, en vain, depuis des ann\u00e9es. Emmanuel Macron en porte la premi\u00e8re responsabilit\u00e9. Il n\u2019a cess\u00e9 de banaliser le Rassemblement National, en reprenant ses th\u00e8ses, et m\u00e8ne avec le patronat une politique sociale violente qui accr\u00e9dite l\u2019id\u00e9e que la seule alternative serait l\u2019extr\u00eame droite.<\/p>\n<p>En d\u00e9cidant d\u2019organiser des \u00e9lections l\u00e9gislatives en trois semaines \u00e0 la veille des Jeux Olympiques et apr\u00e8s les premiers d\u00e9parts en vacances, le pr\u00e9sident de la R\u00e9publique joue, encore une fois, avec le feu, en faisant primer de petits calculs politiciens.<\/p>\n<p>Nous ne le laisserons pas faire. Ni recul social, ni banalisation du racisme et de la x\u00e9nophobie. Forte de son histoire, la CGT prend toutes ses responsabilit\u00e9s pour emp\u00eacher qu\u2019\u00e0 nouveau les travailleuses et les travailleurs ne soient enferm\u00e9s dans une fausse alternative entre l\u2019extr\u00eame droite et le n\u00e9olib\u00e9ralisme, dont les forces de l\u2019argent seraient les plus grandes gagnantes.<\/p>\n<p>Les r\u00e9sultats du 9 juin le d\u00e9montrent. Sans sursaut imm\u00e9diat, l\u2019extr\u00eame droite arrivera au pouvoir. Notre R\u00e9publique et notre d\u00e9mocratie sont en danger. Pour emp\u00eacher la catastrophe organis\u00e9e par Emmanuel Macron et Marine Le Pen d\u2019advenir, l\u2019unit\u00e9 de la gauche est indispensable. Pour battre l\u2019extr\u00eame droite, le monde du travail a besoin d\u2019espoir et de perspectives en rupture avec la politique d\u2019Emmanuel Macron. Il faut r\u00e9pondre \u00e0 l\u2019urgence sociale et environnementale, avec des propositions fortes pour augmenter les salaires et les pensions, d\u00e9fendre notre industrie et nos services publics et gagner le droit \u00e0 la retraite \u00e0 60 ans. Un d\u00e9bat en profondeur doit \u00eatre men\u00e9 pour que les le\u00e7ons soient vraiment tir\u00e9es pour b\u00e2tir une alternative durable.<\/p>\n<p>Quant au gouvernement, il doit imm\u00e9diatement renoncer \u00e0 sa r\u00e9forme de l&rsquo;assurance ch\u00f4mage et \u00e0 toutes les contre-r\u00e9formes en cours et notamment la r\u00e9forme de la fonction publique.<\/p>\n<p>La CGT appelle le monde du travail \u00e0 se syndiquer, \u00e0 s\u2019organiser, \u00e0 participer \u00e0 toutes les initiatives de mobilisation contre l\u2019extr\u00eame droite et contre la politique d\u2019Emmanuel Macron, en commen\u00e7ant par l&rsquo;appel des organisations de jeunesse \u00e0 se rassembler d\u00e8s ce lundi soir. La CGT appelle tous les travailleuses et travailleurs \u00e0 prendre d\u2019ores et d\u00e9j\u00e0 leurs dispositions pour pouvoir voter les 30 juin et 7 juillet prochains. Attach\u00e9e \u00e0 l\u2019unit\u00e9 des salari\u00e9s, la CGT \u00e9changera, ce soir, avec les autres organisations syndicales sur les possibilit\u00e9s d\u2019actions communes et examinera toute proposition d\u2019action unitaire.<\/p>\n<p>Montreuil, le 10 juin 2024<\/p>\n<p>\u00a0<\/p>\n<p>\u00a0<\/p>\n<p>\u00a0<\/p>\n<p>\u00a0<\/p>\n<p>\u00a0<\/p>\n<p>\u00a0<\/p>\n<p>\u00a0<\/p>\n<p>\u00a0<\/p>\n<p>\u00a0<\/p>\n<p>\u00a0<\/p>\n<p>\u00a0<\/p>\n<p>\u00a0<\/p>\n<p>\u00a0<\/p>\n<p>\u00a0<\/p>\n<p>\u00a0<\/p>\n<p>\u00a0<\/p>\n<p>\u00a0<\/p>\n<p>\u00a0<\/p>\n<p>\u00a0<\/p>\n<p>\u00a0<\/p>\n<p>\u00a0<\/p>\n<p>\u00a0<\/p>\n<p>\u00a0<\/p>\n<p>\u00a0<\/p>\n<p>\u00a0<\/p>\n<p>\u00a0<\/p>\n<p>\u00a0<\/p>\n<p>\u00a0<\/p>\n<p>\u00a0<\/p>\n<p>\u00a0<\/p>\n<p>\u00a0<\/p>\n<p>\u00a0<\/p>\n<p>\u00a0<\/p>\n<p>\u00a0<\/p>\n<p>\u00a0<\/p>\n<p>\u00a0<\/p>\n<p>\u00a0<\/p>\n<p>\u00a0<\/p>\n<p>\u00a0<\/p>\n<p>\u00a0<\/p>\n<p>\u00a0<\/p>\n<p>\u00a0<\/p>\n<p>\u00a0<\/p>\n<p>\u00a0<\/p>\n<p>\u00a0<\/p>\n<p>\u00a0<\/p>\n<p>\u00a0<\/p>\n<table>\n<tbody>\n<tr>\n<td width=\"74\">\u00a0<\/td>\n<\/tr>\n<tr>\n<td>\u00a0<\/td>\n<td>\u00a0<\/td>\n<\/tr>\n<\/tbody>\n<\/table>","protected":false},"excerpt":{"rendered":"<p>10 Juin 2024 Face \u00e0 l&rsquo;extr\u00eame droite, le Front Populaire ! \u00a0 Communiqu\u00e9 de presse Face \u00e0 l\u2019extr\u00eame droite, le front populaire ! L\u2019abstention et l\u2019extr\u00eame droite ont atteint un record lors des \u00e9lections europ\u00e9ennes de ce 9 juin. Cette tendance est \u00e0 l\u2019\u0153uvre dans toute l\u2019Europe mais la France est le pays dans lequel [&hellip;]<\/p>\n","protected":false},"author":7,"featured_media":0,"comment_status":"closed","ping_status":"closed","sticky":false,"template":"","format":"standard","meta":[],"categories":[1],"tags":[],"_links":{"self":[{"href":"http:\/\/www.ulcgt69villefranche.fr\/index.php?rest_route=\/wp\/v2\/posts\/5039"}],"collection":[{"href":"http:\/\/www.ulcgt69villefranche.fr\/index.php?rest_route=\/wp\/v2\/posts"}],"about":[{"href":"http:\/\/www.ulcgt69villefranche.fr\/index.php?rest_route=\/wp\/v2\/types\/post"}],"author":[{"embeddable":true,"href":"http:\/\/www.ulcgt69villefranche.fr\/index.php?rest_route=\/wp\/v2\/users\/7"}],"replies":[{"embeddable":true,"href":"http:\/\/www.ulcgt69villefranche.fr\/index.php?rest_route=%2Fwp%2Fv2%2Fcomments&post=5039"}],"version-history":[{"count":2,"href":"http:\/\/www.ulcgt69villefranche.fr\/index.php?rest_route=\/wp\/v2\/posts\/5039\/revisions"}],"predecessor-version":[{"id":5041,"href":"http:\/\/www.ulcgt69villefranche.fr\/index.php?rest_route=\/wp\/v2\/posts\/5039\/revisions\/5041"}],"wp:attachment":[{"href":"http:\/\/www.ulcgt69villefranche.fr\/index.php?rest_route=%2Fwp%2Fv2%2Fmedia&parent=5039"}],"wp:term":[{"taxonomy":"category","embeddable":true,"href":"http:\/\/www.ulcgt69villefranche.fr\/index.php?rest_route=%2Fwp%2Fv2%2Fcategories&post=5039"},{"taxonomy":"post_tag","embeddable":true,"href":"http:\/\/www.ulcgt69villefranche.fr\/index.php?rest_route=%2Fwp%2Fv2%2Ftags&post=5039"}],"curies":[{"name":"wp","href":"https:\/\/api.w.org\/{rel}","templated":true}]}}