{"id":5030,"date":"2024-06-05T06:55:53","date_gmt":"2024-06-05T04:55:53","guid":{"rendered":"http:\/\/www.ulcgt69villefranche.fr\/?p=5030"},"modified":"2024-06-06T12:16:15","modified_gmt":"2024-06-06T10:16:15","slug":"07-juin-2024-manifestation-stop-au-massacre-de-civils-a-rafah","status":"publish","type":"post","link":"http:\/\/www.ulcgt69villefranche.fr\/?p=5030","title":{"rendered":"07 Juin 2024 Manifestation Stop au massacre de civils \u00e0 Rafah"},"content":{"rendered":"\n<h1 class=\"has-text-align-center\">Stop au massacre de civils \u00e0 Rafah Manifestation vendredi 07 Juin 2024 18h Place de la Lib\u00e9ration (Promenoir)<\/h1>\n\n\n\n<p>Depuis plusieurs jours,&nbsp;<strong>l\u2019arm\u00e9e isra\u00e9lienne a encore franchi un cap<\/strong>&nbsp;en bombardant un camp de d\u00e9plac\u00e9s \u00e0 Rafah. Les Gazaouis, \u00e0 qui on avait impos\u00e9 un exil du nord au sud de la bande, sont maintenant directement vis\u00e9s, et ce plusieurs fois depuis le week-end dernier. Tout ceci, dans le silence d\u2019une partie de la communaut\u00e9 internationale.<\/p>\n\n\n\n<p>&nbsp;Pourtant,&nbsp;<strong>l\u2019Etat fran\u00e7ais refuse toujours la reconnaissance de la Palestine.<\/strong><\/p>\n\n\n\n<p class=\"has-text-align-center\"><strong>Le collectif Palestine Villefranche 69 organise une manifestation ce vendredi 7 juin \u00e0 18h place du promenoir.<\/strong><\/p>\n\n\n\n<p class=\"has-text-align-center\"><strong>Nous invitons tous nos militant-e-s \u00e0 participer \u00e0 cette\u00a0manifestation\u00a0pour dire STOP au massacre de civils \u00e0 Rafah!<\/strong><\/p>\n\n\n\n<p><strong><em>Les exigences de la CGT sont claires<\/em><\/strong>&nbsp;:<\/p>\n\n\n\n<p>\u00b7&nbsp;La cessation des crimes de guerre et des crimes contre l\u2019humanit\u00e9 tels que nomm\u00e9s par la Cour p\u00e9nale internationale ;<br>\u00b7&nbsp;Le respect du droit international humanitaire ;<br>\u00b7&nbsp;Le cessez-le-feu imm\u00e9diat et la lev\u00e9e du blocus de Gaza ;<br>\u00b7&nbsp;L\u2019arr\u00eat des bombardements et des d\u00e9placements forc\u00e9s de la population ;<br>\u00b7&nbsp;La protection du peuple Palestinien \u00e0 Gaza et en Cisjordanie ;<br>\u00b7&nbsp;La lib\u00e9ration des otages Isra\u00e9liens aux mains du Hamas ;<br>\u00b7&nbsp;La lib\u00e9ration des prisonniers palestiniens d\u00e9tenus par milliers sans jugement en Isra\u00ebl ;<br>\u00b7&nbsp;L\u2019arr\u00eat du commerce avec les colonies ill\u00e9galement implant\u00e9es en Palestine occup\u00e9e ;<br>\u00b7&nbsp;Des sanctions, dont la suspension de l&rsquo;accord d&rsquo;association entre l&rsquo;Union europ\u00e9enne et Isra\u00ebl ;<br>\u00b7&nbsp;L&rsquo;arr\u00eat imm\u00e9diat de toute coop\u00e9ration militaire avec Isra\u00ebl et de toute livraison d&rsquo;armes ;<br>\u00b7&nbsp;Une paix juste et durable entre Palestiniens et Isra\u00e9liens<\/p>\n\n\n\n<figure class=\"wp-container-2 wp-block-gallery-1 wp-block-gallery has-nested-images columns-default is-cropped\">\n<figure class=\"wp-block-image size-large\"><a href=\"http:\/\/www.ulcgt69villefranche.fr\/wp-content\/uploads\/2024\/06\/Manifestation-07062024.jpg\"><img loading=\"lazy\" width=\"727\" height=\"1024\" data-id=\"5033\"  src=\"http:\/\/www.ulcgt69villefranche.fr\/wp-content\/uploads\/2024\/06\/Manifestation-07062024-727x1024.jpg\" alt=\"\" class=\"wp-image-5033\" srcset=\"http:\/\/www.ulcgt69villefranche.fr\/wp-content\/uploads\/2024\/06\/Manifestation-07062024-727x1024.jpg 727w, http:\/\/www.ulcgt69villefranche.fr\/wp-content\/uploads\/2024\/06\/Manifestation-07062024-213x300.jpg 213w, http:\/\/www.ulcgt69villefranche.fr\/wp-content\/uploads\/2024\/06\/Manifestation-07062024.jpg 757w\" sizes=\"(max-width: 727px) 100vw, 727px\" \/><\/a><\/figure>\n<\/figure>\n\n\n\n<p><\/p>\n\n\n\n<p><\/p>\n\n\n\n<p class=\"has-text-align-center\"><a href=\"http:\/\/www.ulcgt69villefranche.fr\/wp-content\/uploads\/2024\/06\/Stop-au-massacre-de-civils-a-Rafah.pdf\" target=\"_blank\" rel=\"noreferrer noopener\">Stop au massacre de civils \u00e0 Rafah<\/a><\/p>\n","protected":false},"excerpt":{"rendered":"<p>Stop au massacre de civils \u00e0 Rafah Manifestation vendredi 07 Juin 2024 18h Place de la Lib\u00e9ration (Promenoir) Depuis plusieurs jours,&nbsp;l\u2019arm\u00e9e isra\u00e9lienne a encore franchi un cap&nbsp;en bombardant un camp de d\u00e9plac\u00e9s \u00e0 Rafah. Les Gazaouis, \u00e0 qui on avait impos\u00e9 un exil du nord au sud de la bande, sont maintenant directement vis\u00e9s, et [&hellip;]<\/p>\n","protected":false},"author":7,"featured_media":0,"comment_status":"closed","ping_status":"closed","sticky":false,"template":"","format":"standard","meta":[],"categories":[1],"tags":[],"_links":{"self":[{"href":"http:\/\/www.ulcgt69villefranche.fr\/index.php?rest_route=\/wp\/v2\/posts\/5030"}],"collection":[{"href":"http:\/\/www.ulcgt69villefranche.fr\/index.php?rest_route=\/wp\/v2\/posts"}],"about":[{"href":"http:\/\/www.ulcgt69villefranche.fr\/index.php?rest_route=\/wp\/v2\/types\/post"}],"author":[{"embeddable":true,"href":"http:\/\/www.ulcgt69villefranche.fr\/index.php?rest_route=\/wp\/v2\/users\/7"}],"replies":[{"embeddable":true,"href":"http:\/\/www.ulcgt69villefranche.fr\/index.php?rest_route=%2Fwp%2Fv2%2Fcomments&post=5030"}],"version-history":[{"count":5,"href":"http:\/\/www.ulcgt69villefranche.fr\/index.php?rest_route=\/wp\/v2\/posts\/5030\/revisions"}],"predecessor-version":[{"id":5038,"href":"http:\/\/www.ulcgt69villefranche.fr\/index.php?rest_route=\/wp\/v2\/posts\/5030\/revisions\/5038"}],"wp:attachment":[{"href":"http:\/\/www.ulcgt69villefranche.fr\/index.php?rest_route=%2Fwp%2Fv2%2Fmedia&parent=5030"}],"wp:term":[{"taxonomy":"category","embeddable":true,"href":"http:\/\/www.ulcgt69villefranche.fr\/index.php?rest_route=%2Fwp%2Fv2%2Fcategories&post=5030"},{"taxonomy":"post_tag","embeddable":true,"href":"http:\/\/www.ulcgt69villefranche.fr\/index.php?rest_route=%2Fwp%2Fv2%2Ftags&post=5030"}],"curies":[{"name":"wp","href":"https:\/\/api.w.org\/{rel}","templated":true}]}}