{"id":4974,"date":"2024-03-06T12:36:24","date_gmt":"2024-03-06T11:36:24","guid":{"rendered":"http:\/\/www.ulcgt69villefranche.fr\/?p=4974"},"modified":"2024-03-06T12:36:25","modified_gmt":"2024-03-06T11:36:25","slug":"08-mars-2024-journee-daction-de-sensibilisation-et-de-mobilisation-dediee-a-la-lutte-pour-les-droits-des-femmes-legalite-et-la-justice","status":"publish","type":"post","link":"http:\/\/www.ulcgt69villefranche.fr\/?p=4974","title":{"rendered":"08 Mars 2024 Journ\u00e9e d&rsquo;action, de sensibilisation et de mobilisation d\u00e9di\u00e9e \u00e0 la lutte pour les droits des femmes, l&rsquo;\u00e9galit\u00e9 et la justice"},"content":{"rendered":"\n<h1 class=\"has-text-align-center\">Rassemblement ce vendredi 08 Mars                      \u00e0 15h40 place des Arts<\/h1>\n\n\n\n<p class=\"has-text-align-center\"><strong>8 mars 2024 Journ\u00e9e internationale de lutte<\/strong><\/p>\n\n\n\n<p class=\"has-text-align-center\"><strong>pour les droits de la femme<\/strong><\/p>\n\n\n\n<p>A Villefranche&nbsp;,<\/p>\n\n\n\n<p>*Les in\u00e9galit\u00e9s de salaires entre les femmes et les hommes correspondent en moyenne \u00e0 pr\u00e8s de 3&nbsp;500\u20ac de perte de pouvoir d\u2019achat par an pour les femmes.<\/p>\n\n\n\n<p>*Le taux de temps partiels pour les femmes est de 26% et 8% pour les hommes.<\/p>\n\n\n\n<p>*Bas salaires + temps partiels aujourd\u2019hui vont faire des retraites de mis\u00e8re pour les femmes dans quelques ann\u00e9es.<\/p>\n\n\n\n<p>*En ce d\u00e9but d\u2019ann\u00e9e 2024 pr\u00e8s de 1800 femmes sont au ch\u00f4mage .<\/p>\n\n\n\n<p class=\"has-text-align-center\"><strong>Ce vendredi 8 mars \u00e0 Villefranche<\/strong><\/p>\n\n\n\n<p class=\"has-text-align-center\"><strong>&nbsp;Rendez-vous \u00e0 15h40 Place des Arts<\/strong><\/p>\n\n\n\n<p class=\"has-text-align-center\"><strong>Pour conqu\u00e9rir l\u2019\u00e9galit\u00e9 professionnelle&nbsp;:<\/strong><\/p>\n\n\n\n<p>&#8211;&nbsp;&nbsp;&nbsp;&nbsp;&nbsp;&nbsp;&nbsp;&nbsp;&nbsp;&nbsp;&nbsp;&nbsp;Un travail \u00e9gal pour un travail de valeur \u00e9gale.<\/p>\n\n\n\n<p>&#8211;&nbsp;&nbsp;&nbsp;&nbsp;&nbsp;&nbsp;&nbsp;&nbsp;&nbsp;&nbsp;&nbsp;&nbsp;La fin des temps partiels subis.<\/p>\n\n\n\n<p>&#8211;&nbsp;&nbsp;&nbsp;&nbsp;&nbsp;&nbsp;&nbsp;&nbsp;&nbsp;&nbsp;&nbsp;&nbsp;La fin de la discrimination salariale et un r\u00e9el d\u00e9roulement de carri\u00e8re.<\/p>\n\n\n\n<p>&#8211;&nbsp;&nbsp;&nbsp;&nbsp;&nbsp;&nbsp;&nbsp;&nbsp;&nbsp;&nbsp;&nbsp;&nbsp;Mettre un terme au sexisme et aux violences sexistes et sexuelles au travail et en dehors.<\/p>\n\n\n\n<p><strong>TOUTES et TOUS ENSEMBLE<\/strong><\/p>\n\n\n\n<p><strong>CE 8 MARS 2024<\/strong><\/p>\n","protected":false},"excerpt":{"rendered":"<p>Rassemblement ce vendredi 08 Mars \u00e0 15h40 place des Arts 8 mars 2024 Journ\u00e9e internationale de lutte pour les droits de la femme A Villefranche&nbsp;, *Les in\u00e9galit\u00e9s de salaires entre les femmes et les hommes correspondent en moyenne \u00e0 pr\u00e8s de 3&nbsp;500\u20ac de perte de pouvoir d\u2019achat par an pour les femmes. *Le taux de [&hellip;]<\/p>\n","protected":false},"author":7,"featured_media":0,"comment_status":"closed","ping_status":"closed","sticky":false,"template":"","format":"standard","meta":[],"categories":[1],"tags":[],"_links":{"self":[{"href":"http:\/\/www.ulcgt69villefranche.fr\/index.php?rest_route=\/wp\/v2\/posts\/4974"}],"collection":[{"href":"http:\/\/www.ulcgt69villefranche.fr\/index.php?rest_route=\/wp\/v2\/posts"}],"about":[{"href":"http:\/\/www.ulcgt69villefranche.fr\/index.php?rest_route=\/wp\/v2\/types\/post"}],"author":[{"embeddable":true,"href":"http:\/\/www.ulcgt69villefranche.fr\/index.php?rest_route=\/wp\/v2\/users\/7"}],"replies":[{"embeddable":true,"href":"http:\/\/www.ulcgt69villefranche.fr\/index.php?rest_route=%2Fwp%2Fv2%2Fcomments&post=4974"}],"version-history":[{"count":2,"href":"http:\/\/www.ulcgt69villefranche.fr\/index.php?rest_route=\/wp\/v2\/posts\/4974\/revisions"}],"predecessor-version":[{"id":4976,"href":"http:\/\/www.ulcgt69villefranche.fr\/index.php?rest_route=\/wp\/v2\/posts\/4974\/revisions\/4976"}],"wp:attachment":[{"href":"http:\/\/www.ulcgt69villefranche.fr\/index.php?rest_route=%2Fwp%2Fv2%2Fmedia&parent=4974"}],"wp:term":[{"taxonomy":"category","embeddable":true,"href":"http:\/\/www.ulcgt69villefranche.fr\/index.php?rest_route=%2Fwp%2Fv2%2Fcategories&post=4974"},{"taxonomy":"post_tag","embeddable":true,"href":"http:\/\/www.ulcgt69villefranche.fr\/index.php?rest_route=%2Fwp%2Fv2%2Ftags&post=4974"}],"curies":[{"name":"wp","href":"https:\/\/api.w.org\/{rel}","templated":true}]}}