{"id":4954,"date":"2024-01-08T16:39:24","date_gmt":"2024-01-08T15:39:24","guid":{"rendered":"http:\/\/www.ulcgt69villefranche.fr\/?p=4954"},"modified":"2024-01-08T16:39:24","modified_gmt":"2024-01-08T15:39:24","slug":"05-janvier-2024-voeux-de-sophie-binet","status":"publish","type":"post","link":"http:\/\/www.ulcgt69villefranche.fr\/?p=4954","title":{"rendered":"05 Janvier 2024 V\u0153ux de Sophie Binet"},"content":{"rendered":"\n<h1 class=\"has-text-align-center\">V\u0153ux de Sophie Binet, Secr\u00e9taire g\u00e9n\u00e9rale de la CGT, pour la nouvelle ann\u00e9e 2024<\/h1>\n\n\n\n<figure class=\"wp-container-2 wp-block-gallery-1 wp-block-gallery has-nested-images columns-default is-cropped\">\n<figure class=\"wp-block-image size-large\"><a href=\"http:\/\/www.ulcgt69villefranche.fr\/wp-content\/uploads\/2024\/01\/voeux2024-site.jpg\"><img loading=\"lazy\" width=\"1024\" height=\"582\" data-id=\"4956\"  src=\"http:\/\/www.ulcgt69villefranche.fr\/wp-content\/uploads\/2024\/01\/voeux2024-site-1024x582.jpg\" alt=\"\" class=\"wp-image-4956\" srcset=\"http:\/\/www.ulcgt69villefranche.fr\/wp-content\/uploads\/2024\/01\/voeux2024-site-1024x582.jpg 1024w, http:\/\/www.ulcgt69villefranche.fr\/wp-content\/uploads\/2024\/01\/voeux2024-site-300x170.jpg 300w, http:\/\/www.ulcgt69villefranche.fr\/wp-content\/uploads\/2024\/01\/voeux2024-site-768x436.jpg 768w, http:\/\/www.ulcgt69villefranche.fr\/wp-content\/uploads\/2024\/01\/voeux2024-site-1536x873.jpg 1536w, http:\/\/www.ulcgt69villefranche.fr\/wp-content\/uploads\/2024\/01\/voeux2024-site.jpg 1936w\" sizes=\"(max-width: 1024px) 100vw, 1024px\" \/><\/a><\/figure>\n<\/figure>\n\n\n\n<h2>En 2023, la mobilisation contre la r\u00e9forme des retraites a ramen\u00e9 le syndicalisme \u00e0 sa place l\u00e9gitime, redonnant la voix aux travailleurs<\/h2>\n\n\n\n<p>Si Macron a impos\u00e9 sa r\u00e9forme par la force, ignorant le parlement, la rue et l&rsquo;opinion, son mandat est maintenant entach\u00e9 d\u2019une grave faute politique et d\u00e9mocratique.<\/p>\n\n\n\n<h4>Pour d\u00e9tourner l\u2019attention des questions sociales, il suit d\u00e9sormais l\u2019agenda de l\u2019extr\u00eame droite.<\/h4>\n\n\n\n<p>Cette tendance s\u2019observe \u00e0 l\u2019\u00e9chelle de la plan\u00e8te o\u00f9 les conflits arm\u00e9s se multiplient, les budgets militaires explosent. Aussi, la CGT tient \u00e0 exprimer sa&nbsp;<strong>solidarit\u00e9 avec les peuples ukrainiens et Palestiniens actuellement sous les bombes<\/strong>.<\/p>\n\n\n\n<h3>Nous ne laisserons pas faire.<\/h3>\n\n\n\n<h4>Les mots libert\u00e9, \u00e9galit\u00e9 et fraternit\u00e9 ne sont pas l\u00e0 pour d\u00e9corer nos mairies.<\/h4>\n\n\n\n<p>La loi sur l\u2019immigration rompt avec les principes r\u00e9publicains, instaurant la pr\u00e9f\u00e9rence nationale et remettant en cause le droit du sol, stigmatisant les \u00e9trangers et occultant leur contribution essentielle.<\/p>\n\n\n\n<p>Les h\u00e9ros de la premi\u00e8re ligne pendant la pand\u00e9mie sont maintenant pr\u00e9sent\u00e9s comme des d\u00e9linquants, une injustice que la CGT refuse d\u2019accepter.&nbsp;La CGT combattra toujours le racisme et l\u2019antis\u00e9mitisme.<\/p>\n\n\n\n<h4>L\u2019ann\u00e9e 2024 sera donc celle de la r\u00e9sistance contre l\u2019extr\u00eame droite et le pouvoir de l\u2019argent.&nbsp;<\/h4>\n\n\n\n<p>Tout en polluant le plus, les plus riches bloquent toute transformation environnementale pour pr\u00e9server leurs privil\u00e8ges.<\/p>\n\n\n\n<h3>Ouvrir de nouvelles perspectives en s\u2019organisant<\/h3>\n\n\n\n<p>Alors que cette ann\u00e9e, le programme national de la r\u00e9sistance f\u00eate ses 80 ans, la CGT encourage \u00e0 s\u2019organiser pour r\u00e9pondre au d\u00e9fi environnemental et construire une soci\u00e9t\u00e9 plus juste.<\/p>\n\n\n\n<p>Des perspectives qui appellent \u00e0 s\u2019organiser avec la CGT pour reprendre le contr\u00f4le sur le travail et les conditions de vie.<\/p>\n\n\n\n<p>D\u2019Eurotunnel \u00e0 Onet en passant par Grand Frais, Vertbaudet, ST Microelectronics, la grand h\u00f4tel du Carlton\u2026Ces luttes ont permis de gagner des augmentations de salaires mais aussi et surtout de gagner la dignit\u00e9 et la solidarit\u00e9 sur nos lieux de travail.<\/p>\n\n\n\n<blockquote class=\"wp-block-quote\"><p>\u00ab Producteurs, sauvons-nous nous-m\u00eames \u00bb dit la chanson. En 2024, soufflons nous-m\u00eames notre forge, soyons tout.<\/p><\/blockquote>\n\n\n\n<h4>En 2024, la CGT souhaite une ann\u00e9e de paix, de justice, de solidarit\u00e9 et de lutte pour transformer le travail et atteindre un monde plus juste.<\/h4>\n\n\n\n<h3 class=\"has-text-align-left\"><a href=\"https:\/\/youtu.be\/ieTZxV538G4\" target=\"_blank\" rel=\"noreferrer noopener\">Les v\u0153ux de Sophie Binet<\/a><\/h3>\n","protected":false},"excerpt":{"rendered":"<p>V\u0153ux de Sophie Binet, Secr\u00e9taire g\u00e9n\u00e9rale de la CGT, pour la nouvelle ann\u00e9e 2024 En 2023, la mobilisation contre la r\u00e9forme des retraites a ramen\u00e9 le syndicalisme \u00e0 sa place l\u00e9gitime, redonnant la voix aux travailleurs Si Macron a impos\u00e9 sa r\u00e9forme par la force, ignorant le parlement, la rue et l&rsquo;opinion, son mandat est [&hellip;]<\/p>\n","protected":false},"author":7,"featured_media":0,"comment_status":"closed","ping_status":"closed","sticky":false,"template":"","format":"standard","meta":[],"categories":[1],"tags":[],"_links":{"self":[{"href":"http:\/\/www.ulcgt69villefranche.fr\/index.php?rest_route=\/wp\/v2\/posts\/4954"}],"collection":[{"href":"http:\/\/www.ulcgt69villefranche.fr\/index.php?rest_route=\/wp\/v2\/posts"}],"about":[{"href":"http:\/\/www.ulcgt69villefranche.fr\/index.php?rest_route=\/wp\/v2\/types\/post"}],"author":[{"embeddable":true,"href":"http:\/\/www.ulcgt69villefranche.fr\/index.php?rest_route=\/wp\/v2\/users\/7"}],"replies":[{"embeddable":true,"href":"http:\/\/www.ulcgt69villefranche.fr\/index.php?rest_route=%2Fwp%2Fv2%2Fcomments&post=4954"}],"version-history":[{"count":3,"href":"http:\/\/www.ulcgt69villefranche.fr\/index.php?rest_route=\/wp\/v2\/posts\/4954\/revisions"}],"predecessor-version":[{"id":4958,"href":"http:\/\/www.ulcgt69villefranche.fr\/index.php?rest_route=\/wp\/v2\/posts\/4954\/revisions\/4958"}],"wp:attachment":[{"href":"http:\/\/www.ulcgt69villefranche.fr\/index.php?rest_route=%2Fwp%2Fv2%2Fmedia&parent=4954"}],"wp:term":[{"taxonomy":"category","embeddable":true,"href":"http:\/\/www.ulcgt69villefranche.fr\/index.php?rest_route=%2Fwp%2Fv2%2Fcategories&post=4954"},{"taxonomy":"post_tag","embeddable":true,"href":"http:\/\/www.ulcgt69villefranche.fr\/index.php?rest_route=%2Fwp%2Fv2%2Ftags&post=4954"}],"curies":[{"name":"wp","href":"https:\/\/api.w.org\/{rel}","templated":true}]}}