{"id":4947,"date":"2023-11-21T20:05:11","date_gmt":"2023-11-21T19:05:11","guid":{"rendered":"http:\/\/www.ulcgt69villefranche.fr\/?p=4947"},"modified":"2023-11-21T20:05:11","modified_gmt":"2023-11-21T19:05:11","slug":"25-novembre-2023-mobilisation-pour-un-cessez-le-feu-a-gaza","status":"publish","type":"post","link":"http:\/\/www.ulcgt69villefranche.fr\/?p=4947","title":{"rendered":"25 Novembre 2023 Mobilisation pour un cessez-le-feu \u00e0 Gaza"},"content":{"rendered":"\n<h1 class=\"has-text-align-center\">Manifestation pour un cessez-le-feu \u00e0 Gaza le samedi 25 Novembre \u00e0 10h00 <strong>Place du Promenoir (Place de la Lib\u00e9ration)<\/strong><\/h1>\n\n\n\n<h2><\/h2>\n\n\n<div class=\"wp-block-image\">\n<figure class=\"aligncenter size-large\"><a href=\"http:\/\/www.ulcgt69villefranche.fr\/wp-content\/uploads\/2023\/11\/Cessez_le_feu_16-9.jpg\"><img loading=\"lazy\" width=\"1024\" height=\"576\" src=\"http:\/\/www.ulcgt69villefranche.fr\/wp-content\/uploads\/2023\/11\/Cessez_le_feu_16-9-1024x576.jpg\" alt=\"\" class=\"wp-image-4949\" srcset=\"http:\/\/www.ulcgt69villefranche.fr\/wp-content\/uploads\/2023\/11\/Cessez_le_feu_16-9-1024x576.jpg 1024w, http:\/\/www.ulcgt69villefranche.fr\/wp-content\/uploads\/2023\/11\/Cessez_le_feu_16-9-300x169.jpg 300w, http:\/\/www.ulcgt69villefranche.fr\/wp-content\/uploads\/2023\/11\/Cessez_le_feu_16-9-768x432.jpg 768w, http:\/\/www.ulcgt69villefranche.fr\/wp-content\/uploads\/2023\/11\/Cessez_le_feu_16-9-1536x864.jpg 1536w, http:\/\/www.ulcgt69villefranche.fr\/wp-content\/uploads\/2023\/11\/Cessez_le_feu_16-9.jpg 1920w\" sizes=\"(max-width: 1024px) 100vw, 1024px\" \/><\/a><\/figure><\/div>\n\n<div class=\"wp-block-image\">\n<figure class=\"aligncenter size-large\"><a href=\"http:\/\/www.ulcgt69villefranche.fr\/wp-content\/uploads\/2023\/11\/manif-du-25-novembre-2023.jpg\"><img loading=\"lazy\" width=\"725\" height=\"1024\" src=\"http:\/\/www.ulcgt69villefranche.fr\/wp-content\/uploads\/2023\/11\/manif-du-25-novembre-2023-725x1024.jpg\" alt=\"\" class=\"wp-image-4951\" srcset=\"http:\/\/www.ulcgt69villefranche.fr\/wp-content\/uploads\/2023\/11\/manif-du-25-novembre-2023-725x1024.jpg 725w, http:\/\/www.ulcgt69villefranche.fr\/wp-content\/uploads\/2023\/11\/manif-du-25-novembre-2023-212x300.jpg 212w, http:\/\/www.ulcgt69villefranche.fr\/wp-content\/uploads\/2023\/11\/manif-du-25-novembre-2023-768x1085.jpg 768w, http:\/\/www.ulcgt69villefranche.fr\/wp-content\/uploads\/2023\/11\/manif-du-25-novembre-2023-1087x1536.jpg 1087w, http:\/\/www.ulcgt69villefranche.fr\/wp-content\/uploads\/2023\/11\/manif-du-25-novembre-2023.jpg 1241w\" sizes=\"(max-width: 725px) 100vw, 725px\" \/><\/a><figcaption><strong><a href=\"http:\/\/www.ulcgt69villefranche.fr\/wp-content\/uploads\/2023\/11\/manif-du-25-novembre-2023.pdf\" target=\"_blank\" rel=\"noreferrer noopener\">Tract CGT manif du 25 novembre 2023<\/a><\/strong><\/figcaption><\/figure><\/div>","protected":false},"excerpt":{"rendered":"<p>Manifestation pour un cessez-le-feu \u00e0 Gaza le samedi 25 Novembre \u00e0 10h00 Place du Promenoir (Place de la Lib\u00e9ration)<\/p>\n","protected":false},"author":7,"featured_media":0,"comment_status":"closed","ping_status":"closed","sticky":false,"template":"","format":"standard","meta":[],"categories":[1],"tags":[],"_links":{"self":[{"href":"http:\/\/www.ulcgt69villefranche.fr\/index.php?rest_route=\/wp\/v2\/posts\/4947"}],"collection":[{"href":"http:\/\/www.ulcgt69villefranche.fr\/index.php?rest_route=\/wp\/v2\/posts"}],"about":[{"href":"http:\/\/www.ulcgt69villefranche.fr\/index.php?rest_route=\/wp\/v2\/types\/post"}],"author":[{"embeddable":true,"href":"http:\/\/www.ulcgt69villefranche.fr\/index.php?rest_route=\/wp\/v2\/users\/7"}],"replies":[{"embeddable":true,"href":"http:\/\/www.ulcgt69villefranche.fr\/index.php?rest_route=%2Fwp%2Fv2%2Fcomments&post=4947"}],"version-history":[{"count":3,"href":"http:\/\/www.ulcgt69villefranche.fr\/index.php?rest_route=\/wp\/v2\/posts\/4947\/revisions"}],"predecessor-version":[{"id":4953,"href":"http:\/\/www.ulcgt69villefranche.fr\/index.php?rest_route=\/wp\/v2\/posts\/4947\/revisions\/4953"}],"wp:attachment":[{"href":"http:\/\/www.ulcgt69villefranche.fr\/index.php?rest_route=%2Fwp%2Fv2%2Fmedia&parent=4947"}],"wp:term":[{"taxonomy":"category","embeddable":true,"href":"http:\/\/www.ulcgt69villefranche.fr\/index.php?rest_route=%2Fwp%2Fv2%2Fcategories&post=4947"},{"taxonomy":"post_tag","embeddable":true,"href":"http:\/\/www.ulcgt69villefranche.fr\/index.php?rest_route=%2Fwp%2Fv2%2Ftags&post=4947"}],"curies":[{"name":"wp","href":"https:\/\/api.w.org\/{rel}","templated":true}]}}