{"id":4941,"date":"2023-11-02T16:06:14","date_gmt":"2023-11-02T15:06:14","guid":{"rendered":"http:\/\/www.ulcgt69villefranche.fr\/?p=4941"},"modified":"2023-11-02T16:06:14","modified_gmt":"2023-11-02T15:06:14","slug":"4-novembre-2023-rassemblement-pour-un-cessez-le-feu-immediat-a-gaza","status":"publish","type":"post","link":"http:\/\/www.ulcgt69villefranche.fr\/?p=4941","title":{"rendered":"4 Novembre 2023 Rassemblement pour un cessez-le-feu imm\u00e9diat \u00e0 Gaza"},"content":{"rendered":"\n<h1 class=\"has-text-align-center\">Rassemblement pour un cessez-le-feu imm\u00e9diat \u00e0 Gaza<\/h1>\n\n\n\n<h2 class=\"has-text-align-center\"><strong>Bonjour camarade,<\/strong><\/h2>\n\n\n\n<h2 class=\"has-text-align-center\"><strong>Un rassemblement aura lieu ce samedi 4 novembre 2023 \u00e0 10 h place des arts. Pour un cessez-le-feu\u00a0imm\u00e9diat\u00a0\u00e0 Gaza.<\/strong><\/h2>\n\n\n\n<h2 class=\"has-text-align-center\"><strong>Ci-joint l&rsquo;appel national dont la Cgt est signataire.<\/strong><\/h2>\n\n\n\n<h2 class=\"has-text-align-center\"><strong>Merci de relayer un maximum.<\/strong>\u00a0<\/h2>\n\n\n\n<h2 class=\"has-text-align-center\"><strong>Fraternellement<\/strong><\/h2>\n\n\n<div class=\"wp-block-image\">\n<figure class=\"aligncenter size-large is-resized\"><a href=\"http:\/\/www.ulcgt69villefranche.fr\/wp-content\/uploads\/2023\/11\/CNPJDPI_-Appel-national-du-31_octobre-avec-signatures-Recto.jpg\"><img loading=\"lazy\" src=\"http:\/\/www.ulcgt69villefranche.fr\/wp-content\/uploads\/2023\/11\/CNPJDPI_-Appel-national-du-31_octobre-avec-signatures-Recto-724x1024.jpg\" alt=\"\" class=\"wp-image-4942\" width=\"724\" height=\"1024\" srcset=\"http:\/\/www.ulcgt69villefranche.fr\/wp-content\/uploads\/2023\/11\/CNPJDPI_-Appel-national-du-31_octobre-avec-signatures-Recto-724x1024.jpg 724w, http:\/\/www.ulcgt69villefranche.fr\/wp-content\/uploads\/2023\/11\/CNPJDPI_-Appel-national-du-31_octobre-avec-signatures-Recto-212x300.jpg 212w, http:\/\/www.ulcgt69villefranche.fr\/wp-content\/uploads\/2023\/11\/CNPJDPI_-Appel-national-du-31_octobre-avec-signatures-Recto-768x1086.jpg 768w, http:\/\/www.ulcgt69villefranche.fr\/wp-content\/uploads\/2023\/11\/CNPJDPI_-Appel-national-du-31_octobre-avec-signatures-Recto-1086x1536.jpg 1086w, http:\/\/www.ulcgt69villefranche.fr\/wp-content\/uploads\/2023\/11\/CNPJDPI_-Appel-national-du-31_octobre-avec-signatures-Recto.jpg 1240w\" sizes=\"(max-width: 724px) 100vw, 724px\" \/><\/a><figcaption><strong><a href=\"http:\/\/www.ulcgt69villefranche.fr\/wp-content\/uploads\/2023\/11\/CNPJDPI_-Appel-national-du-31_octobre-avec-signatures.pdf\" target=\"_blank\" rel=\"noreferrer noopener\">CNPJDPI_ Appel national du 31_octobre avec signatures<\/a><\/strong><\/figcaption><\/figure><\/div>\n\n<div class=\"wp-block-image\">\n<figure class=\"aligncenter size-large\"><a href=\"http:\/\/www.ulcgt69villefranche.fr\/wp-content\/uploads\/2023\/11\/CNPJDPI_-Appel-national-du-31_octobre-avec-signatures-Verso.jpg\"><img loading=\"lazy\" width=\"724\" height=\"1024\" src=\"http:\/\/www.ulcgt69villefranche.fr\/wp-content\/uploads\/2023\/11\/CNPJDPI_-Appel-national-du-31_octobre-avec-signatures-Verso-724x1024.jpg\" alt=\"\" class=\"wp-image-4944\" srcset=\"http:\/\/www.ulcgt69villefranche.fr\/wp-content\/uploads\/2023\/11\/CNPJDPI_-Appel-national-du-31_octobre-avec-signatures-Verso-724x1024.jpg 724w, http:\/\/www.ulcgt69villefranche.fr\/wp-content\/uploads\/2023\/11\/CNPJDPI_-Appel-national-du-31_octobre-avec-signatures-Verso-212x300.jpg 212w, http:\/\/www.ulcgt69villefranche.fr\/wp-content\/uploads\/2023\/11\/CNPJDPI_-Appel-national-du-31_octobre-avec-signatures-Verso-768x1086.jpg 768w, http:\/\/www.ulcgt69villefranche.fr\/wp-content\/uploads\/2023\/11\/CNPJDPI_-Appel-national-du-31_octobre-avec-signatures-Verso-1086x1536.jpg 1086w, http:\/\/www.ulcgt69villefranche.fr\/wp-content\/uploads\/2023\/11\/CNPJDPI_-Appel-national-du-31_octobre-avec-signatures-Verso.jpg 1240w\" sizes=\"(max-width: 724px) 100vw, 724px\" \/><\/a><\/figure><\/div>","protected":false},"excerpt":{"rendered":"<p>Rassemblement pour un cessez-le-feu imm\u00e9diat \u00e0 Gaza Bonjour camarade, Un rassemblement aura lieu ce samedi 4 novembre 2023 \u00e0 10 h place des arts. Pour un cessez-le-feu\u00a0imm\u00e9diat\u00a0\u00e0 Gaza. Ci-joint l&rsquo;appel national dont la Cgt est signataire. Merci de relayer un maximum.\u00a0 Fraternellement<\/p>\n","protected":false},"author":7,"featured_media":0,"comment_status":"closed","ping_status":"closed","sticky":false,"template":"","format":"standard","meta":[],"categories":[1],"tags":[],"_links":{"self":[{"href":"http:\/\/www.ulcgt69villefranche.fr\/index.php?rest_route=\/wp\/v2\/posts\/4941"}],"collection":[{"href":"http:\/\/www.ulcgt69villefranche.fr\/index.php?rest_route=\/wp\/v2\/posts"}],"about":[{"href":"http:\/\/www.ulcgt69villefranche.fr\/index.php?rest_route=\/wp\/v2\/types\/post"}],"author":[{"embeddable":true,"href":"http:\/\/www.ulcgt69villefranche.fr\/index.php?rest_route=\/wp\/v2\/users\/7"}],"replies":[{"embeddable":true,"href":"http:\/\/www.ulcgt69villefranche.fr\/index.php?rest_route=%2Fwp%2Fv2%2Fcomments&post=4941"}],"version-history":[{"count":1,"href":"http:\/\/www.ulcgt69villefranche.fr\/index.php?rest_route=\/wp\/v2\/posts\/4941\/revisions"}],"predecessor-version":[{"id":4945,"href":"http:\/\/www.ulcgt69villefranche.fr\/index.php?rest_route=\/wp\/v2\/posts\/4941\/revisions\/4945"}],"wp:attachment":[{"href":"http:\/\/www.ulcgt69villefranche.fr\/index.php?rest_route=%2Fwp%2Fv2%2Fmedia&parent=4941"}],"wp:term":[{"taxonomy":"category","embeddable":true,"href":"http:\/\/www.ulcgt69villefranche.fr\/index.php?rest_route=%2Fwp%2Fv2%2Fcategories&post=4941"},{"taxonomy":"post_tag","embeddable":true,"href":"http:\/\/www.ulcgt69villefranche.fr\/index.php?rest_route=%2Fwp%2Fv2%2Ftags&post=4941"}],"curies":[{"name":"wp","href":"https:\/\/api.w.org\/{rel}","templated":true}]}}